{"id":240175,"date":"2025-12-01T07:40:12","date_gmt":"2025-12-01T07:40:12","guid":{"rendered":"https:\/\/www.europesays.com\/it\/240175\/"},"modified":"2025-12-01T07:40:12","modified_gmt":"2025-12-01T07:40:12","slug":"fabio-caressa-e-benedetta-parodi-il-primo-incontro-i-voti-rinnovati-alle-maldive-6-segreti","status":"publish","type":"post","link":"https:\/\/www.europesays.com\/it\/240175\/","title":{"rendered":"Fabio Caressa e Benedetta Parodi: il primo incontro, i voti rinnovati alle Maldive, 6 segreti"},"content":{"rendered":"<p class=\"chapter-paragraph\">Coppia nella vita, marito e moglie da 26 anni. Fabio Caressa e Benedetta Parodi saranno &#8211; insieme &#8211; al timone di un nuovo dating show in arrivo su\u00a0Netflix dal 1\u00b0 dicembre (con i primi quattro episodi): L&#8217;amore \u00e8 cieco: Italia. Adattamento nostrano del format\u00a0Love Is Blind vede protagonista un gruppo di single che, volendo essere amati per quello che sono, avranno l&#8217;opportunit\u00e0 di\u00a0cercare l&#8217;anima gemella senza le distrazioni del mondo esterno: si chiuderanno in capsule e potranno soltanto comunicare tra loro, non potranno vedersi. Dopo la scelta al buio &#8211; con tanto di proposta di matrimonio &#8211; le coppie avranno la possibilit\u00e0 di approfondire la loro conoscenza nella normale routine quotidiana. Come andr\u00e0 a finire lo si scoprir\u00e0 puntata dopo puntata: l&#8217;8 dicembre arriveranno gli episodi 5-8, il 15 dicembre sar\u00e0 reso disponibile l&#8217;episodio 9, mentre il 19 sar\u00e0 la volta della reunion post-programma.<\/p>\n","protected":false},"excerpt":{"rendered":"Coppia nella vita, marito e moglie da 26 anni. Fabio Caressa e Benedetta Parodi saranno &#8211; insieme &#8211;&hellip;\n","protected":false},"author":3,"featured_media":240176,"comment_status":"","ping_status":"","sticky":false,"template":"","format":"standard","meta":{"footnotes":"","_share_on_mastodon":"0"},"categories":[1451],"tags":[87,120223,140977,2873,12387,30421,30424,141847,141848,1621,1620,120225,140978,2235,6758,4864,1888,14839,8250,23514,203,1230,15504,30425,141849,2731,30686,204,1537,90,89,48342,12325,8866,3166,29764,8069,3277,1398,8202,14608,141850,1699,79701,2936,1567],"class_list":["post-240175","post","type-post","status-publish","format-standard","has-post-thumbnail","category-celebrita","tag-amore","tag-amore-cieco","tag-amore-cieco-italia","tag-bello","tag-benedetta","tag-benedetta-parodi","tag-caressa","tag-caressa-benedetta","tag-caressa-benedetta-parodi","tag-celebrita","tag-celebrities","tag-cieco","tag-cieco-italia","tag-coppia","tag-coppie","tag-corriere","tag-dicembre","tag-diceva","tag-diego","tag-eleonora","tag-entertainment","tag-episodi","tag-fabio","tag-fabio-caressa","tag-fabio-caressa-benedetta","tag-figli","tag-indipendenti","tag-intrattenimento","tag-it","tag-italia","tag-italy","tag-maldive","tag-matilde","tag-matrimonio","tag-netflix","tag-parodi","tag-potranno","tag-problemi","tag-proposta","tag-puntata","tag-raccontava","tag-raccontava-parodi","tag-ragazzi","tag-rinnovato","tag-show","tag-storia"],"share_on_mastodon":{"url":"","error":"Validation failed: Text character limit of 500 exceeded"},"_links":{"self":[{"href":"https:\/\/www.europesays.com\/it\/wp-json\/wp\/v2\/posts\/240175","targetHints":{"allow":["GET"]}}],"collection":[{"href":"https:\/\/www.europesays.com\/it\/wp-json\/wp\/v2\/posts"}],"about":[{"href":"https:\/\/www.europesays.com\/it\/wp-json\/wp\/v2\/types\/post"}],"author":[{"embeddable":true,"href":"https:\/\/www.europesays.com\/it\/wp-json\/wp\/v2\/users\/3"}],"replies":[{"embeddable":true,"href":"https:\/\/www.europesays.com\/it\/wp-json\/wp\/v2\/comments?post=240175"}],"version-history":[{"count":0,"href":"https:\/\/www.europesays.com\/it\/wp-json\/wp\/v2\/posts\/240175\/revisions"}],"wp:featuredmedia":[{"embeddable":true,"href":"https:\/\/www.europesays.com\/it\/wp-json\/wp\/v2\/media\/240176"}],"wp:attachment":[{"href":"https:\/\/www.europesays.com\/it\/wp-json\/wp\/v2\/media?parent=240175"}],"wp:term":[{"taxonomy":"category","embeddable":true,"href":"https:\/\/www.europesays.com\/it\/wp-json\/wp\/v2\/categories?post=240175"},{"taxonomy":"post_tag","embeddable":true,"href":"https:\/\/www.europesays.com\/it\/wp-json\/wp\/v2\/tags?post=240175"}],"curies":[{"name":"wp","href":"https:\/\/api.w.org\/{rel}","templated":true}]}}