{"id":240177,"date":"2025-12-01T07:41:37","date_gmt":"2025-12-01T07:41:37","guid":{"rendered":"https:\/\/www.europesays.com\/it\/240177\/"},"modified":"2025-12-01T07:41:37","modified_gmt":"2025-12-01T07:41:37","slug":"francesco-capello-che-spettacolo-giornale-la-voce","status":"publish","type":"post","link":"https:\/\/www.europesays.com\/it\/240177\/","title":{"rendered":"Francesco Capello: che spettacolo! &#8211; Giornale La Voce"},"content":{"rendered":"<p align=\"justify\">Domenica 30 novembre \u00e8 stata inaugurata la <strong>mostra personale del Maestro Francesco Capello<\/strong> all\u2019interno della bellissima <strong>Quintana del Cedro<\/strong>, nei locali della <strong>\u201cCaffetteria Il Cedro\u201d di Laura De Marco <\/strong>(Via Torino 39).<\/p>\n<p align=\"justify\">Un vero spettacolo poter ammirare le opere di questo <strong>pittore di fama internazionale<\/strong> a Chivasso. Un grande artista, ma molto disponibile e alla mano, come solo i \u201cgrandi\u201d sanno essere.<\/p>\n<p align=\"justify\">Questa \u00e8 <strong>una mostra di cui <a href=\"https:\/\/www.instagram.com\/prisma_laboratorio_artistico\/\" rel=\"nofollow noopener\" target=\"_blank\">Prisma Laboratorio Artistico<\/a> va fierissima<\/strong>, un vero e proprio fiore all\u2019occhiello per la sua iniziativa culturale \u201cPercorsi\u201d. &#8220;<strong>Cerchiamo sempre di far esporre artisti di cui \u2018ci innamoriamo\u2019, le cui opere ci riempiono gli occhi di bellezza, e Francesco \u00e8 semplicemente meraviglioso!<\/strong> Per noi \u00e8 un onore aver potuto organizzare questa personale, cos\u00ec come \u00e8 un onore la sua amicizia\u201d\u00a0hanno affermato entusiasti gli organizzatori. <strong>Felicissimi anche di poter mostrare al pubblico i bellissimi libri realizzati a mano da Carlo Cena, un artigiano del libro dalle mani d\u2019oro.<\/strong> \u201cDei piccoli capolavori, un made in Italy di altissima qualit\u00e0, aventi in copertina le immagini delle opere di Capello. Questa esposizione \u00e8 un\u2019occasione per unire due splendide arti\u201d hanno spiegato da <a href=\"https:\/\/www.facebook.com\/prismalaboratorioartistico\" rel=\"nofollow noopener\" target=\"_blank\">Prisma<\/a>.<\/p>\n<p align=\"justify\">Grande successo di pubblico durante l\u2019inaugurazione e immancabili i discorsi di rito. A iniziarli il Vice-Sindaco di Chivasso, <strong>Pasquale Centin<\/strong>, che ha esternato tutta la sua ammirazione per Capello e ha espresso il desiderio di poter organizzare una importante personale in suo onore a Palazzo Einaudi. Un tributo meritatissimo per un \u201cgrande\u201d dell\u2019arte. Questo pensiero \u00e8 stato condiviso all\u2019unisono da tutti i presenti al vernissage, ovviamente. Tanti complimenti rivolti anche a Carlo Cena per i suoi bellissimi lavori.<\/p>\n<p align=\"justify\">Hanno successivamente preso la parola l\u2019Assessore al Commercio <strong>Chiara Casalino<\/strong>, i Consiglieri <strong>Clara Marta<\/strong> e <strong>Bruno Prest\u00eca<\/strong>, e il Presidente Ascom Chivasso <strong>Carlo Nicosia<\/strong>. Si sono complimentati con i due artisti e hanno sottolineato l\u2019importanza della cultura, dell\u2019educazione al \u201cbello\u201d e della sinergia tra arte e commercio per ravvivare la citt\u00e0.<\/p>\n<p align=\"justify\">Sono intervenuti anche il Consigliere <strong>Giovanni Scinica<\/strong> e il Sindaco di San Sebastiano<strong> Giuseppe Bava<\/strong>.<\/p>\n<p align=\"justify\">Presenti, poi, numerosissimi colleghi pittori e membri di diverse Associazioni cittadine artistiche e non. Tutti l\u00ec, insieme, per brindare in allegria in onore del Maestro.<\/p>\n<p align=\"justify\"><strong>Le opere di Capello resteranno esposte fino al 30 gennaio 2026 e sar\u00e0 possibile ammirarle durante gli orari di apertura del locale. <\/strong><\/p>\n<p align=\"justify\">Un\u2019occasione per immergersi nel \u201cbello\u201d, quello vero.<\/p>\n<p align=\"justify\"><img loading=\"lazy\" decoding=\"async\" src=\"https:\/\/www.europesays.com\/it\/wp-content\/uploads\/2025\/12\/20251130_161058-1764536770619.jpg\" alt=\"\" width=\"690\" height=\"532\"\/><\/p>\n<p align=\"justify\"><img loading=\"lazy\" decoding=\"async\" src=\"https:\/\/www.europesays.com\/it\/wp-content\/uploads\/2025\/12\/20251130_161147(0)-1764536791673.jpg\" alt=\"\" width=\"690\" height=\"522\"\/><\/p>\n<p align=\"justify\"><img loading=\"lazy\" decoding=\"async\" src=\"https:\/\/www.europesays.com\/it\/wp-content\/uploads\/2025\/12\/20251130_162800-1764536819534.jpg\" alt=\"\" width=\"688\" height=\"614\"\/><\/p>\n<p align=\"justify\"><img loading=\"lazy\" decoding=\"async\" src=\"https:\/\/www.europesays.com\/it\/wp-content\/uploads\/2025\/12\/20251130_162903-1764536846868.jpg\" alt=\"\" width=\"687\" height=\"538\"\/><\/p>\n<p align=\"justify\"><img loading=\"lazy\" decoding=\"async\" src=\"https:\/\/www.europesays.com\/it\/wp-content\/uploads\/2025\/12\/20251130_163059(0)-1764536870572.jpg\" alt=\"\" width=\"687\" height=\"636\"\/><\/p>\n<p align=\"justify\"><img loading=\"lazy\" decoding=\"async\" src=\"https:\/\/www.europesays.com\/it\/wp-content\/uploads\/2025\/12\/20251130_164456-1764536893131.jpg\" alt=\"\" width=\"686\" height=\"695\"\/><\/p>\n<p align=\"justify\"><img loading=\"lazy\" decoding=\"async\" src=\"https:\/\/www.europesays.com\/it\/wp-content\/uploads\/2025\/12\/20251130_164951-1764536912205.jpg\" alt=\"\" width=\"685\" height=\"561\"\/><\/p>\n<p align=\"justify\"><img loading=\"lazy\" decoding=\"async\" src=\"https:\/\/www.europesays.com\/it\/wp-content\/uploads\/2025\/12\/20251130_171307-1764536974716.jpg\" alt=\"\" width=\"684\" height=\"490\"\/><\/p>\n<p align=\"justify\"><img loading=\"lazy\" decoding=\"async\" src=\"https:\/\/www.europesays.com\/it\/wp-content\/uploads\/2025\/12\/20251130_171334-1764536996028.jpg\" alt=\"\" width=\"683\" height=\"476\"\/><\/p>\n<p align=\"justify\"><img loading=\"lazy\" decoding=\"async\" src=\"https:\/\/www.europesays.com\/it\/wp-content\/uploads\/2025\/12\/20251130_171819-1764537022408.jpg\" alt=\"\" width=\"680\" height=\"850\"\/><\/p>\n<p align=\"justify\"><img loading=\"lazy\" decoding=\"async\" src=\"https:\/\/www.europesays.com\/it\/wp-content\/uploads\/2025\/12\/20251130_175948-1764537048217.jpg\" alt=\"\" width=\"680\" height=\"587\"\/><\/p>\n<p align=\"justify\"><img loading=\"lazy\" decoding=\"async\" src=\"https:\/\/www.europesays.com\/it\/wp-content\/uploads\/2025\/12\/20251130_180321-1764537080132.jpg\" alt=\"\" width=\"679\" height=\"528\"\/><\/p>\n<p align=\"justify\"><img loading=\"lazy\" decoding=\"async\" src=\"https:\/\/www.europesays.com\/it\/wp-content\/uploads\/2025\/12\/IMG-20251130-WA0037-1764537104416.jpg\" alt=\"\" width=\"678\" height=\"474\"\/><\/p>\n<p align=\"justify\"><img loading=\"lazy\" decoding=\"async\" src=\"https:\/\/www.europesays.com\/it\/wp-content\/uploads\/2025\/12\/IMG-20251130-WA0113-1764537131838.jpg\" alt=\"\" width=\"678\" height=\"597\"\/><\/p>\n<p align=\"justify\"><img loading=\"lazy\" decoding=\"async\" src=\"https:\/\/www.europesays.com\/it\/wp-content\/uploads\/2025\/12\/IMG-20251130-WA0128-1764537155473.jpg\" alt=\"\" width=\"677\" height=\"684\"\/><\/p>\n<p align=\"justify\"><img loading=\"lazy\" decoding=\"async\" src=\"https:\/\/www.europesays.com\/it\/wp-content\/uploads\/2025\/12\/IMG-20251130-WA0187-1764537191972.jpg\" alt=\"\" width=\"676\" height=\"535\"\/><\/p>\n<p align=\"justify\"><img loading=\"lazy\" decoding=\"async\" src=\"https:\/\/www.europesays.com\/it\/wp-content\/uploads\/2025\/12\/IMG-20251130-WA0063-1764537224906.jpg\" alt=\"\" width=\"996\" height=\"638\"\/><\/p>\n<p align=\"justify\"><img loading=\"lazy\" decoding=\"async\" src=\"https:\/\/www.europesays.com\/it\/wp-content\/uploads\/2025\/12\/locandina-1764543193868.jpg\" alt=\"\" width=\"544\" height=\"773\"\/><\/p>\n<p>\t\t\t<script async src=\"\/\/www.instagram.com\/embed.js\"><\/script><\/p>\n","protected":false},"excerpt":{"rendered":"Domenica 30 novembre \u00e8 stata inaugurata la mostra personale del Maestro Francesco Capello all\u2019interno della bellissima Quintana del&hellip;\n","protected":false},"author":3,"featured_media":240178,"comment_status":"","ping_status":"","sticky":false,"template":"","format":"standard","meta":{"footnotes":"","_share_on_mastodon":"0"},"categories":[1446],"tags":[1615,1613,1614,52335,1611,1610,141852,141857,51677,141858,1612,203,141855,204,141856,1537,90,89,141853,632,4109,141854,141851,141859],"class_list":["post-240177","post","type-post","status-publish","format-standard","has-post-thumbnail","category-arte-e-design","tag-arte","tag-arte-e-design","tag-arteedesign","tag-artigiano","tag-arts","tag-arts-and-design","tag-caffetteria-il-cedro","tag-carlo-cena","tag-chivasso","tag-costruttore-di-libri","tag-design","tag-entertainment","tag-francesco-capello","tag-intrattenimento","tag-iperrealismo","tag-it","tag-italia","tag-italy","tag-laura-de-marco","tag-mostra","tag-pittore","tag-prisma-laboratorio-artistico","tag-quintana-del-cedro","tag-vernissage"],"share_on_mastodon":{"url":"https:\/\/pubeurope.com\/@it\/115643187331374943","error":""},"_links":{"self":[{"href":"https:\/\/www.europesays.com\/it\/wp-json\/wp\/v2\/posts\/240177","targetHints":{"allow":["GET"]}}],"collection":[{"href":"https:\/\/www.europesays.com\/it\/wp-json\/wp\/v2\/posts"}],"about":[{"href":"https:\/\/www.europesays.com\/it\/wp-json\/wp\/v2\/types\/post"}],"author":[{"embeddable":true,"href":"https:\/\/www.europesays.com\/it\/wp-json\/wp\/v2\/users\/3"}],"replies":[{"embeddable":true,"href":"https:\/\/www.europesays.com\/it\/wp-json\/wp\/v2\/comments?post=240177"}],"version-history":[{"count":0,"href":"https:\/\/www.europesays.com\/it\/wp-json\/wp\/v2\/posts\/240177\/revisions"}],"wp:featuredmedia":[{"embeddable":true,"href":"https:\/\/www.europesays.com\/it\/wp-json\/wp\/v2\/media\/240178"}],"wp:attachment":[{"href":"https:\/\/www.europesays.com\/it\/wp-json\/wp\/v2\/media?parent=240177"}],"wp:term":[{"taxonomy":"category","embeddable":true,"href":"https:\/\/www.europesays.com\/it\/wp-json\/wp\/v2\/categories?post=240177"},{"taxonomy":"post_tag","embeddable":true,"href":"https:\/\/www.europesays.com\/it\/wp-json\/wp\/v2\/tags?post=240177"}],"curies":[{"name":"wp","href":"https:\/\/api.w.org\/{rel}","templated":true}]}}