{"id":241021,"date":"2025-12-01T19:40:16","date_gmt":"2025-12-01T19:40:16","guid":{"rendered":"https:\/\/www.europesays.com\/it\/241021\/"},"modified":"2025-12-01T19:40:16","modified_gmt":"2025-12-01T19:40:16","slug":"processo-pifferi-bis-assolte-lavvocata-alessia-pontenani-e-le-psicologhe-la-sentenza","status":"publish","type":"post","link":"https:\/\/www.europesays.com\/it\/241021\/","title":{"rendered":"Processo Pifferi bis, assolte l&#8217;avvocata Alessia Pontenani e le psicologhe: la sentenza"},"content":{"rendered":"<p>Cadute le ipotesi di falso e favoreggiamento. Per l\u2019accusa, l\u2019avvocata di Alessia Pifferi, le tre ex psicologhe di San Vittore e lo psichiatra ed ex consulente della difesa Marco Garbarini avevano manipolato gli esami per far ottenere a Pifferi la perizia psichiatrica. Il gup di Milano ha quindi deciso di non accogliere la richiesta del pm che per Pontenani aveva chiesto una condanna a 4 anni.\u00a0Pontenani: &#8220;Ristabilita correttezza del mio operato&#8221;<\/p>\n<p>L&#8217;avvocata Alessia Pontenani, legale di Alessia Pifferi, \u00e8 stata assolta dall\u2019accusa di falso e favoreggiamento: l\u2019ipotesi di reato contro Pontenani fa parte del secondo filone di indagini sul caso dell&#8217;omicidio della piccola Diana, lasciata in casa sola per sei giorni nel 2022 e per il quale la madre \u00e8 stata condannata a 24 anni in appello. Lo ha deciso il gup di Milano Roberto Crepaldi, che nello stesso contesto ha assolto anche le tre ex psicologhe di San Vittore e lo psichiatra ed ex consulente della difesa Marco Garbarini. Per l\u2019accusa al centro c\u2019era una presunta attivit\u00e0 di &#8220;manipolazione&#8221; per aiutare Pifferi ad ottenere la perizia psichiatrica in primo grado e un ipotizzato tentativo di indirizzare l&#8217;esito dell&#8217;accertamento verso un &#8220;vizio parziale di mente&#8221;.<\/p>\n<p>\t\t \tRifiutata la richiesta del pm<\/p>\n<p>Il gup di Milano Roberto Crepaldi, assolvendo tutti gli imputati del processo bis, ha quindi deciso di non accogliere le richieste del pm Francesco De Tommasi che aveva chiesto una condanna a 4 anni per Pontenani e per una delle ex psicologhe di San Vittore, 3 anni e mezzo per lo psichiatra e consulente della difesa Marco Garbarini e tre anni per altre due psicologhe. Pe3r avvalorare la sua richiesta, il pm aveva definito Alessia Pifferi come una &#8220;persona cattiva, insensibile, anaffettiva, cinica, bugiarda e menefreghista&#8221;, che ha lasciato &#8220;consapevolmente morire la piccola Diana in un modo cos\u00ec orribile&#8221;. E che poi &#8220;ha saputo obbedire&#8221; alla &#8220;vera regista dell&#8217;operazione&#8221; che &#8220;\u00e8 diventata proprio&#8221; la sua avvocata, un&#8217;operazione che prevedeva di &#8220;farla passare per scema&#8221;.<\/p>\n<p>\t\t\t<a class=\"c-inline-card j-inline-card c-inline-card--with-image\" href=\"https:\/\/tg24.sky.it\/cronaca\/2025\/11\/05\/alessia-pifferi-processo-appello-sentenza\" rel=\"follow nofollow noopener\" data-intcmp=\"skytg24_articolo_approfondimenti_inline\" target=\"_blank\"><\/p>\n<p>\t\t\t         <img decoding=\"async\" crossorigin=\"anonymous\" alt=\"Sentenza d appello del processo ad Alessia Pifferi, Milano 5 Novembre 2025&#10;ANSA\/MATTEO CORNER&#10;\" src=\"https:\/\/www.europesays.com\/it\/wp-content\/uploads\/2025\/12\/alessia_pifferi_ansa.JPG\"  loading=\"lazy\"  bad-src=\"https:\/\/www.europesays.com\/it\/wp-content\/uploads\/2025\/12\/alessia_pifferi_ansa.JPG\"\/><\/p>\n<p>\n\t\t\t         Leggi anche<br \/>\n\t\t\t         Alessia Pifferi, in appello la condanna passa dall&#8217;ergastolo a 24 anni\n\t\t\t      <\/p>\n<p>\t\t\t<\/a><\/p>\n<p>\t\t\tAssoluzione perch\u00e9 &#8220;fatto non sussiste&#8221;<\/p>\n<p>Con rito abbreviato i cinque imputati sono stati assolti con formula piena dalle imputazioni di falso e favoreggiamento &#8220;perch\u00e9 il fatto non sussiste&#8221;. Solo per un&#8217;accusa residuale, non al centro del procedimento, l&#8217;assoluzione \u00e8 arrivata per &#8220;particolare tenuit\u00e0 del fatto&#8221;. Aveva scelto, invece, il rito ordinario anche una quarta psicologa: il gup per lei ha disposto il proscioglimento dalle imputazioni principali e il rinvio a giudizio ma solo per falso in relazione a dei corsi di formazione (un&#8217;imputata ha gi\u00e0 patteggiato), accusa che non c&#8217;entrava con la presunta manipolazione. Le motivazioni del verdetto saranno depositate entro fine anno.<\/p>\n<p>\t\t\tPontenani: &#8220;Ristabilita correttezza del mio operato&#8221;<\/p>\n<p>&#8220;Questa sentenza dimostra che gli avvocati devono continuare a fare il loro lavoro, che non esiste l&#8217;eccesso di difesa ed \u00e8 giusto che continuino ad assistere, nel migliore di modi, le persone che hanno bisogno. Tutti, anche chi commette i crimini pi\u00f9 terribili, hanno il diritto ad avere un legale che li aiuti&#8221;. Cos\u00ec Alessia Pontenani ha commentato la propria sentenza di assoluzione. &#8220;\u00c8 finito un incubo. Finalmente \u00e8 stata ristabilita la correttezza del mio operato&#8221;, ha proseguito l&#8217;avvocatessa aggiungendo che &#8220;il problema vero \u00e8 che non \u00e8 stato corretto fare un processo all&#8217;interno di un altro processo&#8221;. Se ci\u00f2 non fosse avvenuto &#8220;magari il procedimento di Alessia Pifferi sarebbe andato diversamente gi\u00e0 in primo grado&#8221;. Per Corrado Limentani, difensore di Pontenani, &#8220;non \u00e8 stato riscontrato nemmeno un indizio. Questo processo non doveva nemmeno cominciare&#8221; ed &#8220;ha creato danni gravissimi alle persone&#8221;.<\/p>\n<p>\t            TAG:<\/p>\n","protected":false},"excerpt":{"rendered":"Cadute le ipotesi di falso e favoreggiamento. Per l\u2019accusa, l\u2019avvocata di Alessia Pifferi, le tre ex psicologhe di&hellip;\n","protected":false},"author":3,"featured_media":241022,"comment_status":"","ping_status":"","sticky":false,"template":"","format":"standard","meta":{"footnotes":""},"categories":[6],"tags":[364,14,8,1537,90,89,7,15,82,9,83,10,2319,13,3892,11,80,84,12,81,85],"class_list":{"0":"post-241021","1":"post","2":"type-post","3":"status-publish","4":"format-standard","5":"has-post-thumbnail","7":"category-ultime-notizie","8":"tag-collaboratori","9":"tag-cronaca","10":"tag-headlines","11":"tag-it","12":"tag-italia","13":"tag-italy","14":"tag-news","15":"tag-notizie","16":"tag-notizie-di-cronaca","17":"tag-notizie-principali","18":"tag-notiziedicronaca","19":"tag-notizieprincipali","20":"tag-sentenza","21":"tag-titoli","22":"tag-tribunale","23":"tag-ultime-notizie","24":"tag-ultime-notizie-di-cronaca","25":"tag-ultime-notizie-e-news-di-oggi","26":"tag-ultimenotizie","27":"tag-ultimenotiziedicronaca","28":"tag-ultimenotizieenewsdioggi"},"share_on_mastodon":{"url":"https:\/\/pubeurope.com\/@it\/115646013631036164","error":""},"_links":{"self":[{"href":"https:\/\/www.europesays.com\/it\/wp-json\/wp\/v2\/posts\/241021","targetHints":{"allow":["GET"]}}],"collection":[{"href":"https:\/\/www.europesays.com\/it\/wp-json\/wp\/v2\/posts"}],"about":[{"href":"https:\/\/www.europesays.com\/it\/wp-json\/wp\/v2\/types\/post"}],"author":[{"embeddable":true,"href":"https:\/\/www.europesays.com\/it\/wp-json\/wp\/v2\/users\/3"}],"replies":[{"embeddable":true,"href":"https:\/\/www.europesays.com\/it\/wp-json\/wp\/v2\/comments?post=241021"}],"version-history":[{"count":0,"href":"https:\/\/www.europesays.com\/it\/wp-json\/wp\/v2\/posts\/241021\/revisions"}],"wp:featuredmedia":[{"embeddable":true,"href":"https:\/\/www.europesays.com\/it\/wp-json\/wp\/v2\/media\/241022"}],"wp:attachment":[{"href":"https:\/\/www.europesays.com\/it\/wp-json\/wp\/v2\/media?parent=241021"}],"wp:term":[{"taxonomy":"category","embeddable":true,"href":"https:\/\/www.europesays.com\/it\/wp-json\/wp\/v2\/categories?post=241021"},{"taxonomy":"post_tag","embeddable":true,"href":"https:\/\/www.europesays.com\/it\/wp-json\/wp\/v2\/tags?post=241021"}],"curies":[{"name":"wp","href":"https:\/\/api.w.org\/{rel}","templated":true}]}}