{"id":241115,"date":"2025-12-01T21:00:12","date_gmt":"2025-12-01T21:00:12","guid":{"rendered":"https:\/\/www.europesays.com\/it\/241115\/"},"modified":"2025-12-01T21:00:12","modified_gmt":"2025-12-01T21:00:12","slug":"garlasco-le-foto-inedite-di-andrea-sempio-e-delle-gemelle-cappa-davanti-casa-poggi-il-giorno-dellomicidio-di-chiara","status":"publish","type":"post","link":"https:\/\/www.europesays.com\/it\/241115\/","title":{"rendered":"Garlasco, le foto inedite di Andrea Sempio e delle gemelle Cappa davanti casa Poggi il giorno dell&#8217;omicidio di Chiara"},"content":{"rendered":"<p>\n                            Il punto serale sulle notizie del giorno<br \/>\n                            <b>Iscriviti<\/b> e ricevi le notizie via email\n                        <\/p>\n<p><strong><a href=\"https:\/\/www.ilmessaggero.it\/t\/andrea-sempio\" rel=\"nofollow noopener\" target=\"_blank\">Andrea Sempio<\/a><\/strong> per due volte davanti casa Poggi il giorno dell&#8217;omicidio di Chiara, il 13 agosto 2007.\u00a0Le foto, inedite per 18 anni, sono state pubblicate sul canale &#8220;Bugalalla Crime&#8221; della youtuber Francesca Bugamelli. E mostrano il momento in cui Sempio, il nuovo indagato,\u00a0si presenta davanti alla villetta dove c&#8217;erano i carabinieri della compagnia di Vigevano, il pm e la famiglia di Chiara. Un elemento comunque non nuovo per gli inquirenti, dal momento che era stato lo stesso Sempio a raccontare quelle ore.\u00a0<\/p>\n<p>&#13;<br \/>\n    APPROFONDIMENTI&#13;<br \/>\n    &#13;<\/p>\n<p>Quel delitto, avvenuto nella villetta della famiglia Poggi, port\u00f2 alla condanna definitiva di Alberto Stasi, all\u2019epoca fidanzato della giovane. <\/p>\n<p>Da mesi, per\u00f2, l\u2019attenzione sul caso si \u00e8 riaccesa dopo la riapertura \u2013 per la terza volta \u2013 dell\u2019inchiesta su Andrea Sempio, amico del fratello della vittima, ora nuovamente indagato per concorso nell\u2019omicidio.Le foto inedite <\/p>\n<p>Le fotografie diffuse online, scattate 18 anni fa, ritraggono proprio Sempio mentre percorre in auto la strada davanti all\u2019abitazione della famiglia Poggi poche ore dopo il ritrovamento del corpo di Chiara. Sempio ha sempre detto di conoscere bene quella casa, dove lui e altri amici si ritrovavano spesso. A dimostrarlo, secondo gli investigatori, ci sarebbe anche un\u2019impronta \u2013 la cosiddetta \u201ctraccia 33\u201d \u2013 individuata sul muro delle scale che conducono al locale usato come deposito dei giochi. Proprio su quella impronta, insieme al Dna rinvenuto sotto le unghie della vittima, la Procura di Pavia sta concentrando gli accertamenti: il corpo della ragazza venne trovato su quelle stesse scale il giorno del delitto.<\/p>\n<p>La difesa: queste foto dimostrano ci\u00f2 che Andrea ha sempre raccontato <\/p>\n<p>\u00abQueste fotografie confermano pienamente ci\u00f2 che Andrea ha sempre raccontato\u00bb, ha detto a Fanpage.it l\u2019avvocato Liborio Cataliotti, che insieme alla collega Angela Taccia sta definendo la linea difensiva in vista dell\u2019udienza del 18 dicembre. In quella data i consulenti nominati dal giudice esporranno le conclusioni dell\u2019incidente probatorio.<\/p>\n<p>Il difensore spiega che le immagini non smentiscono affatto il racconto del suo assistito: \u00abSempio fu ascoltato pochi giorni dopo l\u2019omicidio e rifer\u00ec di essere passato una prima volta davanti alla villa senza fermarsi, dopo aver notato alcune persone radunate fuori. In seguito torn\u00f2 insieme al padre per capire cosa fosse accaduto. Lo aveva gi\u00e0 detto allora, non \u00e8 mai cambiato nulla\u00bb.<\/p>\n<p>Lo scontrino <\/p>\n<p>I legali sottolineano anche un altro punto: \u00abVorremmo che fossero state fatte verifiche altrettanto scrupolose anche sullo scontrino\u00bb. Si riferiscono alla ricevuta del parcheggio di Vigevano, dove Sempio sostiene di essersi recato la mattina del 13 agosto prima di rientrare a Garlasco. Quello scontrino, conservato dalla famiglia per oltre un anno prima di consegnarlo agli inquirenti, ha sempre rappresentato l\u2019elemento centrale dell\u2019alibi. \u00abAndrea forn\u00ec questa versione gi\u00e0 nell\u2019ottobre 2008 \u2013 aggiunge Cataliotti \u2013 e all\u2019epoca sarebbe stato possibile verificarla in modo molto semplice. Sarebbe stato un peso in meno per tutti. Anzi, cogliamo l\u2019occasione per un appello: se esistono ancora, vengano recuperate anche le immagini della piazza di Vigevano di quel giorno. Notiamo grande attenzione per ci\u00f2 che pu\u00f2 sostenere l\u2019accusa, ma non la stessa cura quando si tratta della difesa\u00bb.<\/p>\n<p>&#13;<br \/>\n                            \u00a9 RIPRODUZIONE RISERVATA&#13;<\/p>\n<p>&#13;<\/p>\n","protected":false},"excerpt":{"rendered":"Il punto serale sulle notizie del giorno Iscriviti e ricevi le notizie via email Andrea Sempio per due&hellip;\n","protected":false},"author":3,"featured_media":241116,"comment_status":"","ping_status":"","sticky":false,"template":"","format":"standard","meta":{"footnotes":""},"categories":[79],"tags":[12754,11083,6056,14,93,94,6217,6057,142576,1537,90,89,7,15,11066,243,11,84,91,12,85,92],"class_list":{"0":"post-241115","1":"post","2":"type-post","3":"status-publish","4":"format-standard","5":"has-post-thumbnail","7":"category-italia","8":"tag-alberto-stasi","9":"tag-andrea-sempio","10":"tag-chiara-poggi","11":"tag-cronaca","12":"tag-cronaca-italiana","13":"tag-cronacaitaliana","14":"tag-delitto-garlasco","15":"tag-garlasco","16":"tag-gemelle-cappa","17":"tag-it","18":"tag-italia","19":"tag-italy","20":"tag-news","21":"tag-notizie","22":"tag-sempio","23":"tag-ultima-ora","24":"tag-ultime-notizie","25":"tag-ultime-notizie-e-news-di-oggi","26":"tag-ultime-notizie-italia","27":"tag-ultimenotizie","28":"tag-ultimenotizieenewsdioggi","29":"tag-ultimenotizieitalia"},"share_on_mastodon":{"url":"https:\/\/pubeurope.com\/@it\/115646328511831251","error":""},"_links":{"self":[{"href":"https:\/\/www.europesays.com\/it\/wp-json\/wp\/v2\/posts\/241115","targetHints":{"allow":["GET"]}}],"collection":[{"href":"https:\/\/www.europesays.com\/it\/wp-json\/wp\/v2\/posts"}],"about":[{"href":"https:\/\/www.europesays.com\/it\/wp-json\/wp\/v2\/types\/post"}],"author":[{"embeddable":true,"href":"https:\/\/www.europesays.com\/it\/wp-json\/wp\/v2\/users\/3"}],"replies":[{"embeddable":true,"href":"https:\/\/www.europesays.com\/it\/wp-json\/wp\/v2\/comments?post=241115"}],"version-history":[{"count":0,"href":"https:\/\/www.europesays.com\/it\/wp-json\/wp\/v2\/posts\/241115\/revisions"}],"wp:featuredmedia":[{"embeddable":true,"href":"https:\/\/www.europesays.com\/it\/wp-json\/wp\/v2\/media\/241116"}],"wp:attachment":[{"href":"https:\/\/www.europesays.com\/it\/wp-json\/wp\/v2\/media?parent=241115"}],"wp:term":[{"taxonomy":"category","embeddable":true,"href":"https:\/\/www.europesays.com\/it\/wp-json\/wp\/v2\/categories?post=241115"},{"taxonomy":"post_tag","embeddable":true,"href":"https:\/\/www.europesays.com\/it\/wp-json\/wp\/v2\/tags?post=241115"}],"curies":[{"name":"wp","href":"https:\/\/api.w.org\/{rel}","templated":true}]}}