{"id":241154,"date":"2025-12-01T21:45:15","date_gmt":"2025-12-01T21:45:15","guid":{"rendered":"https:\/\/www.europesays.com\/it\/241154\/"},"modified":"2025-12-01T21:45:15","modified_gmt":"2025-12-01T21:45:15","slug":"in-croazia-mlacic-allinter-si-chiude-subito-le-cifre-e-il-progetto","status":"publish","type":"post","link":"https:\/\/www.europesays.com\/it\/241154\/","title":{"rendered":"In Croazia &#8211; Mlacic all&#8217;Inter, si chiude subito! Le cifre e il progetto"},"content":{"rendered":"<p>Il difensore dell\u2019Hajduk, Branimir Mla\u010di\u0107 (18 anni), \u00e8 forse la pi\u00f9 grande rivelazione della nuova stagione della HNL. L&#8217;Inter lo vuole<\/p>\n<p>Il difensore dell\u2019Hajduk, Branimir Mla\u010di\u0107 (18 anni), \u00e8 forse la pi\u00f9 grande rivelazione della nuova stagione della HNL. Ha ricevuto l\u2019occasione all\u2019improvviso, a inizio campionato, dopo le partenze di Dominik Prpi\u0107 e Filip Uremovi\u0107 da Poljud. Con pochi difensori disponibili, Gonzalo Garcia lo ha gettato subito nella mischia, e oggi questo ragazzo \u00e8 diventato uno dei giocatori chiave dell\u2019Hajduk.<\/p>\n<p>\u00c8 ormai un titolare inamovibile: ha disputato 15 partite e ha dimostrato molto rapidamente a tutti di avere un potenziale enorme. Sicurissimo nel gioco aereo, tecnicamente preparato, capace di impostare da dietro, e uno dei suoi punti di forza \u00e8 la lettura del gioco.<\/p>\n<p><strong>Il progetto dell&#8217;Inter<\/strong>\u2014 \u00a0<\/p>\n<p>Recentemente \u00e8 trapelato che uno scout del Liverpool lo ha osservato dal vivo nella partita contro il Rijeka, ma \u2013 come riporta Germanijak \u2013 non sono gli unici ad aver posato gli occhi sul talentuoso difensore. Pare infatti che anche l\u2019Inter sia interessata. Secondo il portale, i dirigenti dell\u2019Hajduk la scorsa settimana sono stati a Milano per trattare: i nerazzurri vorrebbero chiudere il trasferimento entro la fine dell\u2019anno, lasciando per\u00f2 Mla\u010di\u0107 in prestito a Poljud fino all\u2019estate.<\/p>\n<p>Non \u00e8 noto l\u2019importo del trasferimento. Su Transfermarkt il suo valore \u00e8 di 800 mila euro, ma \u00e8 chiaro che l\u2019Inter non lo otterr\u00e0 per quella cifra. Ha firmato da poco un contratto fino al 2029 e quindi \u00e8 quasi certo che il club di Spalato chieda almeno tre o quattro milioni di euro. Le trattative sarebbero gi\u00e0 in fase avanzata e sembra che il giovane difensore sia sempre pi\u00f9 vicino alla firma con il gigante italiano.<\/p>\n<p><strong>La percentuale sulla rivendita<\/strong>\u2014 \u00a0<\/p>\n<p>A Milano lo attenderebbe Petar Su\u010di\u0107, e nel settore giovanile dell\u2019Inter c\u2019\u00e8 anche l\u2019ex giocatore dell\u2019Hajduk Duje Slatina (16 anni), che Mla\u010di\u0107 conosce bene dai tempi delle giovanili del club spalatino. Non ci sono ancora cifre ufficiali, anche se l\u2019Hajduk punta a ottenere una percentuale sulla futura rivendita del giocatore. I colloqui sul possibile trasferimento proseguiranno anche questa settimana e, salvo imprevisti, l\u2019intera operazione dovrebbe essere chiusa nelle prossime settimane, comunque entro la fine dell\u2019anno.<\/p>\n<p class=\"is-copyright\">\u00a9 RIPRODUZIONE RISERVATA<\/p>\n","protected":false},"excerpt":{"rendered":"Il difensore dell\u2019Hajduk, Branimir Mla\u010di\u0107 (18 anni), \u00e8 forse la pi\u00f9 grande rivelazione della nuova stagione della HNL.&hellip;\n","protected":false},"author":3,"featured_media":241155,"comment_status":"","ping_status":"","sticky":false,"template":"","format":"standard","meta":{"footnotes":""},"categories":[1452],"tags":[142583,142584,142585,721,18332,554,4053,142586,142587,3882,724,1740,564,2024,86204,142588,142589,142590,350,1537,90,89,28,142582,142591,142592,273,1739,245,244,8527],"class_list":{"0":"post-241154","1":"post","2":"type-post","3":"status-publish","4":"format-standard","5":"has-post-thumbnail","7":"category-calcio","8":"tag-branimir","9":"tag-branimir-mlacic","10":"tag-branimir-mlacic-rivelazione","11":"tag-calcio","12":"tag-cifre","13":"tag-club","14":"tag-difensore","15":"tag-difensore-hajduk","16":"tag-difensore-hajduk-branimir","17":"tag-entro","18":"tag-euro","19":"tag-football","20":"tag-giocatore","21":"tag-gioco","22":"tag-hajduk","23":"tag-hajduk-branimir","24":"tag-hajduk-branimir-mlacic","25":"tag-hnl","26":"tag-inter","27":"tag-it","28":"tag-italia","29":"tag-italy","30":"tag-milano","31":"tag-mlacic","32":"tag-mlacic-rivelazione","33":"tag-mlacic-rivelazione-nuova","34":"tag-nuova","35":"tag-soccer","36":"tag-sport","37":"tag-sports","38":"tag-trasferimento"},"share_on_mastodon":{"url":"https:\/\/pubeurope.com\/@it\/115646505042877483","error":""},"_links":{"self":[{"href":"https:\/\/www.europesays.com\/it\/wp-json\/wp\/v2\/posts\/241154","targetHints":{"allow":["GET"]}}],"collection":[{"href":"https:\/\/www.europesays.com\/it\/wp-json\/wp\/v2\/posts"}],"about":[{"href":"https:\/\/www.europesays.com\/it\/wp-json\/wp\/v2\/types\/post"}],"author":[{"embeddable":true,"href":"https:\/\/www.europesays.com\/it\/wp-json\/wp\/v2\/users\/3"}],"replies":[{"embeddable":true,"href":"https:\/\/www.europesays.com\/it\/wp-json\/wp\/v2\/comments?post=241154"}],"version-history":[{"count":0,"href":"https:\/\/www.europesays.com\/it\/wp-json\/wp\/v2\/posts\/241154\/revisions"}],"wp:featuredmedia":[{"embeddable":true,"href":"https:\/\/www.europesays.com\/it\/wp-json\/wp\/v2\/media\/241155"}],"wp:attachment":[{"href":"https:\/\/www.europesays.com\/it\/wp-json\/wp\/v2\/media?parent=241154"}],"wp:term":[{"taxonomy":"category","embeddable":true,"href":"https:\/\/www.europesays.com\/it\/wp-json\/wp\/v2\/categories?post=241154"},{"taxonomy":"post_tag","embeddable":true,"href":"https:\/\/www.europesays.com\/it\/wp-json\/wp\/v2\/tags?post=241154"}],"curies":[{"name":"wp","href":"https:\/\/api.w.org\/{rel}","templated":true}]}}