{"id":241442,"date":"2025-12-02T02:47:12","date_gmt":"2025-12-02T02:47:12","guid":{"rendered":"https:\/\/www.europesays.com\/it\/241442\/"},"modified":"2025-12-02T02:47:12","modified_gmt":"2025-12-02T02:47:12","slug":"melania-trump-lancia-la-sua-casa-di-produzione-notizie","status":"publish","type":"post","link":"https:\/\/www.europesays.com\/it\/241442\/","title":{"rendered":"Melania Trump lancia la sua casa di produzione &#8211; Notizie"},"content":{"rendered":"<p>A poche settimane dal debutto del documentario di Amazon imperniato su di lei, Melania Trump lancia la sua casa di produzione: si chiama Muse, dal nome in codice che era stato assegnato alla First Lady dal Secret Service durante il primo mandato del marito Donald. <br \/>\u00a0\u00a0\u00a0 Il documentario, intitolato Melania, \u00e8 diretto da Brett Ratner, un regista finito all&#8217;indice all&#8217;epoca del #MeToo. Le riprese sono cominciate nel novembre 2024 e Melania, che quell&#8217;anno ha dato alle stampe un memoir sul primo mandato del marito, figura nei crediti come produttrice esecutiva insieme a Fernando Sulichin di New Element Media. Il film debutter\u00e0 nelle sale Usa il 30 gennaio e poi in esclusiva su Amazon Prime Video forse con un seguito di due o tre puntate.<\/p>\n<p>\u00a0\u00a0\u00a0 La nascita di Muse Films e&#8217; stata annunciata sui profili social di Melania. Amazon ha acquisito in gennaio per 40 milioni di dollari (met\u00e0 dei quali apparentemente intascati dalla First Lady) i diritti sul film di Rattner che offrir\u00e0 uno sguardo dietro le quinte sui 20 giorni che precedettero l&#8217;insediamento di Trump nel 2025 attraverso gli occhi della First Lady. <br \/>\u00a0\u00a0\u00a0 Il documentario &#8211; sempre secondo il colosso di Jeff Bezos &#8211; entrer\u00e0 nel mondo di Trump mentre lei organizza i piani per l&#8217;insediamento, affronta le complessit\u00e0 della transizione alla Casa Bianca e rientra nella vita pubblica con la propria famiglia. Ci saranno filmati esclusivi che catturano riunioni cruciali, conversazioni private e ambienti mai visti prima: il tutto per raccontare il ritorno di Melania a uno dei ruoli pi\u00f9 potenti del mondo.<\/p>\n<p>\u00a0\u00a0\u00a0 Il debutto di Muse Films conferma l&#8217;intenzione di Melania Trump di creare una piattaforma autonoma per sviluppare contenuti legati alla sua attivit\u00e0 istituzionale e ai suoi progetti personali. Al momento, l&#8217;ufficio della First Lady non ha indicato nuove linee produttive n\u00e9 altri titoli in lavorazione, precisando tuttavia che la societ\u00e0 operer\u00e0 in modo indipendente dalle strutture ufficiali della Casa Bianca. <br \/>\u00a0\u00a0\u00a0 Non \u00e8 del tutto senza precedenti che un inquilino della Casa Bianca lanci una casa di produzione anche se Higher Grounds Production di Barack e Michelle Obama fu fondata dopo la fine del secondo mandato di Barack. La prima produzione degli Obama, il documentario American Factory per Netflix, vinse l&#8217;Oscar nel 2022.\u00a0<\/p>\n<p class=\"article-copyright\">\n<p>Riproduzione riservata \u00a9 Copyright ANSA<\/p>\n","protected":false},"excerpt":{"rendered":"A poche settimane dal debutto del documentario di Amazon imperniato su di lei, Melania Trump lancia la sua&hellip;\n","protected":false},"author":3,"featured_media":241443,"comment_status":"","ping_status":"","sticky":false,"template":"","format":"standard","meta":{"footnotes":""},"categories":[1451],"tags":[7072,97907,842,5134,1621,1620,10607,11599,203,454,35478,2614,28442,204,1537,90,89,328,7242,35476,34565,166,142694,3741,379],"class_list":{"0":"post-241442","1":"post","2":"type-post","3":"status-publish","4":"format-standard","5":"has-post-thumbnail","7":"category-celebrita","8":"tag-amazon","9":"tag-barack","10":"tag-bianca","11":"tag-casa","12":"tag-celebrita","13":"tag-celebrities","14":"tag-debutto","15":"tag-documentario","16":"tag-entertainment","17":"tag-film","18":"tag-first-lady","19":"tag-gennaio","20":"tag-insediamento","21":"tag-intrattenimento","22":"tag-it","23":"tag-italia","24":"tag-italy","25":"tag-mandato","26":"tag-marito","27":"tag-melania","28":"tag-melania-trump","29":"tag-mondo","30":"tag-muse-films","31":"tag-produzione","32":"tag-trump"},"share_on_mastodon":{"url":"https:\/\/pubeurope.com\/@it\/115647692366226522","error":""},"_links":{"self":[{"href":"https:\/\/www.europesays.com\/it\/wp-json\/wp\/v2\/posts\/241442","targetHints":{"allow":["GET"]}}],"collection":[{"href":"https:\/\/www.europesays.com\/it\/wp-json\/wp\/v2\/posts"}],"about":[{"href":"https:\/\/www.europesays.com\/it\/wp-json\/wp\/v2\/types\/post"}],"author":[{"embeddable":true,"href":"https:\/\/www.europesays.com\/it\/wp-json\/wp\/v2\/users\/3"}],"replies":[{"embeddable":true,"href":"https:\/\/www.europesays.com\/it\/wp-json\/wp\/v2\/comments?post=241442"}],"version-history":[{"count":0,"href":"https:\/\/www.europesays.com\/it\/wp-json\/wp\/v2\/posts\/241442\/revisions"}],"wp:featuredmedia":[{"embeddable":true,"href":"https:\/\/www.europesays.com\/it\/wp-json\/wp\/v2\/media\/241443"}],"wp:attachment":[{"href":"https:\/\/www.europesays.com\/it\/wp-json\/wp\/v2\/media?parent=241442"}],"wp:term":[{"taxonomy":"category","embeddable":true,"href":"https:\/\/www.europesays.com\/it\/wp-json\/wp\/v2\/categories?post=241442"},{"taxonomy":"post_tag","embeddable":true,"href":"https:\/\/www.europesays.com\/it\/wp-json\/wp\/v2\/tags?post=241442"}],"curies":[{"name":"wp","href":"https:\/\/api.w.org\/{rel}","templated":true}]}}