{"id":241661,"date":"2025-12-02T07:28:15","date_gmt":"2025-12-02T07:28:15","guid":{"rendered":"https:\/\/www.europesays.com\/it\/241661\/"},"modified":"2025-12-02T07:28:15","modified_gmt":"2025-12-02T07:28:15","slug":"la-dedica-di-nikita-ad-andrea-delogu-9-la-balivo-sui-retroscena-a-ballando-con-le-stelle-7","status":"publish","type":"post","link":"https:\/\/www.europesays.com\/it\/241661\/","title":{"rendered":"la dedica di Nikita ad Andrea Delogu (9), la Balivo sui retroscena a Ballando con le Stelle (7)"},"content":{"rendered":"<p>Dopo la pausa del weekend, torna luned\u00ec 1 dicembre l\u2019appuntamento con <strong>La Volta Buona<\/strong>, il salotto di Ra1 del primo pomeriggio condotto da <strong>Caterina Balivo<\/strong> che ogni giorno tiene compagnia ai telespettatori con ospiti e curiosit\u00e0. Nella puntata che apre il mese di dicembre si d\u00e0 ampio spazio a <strong>Ballando con le Stelle<\/strong>, lo show di <strong>Milly Carlucci<\/strong> che si avvicina sempre di pi\u00f9 alla puntata finale. In studio, per commentare le varie vicissitudini dei concorrenti in gara e i retroscena del programma, alcuni degli opinionisti dell\u2019edizione 2025 come <strong>Fabio Canino, Rossella Erra<\/strong> e la ballerina <strong>Sara Di Vaira<\/strong>, in compagnia di <strong>Beppe Convertini, Vladimir Luxuria<\/strong> e <strong>Rosanna Lambertucci<\/strong>, ex concorrente di qualche edizione fa.<\/p>\n<p>Non mancano ovviamente il ricordo di <strong>Ornella Vanoni<\/strong>, con le parole inedite dell\u2019amica <strong>Andr\u00e8e Ruth<\/strong>, e un saluto accorato a <strong>Nicola Pietrangeli<\/strong>, scomparso a 92 anni.\n<\/p>\n<p>Retroscena a Ballando: Caterina Balivo chiarisce il lastra-gate di Francesca Fialdini (7)<\/p>\n<p>A tenere banco durante le ultime puntate di <a href=\"https:\/\/dilei.it\/spettacolo\/ballando-con-le-stelle-barbara-durso-pasquale-la-rocca-rivelazione-rossella-erra\/1979472\/\" rel=\"nofollow noopener\" target=\"_blank\">Ballando con le Stelle<\/a> sono state le <strong>tensioni e i segreti<\/strong> tra i concorrenti dello show che sembrano sentire sempre di pi\u00f9 la competizione e l\u2019avvicinarsi della finale. <a href=\"https:\/\/dilei.it\/star-e-vip\/caterina-balivo\/\" rel=\"nofollow noopener\" target=\"_blank\">Caterina Balivo<\/a> ha dunque mandato il suo inviato ad indagare nel <strong>dietro le quinte dello show<\/strong> di <a href=\"https:\/\/dilei.it\/star-e-vip\/milly-carlucci\/\" rel=\"nofollow noopener\" target=\"_blank\">Milly Carlucci<\/a> per capire meglio cosa \u00e8 accaduto con il famoso <strong>\u201clastra-gate\u201d<\/strong> di <a href=\"https:\/\/dilei.it\/star-e-vip\/francesca-fialdini\/\" rel=\"nofollow noopener\" target=\"_blank\">Francesca Fialdini<\/a>.<\/p>\n<p>La giornalista e conduttrice si era infatti <strong>ritirata dal programma<\/strong> a causa di un <strong>doppio infortunio<\/strong>, diventando oggetto di alcune voci di corridoio. Caterina Balivo fa chiarezza su quanto accaduto, raccontando di come <strong>le tre costole incrinate<\/strong> della Fialdini non siano state credute da tutti, tanto che molti concorrenti hanno espresso perplessit\u00e0 sulla questione, chiedendo una prova.<\/p>\n<p>La Fialdini ha dunque <a href=\"https:\/\/dilei.it\/spettacolo\/francesca-fialdini-un-concorrente-di-ballando-con-le-stelle-mi-ha-chiesto-le-lastre\/1969493\/\" rel=\"nofollow noopener\" target=\"_blank\">portato le lastre<\/a> per dimostrare la realt\u00e0 dell\u2019infortunio subito, ma <a href=\"https:\/\/dilei.it\/star-e-vip\/fabio-fognini\/\" rel=\"nofollow noopener\" target=\"_blank\">Fabio Fognini<\/a> ha rincarato la dose dicendo che se davvero la concorrente si fosse fatta male, non potrebbe di certo tornare in gara.<\/p>\n<p>La Fialdini potrebbe infatti rientrare in gioco grazie ad un <strong>ripescaggio<\/strong> e <a href=\"https:\/\/dilei.it\/spettacolo\/ballando-con-le-stelle-anche-sara-di-vaira-lascia-commento-milly\/1093950\/\" rel=\"nofollow noopener\" target=\"_blank\">Sara Di Vaira<\/a> rivela che la giornalista \u00e8 una delle candidate alla vittoria, per questo viene temuta ed attaccata dai suoi colleghi. La Balivo per\u00f2 fa chiarezza dicendo che lei crede alla Fialdini e che non bisogna dare per scontata la sua vittoria perch\u00e9 ci sono molti altri papabili vincitori.<\/p>\n<p>Il legame speciale con Andrea Delogu, le bellissime parole di Nikita (9)<\/p>\n<p>Periodo intenso e difficile per <a href=\"https:\/\/dilei.it\/star-e-vip\/andrea-delogu\/\" rel=\"nofollow noopener\" target=\"_blank\">Andrea Delogu<\/a>, una delle concorrenti di Ballando con le Stelle, piegata dalla <a href=\"https:\/\/dilei.it\/vip\/andrea-delogu-primo-video-dopo-morte-fratello\/1943822\/\" rel=\"nofollow noopener\" target=\"_blank\">morte del fratello Evan,<\/a> a causa di un incidente in motorino, e dalla fine della storia con il suo fidanzato <strong>Luigi Bruno<\/strong>. La conduttrice ha trovato per\u00f2 in <a href=\"https:\/\/dilei.it\/spettacolo\/andrea-delogu-flirt-nikita-perotti\/1905635\/\" rel=\"nofollow noopener\" target=\"_blank\">Nikita Perotti<\/a>, il suo insegnante e partner di ballo nel programma di Milly Carlucci, <strong>una spalla importante<\/strong>.<\/p>\n<p>Nikita le \u00e8 stato a fianco in questi mesi difficili, aiutandola a dedicarsi al ballo con tutta se stessa, ricoprendo non solo il ruolo di insegnante e coreografo, ma anche di <strong>amico e confidente.<\/strong><\/p>\n<p>Caterina Balivo fa i complimenti a Nikita per la sua maturit\u00e0 nello stare accanto ad Andrea Delogu, ma il ballerino ribatte con delle <strong>parole che sorprendono tutti<\/strong> per la sua intensit\u00e0: \u201cSono io ad essere grato di averla incontrata e di averla con me, perch\u00e9 per me \u00e8 una persona magnifica, bellissima e fantastica e far\u00f2 di tutto, ora e per sempre, per farle tornare il sorriso\u201d.<\/p>\n<p>Il maestro prosegue poi parlando della gara a Ballando: \u201cPer tutto quello che ha passato Andrea e per tutto l\u2019impegno che ci sta mettendo, merita di vincere. Io ho gi\u00e0 vinto nel giorno in cui l\u2019ho incontrata\u201d<\/p>\n<p>Sanremo, i big in gara: le rivelazioni di Andrea Lanfranchi (7)<\/p>\n<p>Proprio nelle ultime ore <a href=\"https:\/\/dilei.it\/star-e-vip\/carlo-conti\/\" rel=\"nofollow noopener\" target=\"_blank\">Carlo Conti<\/a> ha rivelato i nomi dei <a href=\"https:\/\/dilei.it\/spettacolo\/sanremo-2026-cantanti-big-ufficiali\/1976441\/\" rel=\"nofollow noopener\" target=\"_blank\">30 big in gara al Festival di Sanremo 2026<\/a>, con grandi ritorni, come quello di <a href=\"https:\/\/dilei.it\/star-e-vip\/patty-pravo\/\" rel=\"nofollow noopener\" target=\"_blank\">Patty Pravo<\/a>, novit\u00e0 inattese e qualche debutto. Secondo <strong>Andrea Lanfranchi<\/strong> de Il Corriere della Sera, 30 concorrenti in gara sono troppi anche perch\u00e9 non tutti trovano poi realmente posto in radio, e bisognerebbe toglierne almeno 5.<\/p>\n<p>Il giornalista rivela anche che tra i pi\u00f9 attesi ci sono senza dubbio <a href=\"https:\/\/dilei.it\/vip\/tommaso-paradiso-sensazione-stupenda-dopo-i-thegiornalisti\/1316561\/\" rel=\"nofollow noopener\" target=\"_blank\">Tommaso Paradiso<\/a>, ma anche <strong>Fedez<\/strong> <strong>in coppia con Masini<\/strong>, e che ci sono alcune polemiche sulla presenza di big non propriamente \u201cbig\u201d: a suo dire la scarsit\u00e0 di grandi nomi \u00e8 dovuta alla rigidit\u00e0 del regolamento sanremese.<\/p>\n<p>Ornella Vanoni, il ricordo dell\u2019amica Andr\u00e9e Ruth Shammah (8)<\/p>\n<p>Domenico Marocchi si \u00e8 recato ad intervistare una carissima amica di <a href=\"https:\/\/dilei.it\/vip\/ornella-vanoni-morta\/1962319\/\" rel=\"nofollow noopener\" target=\"_blank\">Ornella Vanoni, scomparsa<\/a> lo scorso 22 novembre, ovvero la regista <strong class=\"Yjhzub\" data-processed=\"true\">Andr\u00e9e Ruth Shammah<\/strong>. Caterina Balivo racconta che proprio il giorno della morte dell\u2019artista, la regista era <a href=\"https:\/\/dilei.it\/vip\/video\/ornella-vanoni-ultima-telefonata\/1975996\/\" rel=\"nofollow noopener\" target=\"_blank\">riuscita a sentirla al telefono.<\/a> \u201cAscoltandola, lei per me non \u00e8 mai morta\u201d rivela Andr\u00e9e, \u201cTra i desideri pi\u00f9 grandi di Ornella c\u2019era il sogno di cantare al Teatro La Scala\u201d e prosegue dicendo che per <strong>Paolo Conte<\/strong> era stata fatta un\u2019eccezione, gli era stato permesso di cantare a La Scala, quindi avrebbero dovuto dare il via libera anche a Ornella Vanoni.<\/p>\n<p>La regista prosegue raccontando ancora alcuni <strong>retroscena sulla vita della Vanoni<\/strong>, svelando che la cantante avrebbe tanto voluto fare teatro e e commenta le tante foto che le stanno arrivando sul telefono che la ritraggono insieme ad Ornella, di spalle e a braccetto, complici.<\/p>\n<p>La Balivo mostra una clip in cui <a href=\"https:\/\/dilei.it\/star-e-vip\/roberto-vecchioni\/\" rel=\"nofollow noopener\" target=\"_blank\">Roberto Vecchioni<\/a> racconta come la Vanoni gli sia stata vicina, sia a lui che a<a href=\"https:\/\/dilei.it\/spettacolo\/roberto-vecchioni-domenica-in-moglie-daria\/1641290\/\" rel=\"nofollow noopener\" target=\"_blank\"> sua moglie Daria<\/a> dopo la morte del figlio, e di come li chiamasse ogni sera: \u201cIl dolore non mi fa paura, ora voglio sentire quello degli altri e calmarglielo\u201d aveva detto la Vanoni e Andr\u00e9e spiega come l\u2019artista aveva sofferto talmente tanto nella sua vita, anche per <a href=\"https:\/\/dilei.it\/vip\/chi-e-cristiano-ardenzi-figlio-ornella-vanoni\/734116\/\" rel=\"nofollow noopener\" target=\"_blank\">la lontananza da suo figlio,<\/a> che ad un certo punto aveva imparato a convivere con questo dolore, tanto da <strong>non temerlo pi\u00f9.<\/strong><\/p>\n<p>Guillermo Mariotto attacca Carolyn Smith e Rossella Erra (5)<\/p>\n<p>Il direttore di NuovoTv, <strong>Riccardo Signoretti<\/strong>, parla dell\u2019intervista fatta a <a href=\"https:\/\/dilei.it\/star-e-vip\/guillermo-mariotto\/\" rel=\"nofollow noopener\" target=\"_blank\">Guillermo Mariotto,<\/a> uno dei giudici pi\u00f9 discussi di Ballando con le Stelle: nelle sue parole anche un attacco diretto a <a href=\"https:\/\/dilei.it\/star-e-vip\/carolyn-smith\/\" rel=\"nofollow noopener\" target=\"_blank\">Carolyn Smith<\/a> con la quale ci sono stati diversi scontri in diretta, e diversi gossip sulle coppie in gara nello show. Mariotto nell\u2019intervista ha definito <strong>Rossella Erra<\/strong> \u201cil numero 43 della smorfia napoletana\u201d e, in collegamento da una sfilata di moda, il giudice dice che \u00e8 stata la stessa Erra a suggerirgli questo appellativo.<\/p>\n<p>Signoretti interviene ribadendo che Mariotto non \u00e8 stato generoso con la Erra definendola \u201cLa pettegola affacciata al balcone\u201d, ma Mariotto si difende come pu\u00f2.<\/p>\n<p>Resta sempre aggiornata:\u00a0<a href=\"https:\/\/www.whatsapp.com\/channel\/0029Vb68mVyHVvTWezDm7d0R\" rel=\"nofollow noopener\" target=\"_blank\">iscriviti al nostro canale WhatsApp!<\/a><\/p>\n","protected":false},"excerpt":{"rendered":"Dopo la pausa del weekend, torna luned\u00ec 1 dicembre l\u2019appuntamento con La Volta Buona, il salotto di Ra1&hellip;\n","protected":false},"author":3,"featured_media":241662,"comment_status":"","ping_status":"","sticky":false,"template":"","format":"standard","meta":{"footnotes":""},"categories":[174],"tags":[16556,39049,203,204,1537,90,89,2377,36768,214],"class_list":{"0":"post-241661","1":"post","2":"type-post","3":"status-publish","4":"format-standard","5":"has-post-thumbnail","7":"category-intrattenimento","8":"tag-ballando-con-le-stelle","9":"tag-caterina-balivo","10":"tag-entertainment","11":"tag-intrattenimento","12":"tag-it","13":"tag-italia","14":"tag-italy","15":"tag-milly-carlucci","16":"tag-ornella-vanoni","17":"tag-spettacolo"},"share_on_mastodon":{"url":"https:\/\/pubeurope.com\/@it\/115648797450611198","error":""},"_links":{"self":[{"href":"https:\/\/www.europesays.com\/it\/wp-json\/wp\/v2\/posts\/241661","targetHints":{"allow":["GET"]}}],"collection":[{"href":"https:\/\/www.europesays.com\/it\/wp-json\/wp\/v2\/posts"}],"about":[{"href":"https:\/\/www.europesays.com\/it\/wp-json\/wp\/v2\/types\/post"}],"author":[{"embeddable":true,"href":"https:\/\/www.europesays.com\/it\/wp-json\/wp\/v2\/users\/3"}],"replies":[{"embeddable":true,"href":"https:\/\/www.europesays.com\/it\/wp-json\/wp\/v2\/comments?post=241661"}],"version-history":[{"count":0,"href":"https:\/\/www.europesays.com\/it\/wp-json\/wp\/v2\/posts\/241661\/revisions"}],"wp:featuredmedia":[{"embeddable":true,"href":"https:\/\/www.europesays.com\/it\/wp-json\/wp\/v2\/media\/241662"}],"wp:attachment":[{"href":"https:\/\/www.europesays.com\/it\/wp-json\/wp\/v2\/media?parent=241661"}],"wp:term":[{"taxonomy":"category","embeddable":true,"href":"https:\/\/www.europesays.com\/it\/wp-json\/wp\/v2\/categories?post=241661"},{"taxonomy":"post_tag","embeddable":true,"href":"https:\/\/www.europesays.com\/it\/wp-json\/wp\/v2\/tags?post=241661"}],"curies":[{"name":"wp","href":"https:\/\/api.w.org\/{rel}","templated":true}]}}