{"id":241814,"date":"2025-12-02T09:55:11","date_gmt":"2025-12-02T09:55:11","guid":{"rendered":"https:\/\/www.europesays.com\/it\/241814\/"},"modified":"2025-12-02T09:55:11","modified_gmt":"2025-12-02T09:55:11","slug":"tanti-eventi-in-agenda-qui-il-centro-deuropa","status":"publish","type":"post","link":"https:\/\/www.europesays.com\/it\/241814\/","title":{"rendered":"\u00abTanti eventi in agenda qui il centro d&#8217;Europa\u00bb"},"content":{"rendered":"<p><strong>Si schiaccia, si salta, si corre, si nuota, si discute, cresce la consapevolezza dell&#8217;importanza dello sport<\/strong>. L&#8217;11 dicembre Napoli diventer\u00e0 Capitale Europea dello Sport con un palinsesto di oltre trenta eventi di carattere internazionale che la faranno regina continentale dell&#8217;attivit\u00e0 sportiva.<strong> L&#8217;assessore allo sport del Comune, Emanuela Ferrante, sar\u00e0 a Bruxelles per uno dei momenti pi\u00f9 emozionanti della storia sportiva di Partenope<\/strong>: la consegna della bandiera che ricever\u00e0 dalle mani del presidente europeo dell&#8217;Aces, Gian Francesco Lupattelli. Poi sar\u00e0 una immersione a tutto sport.<\/p>\n<p><p>APPROFONDIMENTI<\/p>\n<\/p>\n<p>L&#8217;11 dicembre, in una cerimonia al Parlamento europeo di Bruxelles la consegna della bandiera da parte di <strong>ACES Europe<\/strong>. Si tratta di un\u2019Associazione no profit con sede a Bruxelles che consegna dal 2001 il premio di European Capital of Sport. L&#8217;assegnazione viene portata secondo i principi di responsabilit\u00e0 e di etica, nella consapevolezza che lo sport \u00e8 un fattore di integrazione nella societ\u00e0, per il miglioramento della qualit\u00e0 della vita e la salute di chi lo pratica. <\/p>\n<p>L\u2019organizzazione\u00a0 <\/p>\n<p>Il Comitato organizzatore della Capitale Europea dello sport avr\u00e0 il compito di coordinare innanzitutto il calendario di <strong>eventi legati agli anni che vanno da 2024 al 2026<\/strong>. Diventare capitale europea dello sport significa soprattutto lasciare in eredit\u00e0 ai propri cittadini un futuro migliore nello sport. Ad esempio, ad Anversa, Capitale dello Sport nel 2013, le persone attive sono aumentate del 10%. L&#8217;Andalusia, Regione Europea dello Sport 2021 ha avuto un ritorno sull&#8217;investimento di 156 milioni di euro.<strong> A Torino, Capitale Europea dello sport 2015, si sono svolti pi\u00f9 di 1.000 eventi<\/strong>.<\/p>\n<p><a class=\"link_item\" data-linked_from=\"9220409\" href=\"https:\/\/www.ilmattino.it\/napoli\/cronaca\/meteo_napoli_campania_allerta_meteo_gialla_maltempo_ultime_notizie-9219980.html\" rel=\"nofollow noopener\" target=\"_blank\">Meteo Napoli, allerta gialla in Campania: previsti forti temporali<\/a><\/p>\n<p>E c\u2019\u00e8 una corsia in qualche modo privilegiata per la richiesta dei Fondi Ue. A Genova, Capitale europea dello sport 2024 l&#8217;indotto economico \u00e8 stato altissimo. Si comincia, allora. Da Coni e Comune promettono per il 2026 un grande villaggio dello sport sul lungomare dove poter approcciare le discipline sportive: canoa, canottaggio, vela in mare. Beach volley, Beach rugby, beach soccer su campetti allestiti sul lungomare. Piazza del Plebiscito non sar\u00e0 da meno.<strong> L&#8217;appuntamento \u00e8 per venerd\u00ec 11 settembre in occasione degli Europei di pallavolo maschile<\/strong>. I prossimi campionati continentali si disputeranno dal 10 al 27 settembre 2026. L\u2019Italia sar\u00e0 coorganizzatrice dell\u2019evento insieme a Bulgaria, Finlandia e Romania. in Piazza del Plebiscito si giocher\u00e0 la partita inaugurale della manifestazione.  <\/p>\n<p>La scelta <\/p>\n<p><strong>A Napoli non ci sono palazzetti adatti? <\/strong>La Cev ha scelto una partita all&#8217;aperto: ore 21.05 Italia-Svezia il 10 settembre. E cos\u00ec ecco che il calendario sportivo napoletano che si apre sempre con il Trofeo Campobasso, la prima manifestazione velica riservata agli optimist e organizzata dal Circolo Savoia, prevede grandi appuntamenti internazionali come la Coelmo <strong>Napoli City Half Maraton<\/strong> di febbraio che punta ai 10.000 iscritti. E ancora appuntamenti come la Tre Golfi, o la Capri-Napoli. Per non dimenticare il mondiale ORC Vela d\u2019Altura 5-14 maggio e il Campionato Europeo Maxi (maxi yacht) 21-28 maggio che si svolgeranno nel <a href=\"https:\/\/www.ilmattino.it\/t\/golfo-di-napoli\" rel=\"nofollow noopener\" target=\"_blank\">Golfo di Napoli<\/a> con base Sorrento.  <\/p>\n<p><a class=\"link_item\" data-linked_from=\"9220409\" href=\"https:\/\/www.ilmattino.it\/napoli\/cronaca\/controllo_asse_mediano_frattamaggiore_arrestato_un_diciottenne-9220002.html\" rel=\"nofollow noopener\" target=\"_blank\">Frattamaggiore, controlli della Polizia sull\u2019Asse Mediano contro i rapinatori: \u200barrestato un 18enne<\/a><\/p>\n<p><strong>New Entry per la Capitale Europea<\/strong> dello sport una grande manifestazione di equitazione mentre sar\u00e0 confermato il circuito cadetti di scherma. E ancora le <strong>Final Six di ginnastica artistica<\/strong>, a gennaio il concentramento della Conference Cup con il Posillipo di pallanuoto che vale final eight. E ancora l&#8217;Europeo di judo Under 23 in autunno. Sono 50 anni che una grande manifestazione internazionale di judo non si svolge a Napoli. Sembra quasi un preludio, ma la<strong> fiaccola di Olimpia<\/strong>, quella che accender\u00e0 i <strong>Giochi di Milano-Cortina<\/strong> passer\u00e0 per Napoli a Natale. L&#8217;arrivo \u00e8 previsto il 23 dicembre; il corteo attraverser\u00e0 i centri abitati per consentire a tutti di assistere al passaggio, fino all\u2019accensione del braciere cittadino attorno alle 19.30. Ogni citt\u00e0 di tappa ospiter\u00e0 una \u201cCity Celebration\u201d, un villaggio sportivo che si trasformer\u00e0 in festa all\u2019arrivo della fiamma. <\/p>\n<p>Il calendario\u00a0 <\/p>\n<p>Si tratta in questo caso delle Olimpiadi, ma lo sport, si sa, parla con una voce unica. Un calendario pi\u00f9 strutturato arriver\u00e0 nei prossimi giorni, si tratter\u00e0 di aspettare ancora un po\u2019 per avere un quadro completo di quello che accadr\u00e0. Il Comune di Napoli ha pubblicato diversi bandi per <strong>\u201cNapoli Capitale Europea dello Sport 2026\u201d<\/strong>, tra cui un bando per la selezione di eventi sportivi e un altro per la ricerca di sponsor. Il 10 dicembre scade quello per gli eventi sportivi. Poi sar\u00e0 un anno di Napoli a tutto sport.<\/p>\n","protected":false},"excerpt":{"rendered":"Si schiaccia, si salta, si corre, si nuota, si discute, cresce la consapevolezza dell&#8217;importanza dello sport. L&#8217;11 dicembre&hellip;\n","protected":false},"author":3,"featured_media":241815,"comment_status":"","ping_status":"","sticky":false,"template":"","format":"standard","meta":{"footnotes":""},"categories":[1474],"tags":[2032,1537,90,89,245,244,1869],"class_list":{"0":"post-241814","1":"post","2":"type-post","3":"status-publish","4":"format-standard","5":"has-post-thumbnail","7":"category-volley","8":"tag-america","9":"tag-it","10":"tag-italia","11":"tag-italy","12":"tag-sport","13":"tag-sports","14":"tag-volley"},"share_on_mastodon":{"url":"https:\/\/pubeurope.com\/@it\/115649375296083721","error":""},"_links":{"self":[{"href":"https:\/\/www.europesays.com\/it\/wp-json\/wp\/v2\/posts\/241814","targetHints":{"allow":["GET"]}}],"collection":[{"href":"https:\/\/www.europesays.com\/it\/wp-json\/wp\/v2\/posts"}],"about":[{"href":"https:\/\/www.europesays.com\/it\/wp-json\/wp\/v2\/types\/post"}],"author":[{"embeddable":true,"href":"https:\/\/www.europesays.com\/it\/wp-json\/wp\/v2\/users\/3"}],"replies":[{"embeddable":true,"href":"https:\/\/www.europesays.com\/it\/wp-json\/wp\/v2\/comments?post=241814"}],"version-history":[{"count":0,"href":"https:\/\/www.europesays.com\/it\/wp-json\/wp\/v2\/posts\/241814\/revisions"}],"wp:featuredmedia":[{"embeddable":true,"href":"https:\/\/www.europesays.com\/it\/wp-json\/wp\/v2\/media\/241815"}],"wp:attachment":[{"href":"https:\/\/www.europesays.com\/it\/wp-json\/wp\/v2\/media?parent=241814"}],"wp:term":[{"taxonomy":"category","embeddable":true,"href":"https:\/\/www.europesays.com\/it\/wp-json\/wp\/v2\/categories?post=241814"},{"taxonomy":"post_tag","embeddable":true,"href":"https:\/\/www.europesays.com\/it\/wp-json\/wp\/v2\/tags?post=241814"}],"curies":[{"name":"wp","href":"https:\/\/api.w.org\/{rel}","templated":true}]}}