{"id":241873,"date":"2025-12-02T10:42:10","date_gmt":"2025-12-02T10:42:10","guid":{"rendered":"https:\/\/www.europesays.com\/it\/241873\/"},"modified":"2025-12-02T10:42:10","modified_gmt":"2025-12-02T10:42:10","slug":"tensione-nato-russia-su-cyber-attacchi-e-guerra-ibrida-le-ipotesi-sulle-regole-dingaggio","status":"publish","type":"post","link":"https:\/\/www.europesays.com\/it\/241873\/","title":{"rendered":"Tensione Nato Russia su cyber attacchi e guerra ibrida: le ipotesi sulle regole d&#8217;ingaggio"},"content":{"rendered":"<p>Tornando al tema della gestione delle <b>minacce cyber,<\/b> \u00e8 su questo punto potrebbero aprirsi degli spazi sinora inesplorati. L\u2019ammiraglio Cavo Dragone ha detto: \u201c<b>Essere pi\u00f9 aggressivi rispetto alla nostra controparte potrebbe essere un&#8217;opzione<\/b>. Le questioni sono il quadro giuridico, il quadro giurisdizionale, chi lo far\u00e0?\u201d. Cavo Dragone ha ammesso che la NATO e i suoi membri hanno \u201cmolti pi\u00f9 limiti della nostra controparte per motivi etici, legali, giurisdizionali. \u00c8 un problema. Non voglio dire che sia una posizione perdente, ma \u00e8 una posizione pi\u00f9 difficile di quella della nostra controparte\u201d. Mosca, insomma, ha molti meno scrupoli della NATO, che \u00e8 pur sempre un&#8217;alleanza difensiva. Ecco perch\u00e9 <b>non \u00e8 facile accomodare la linea degli alleati pi\u00f9 esposti alle azioni russe.<\/b> Cavo Dragone ha affermato, infatti, che \u201c<b>un attacco preventivo\u201d potrebbe essere considerato \u201cun&#8217;azione difensiva<\/b>\u201d, ma poi ha aggiunto: \u201c<b>\u00c8 pi\u00f9 lontano dal nostro modo normale di pensare<\/b> e di comportarci\u201d.<\/p>\n","protected":false},"excerpt":{"rendered":"Tornando al tema della gestione delle minacce cyber, \u00e8 su questo punto potrebbero aprirsi degli spazi sinora inesplorati.&hellip;\n","protected":false},"author":3,"featured_media":241874,"comment_status":"","ping_status":"","sticky":false,"template":"","format":"standard","meta":{"footnotes":""},"categories":[160],"tags":[14,24279,164,165,369,77,166,2737,7,15,171,170,11,167,12,168,161,162,163],"class_list":{"0":"post-241873","1":"post","2":"type-post","3":"status-publish","4":"format-standard","5":"has-post-thumbnail","7":"category-mondo","8":"tag-cronaca","9":"tag-cybersecurity","10":"tag-dal-mondo","11":"tag-dalmondo","12":"tag-digitall","13":"tag-guerra","14":"tag-mondo","15":"tag-nato","16":"tag-news","17":"tag-notizie","18":"tag-russia","19":"tag-ucraina","20":"tag-ultime-notizie","21":"tag-ultime-notizie-di-mondo","22":"tag-ultimenotizie","23":"tag-ultimenotiziedimondo","24":"tag-world","25":"tag-world-news","26":"tag-worldnews"},"share_on_mastodon":{"url":"https:\/\/pubeurope.com\/@it\/115649560234432862","error":""},"_links":{"self":[{"href":"https:\/\/www.europesays.com\/it\/wp-json\/wp\/v2\/posts\/241873","targetHints":{"allow":["GET"]}}],"collection":[{"href":"https:\/\/www.europesays.com\/it\/wp-json\/wp\/v2\/posts"}],"about":[{"href":"https:\/\/www.europesays.com\/it\/wp-json\/wp\/v2\/types\/post"}],"author":[{"embeddable":true,"href":"https:\/\/www.europesays.com\/it\/wp-json\/wp\/v2\/users\/3"}],"replies":[{"embeddable":true,"href":"https:\/\/www.europesays.com\/it\/wp-json\/wp\/v2\/comments?post=241873"}],"version-history":[{"count":0,"href":"https:\/\/www.europesays.com\/it\/wp-json\/wp\/v2\/posts\/241873\/revisions"}],"wp:featuredmedia":[{"embeddable":true,"href":"https:\/\/www.europesays.com\/it\/wp-json\/wp\/v2\/media\/241874"}],"wp:attachment":[{"href":"https:\/\/www.europesays.com\/it\/wp-json\/wp\/v2\/media?parent=241873"}],"wp:term":[{"taxonomy":"category","embeddable":true,"href":"https:\/\/www.europesays.com\/it\/wp-json\/wp\/v2\/categories?post=241873"},{"taxonomy":"post_tag","embeddable":true,"href":"https:\/\/www.europesays.com\/it\/wp-json\/wp\/v2\/tags?post=241873"}],"curies":[{"name":"wp","href":"https:\/\/api.w.org\/{rel}","templated":true}]}}