{"id":242110,"date":"2025-12-02T13:53:11","date_gmt":"2025-12-02T13:53:11","guid":{"rendered":"https:\/\/www.europesays.com\/it\/242110\/"},"modified":"2025-12-02T13:53:11","modified_gmt":"2025-12-02T13:53:11","slug":"giovedi-con-piogge-alluvionali-e-meteo-estremo-sono-4-le-regioni-a-rischio","status":"publish","type":"post","link":"https:\/\/www.europesays.com\/it\/242110\/","title":{"rendered":"Gioved\u00ec con piogge alluvionali e meteo estremo, sono 4 le regioni a rischio"},"content":{"rendered":"<p><img decoding=\"async\" fetchpriority=\"high\" loading=\"eager\" itemprop=\"image\" class=\"news_content_image\" src=\"https:\/\/www.europesays.com\/it\/wp-content\/uploads\/2025\/12\/meteo-avviso-21225.jpg\" alt=\"\" title=\"Avviso meteo: fase di intenso maltempo in arrivo su alcune regioni \" width=\"700\" height=\"502\"\/>Avviso meteo: fase di intenso maltempo in arrivo su alcune regioni\n<\/p>\n<p><b>Avviso<\/b>: un ciclone mediterraneo \u00e8 pronto all&#8217;impatto. Nei prossimi giorni, in particolare Gioved\u00ec 4 Dicembre, \u00e8 previsto il clou di un&#8217;ondata di maltempo importante: saranno ben <b>4 le regioni a<\/b> serio <b>rischio <\/b>di <b>piogge alluvionali<\/b> e di un <b>meteo estremo<\/b>.<\/p>\n<p>Ma cosa sta per accadere? L&#8217;ingresso di correnti fortemente instabili, in discesa dal Nord Europa, innescher\u00e0 la formazione di una vasta area di bassa pressione (<b>ciclone<\/b>) a partire dalla giornata di <b>Mercoled\u00ec 3 Dicembre<\/b>: in altre parole, si tratta di un sistema perturbato particolarmente violento, destinato ad influenzare il tempo su parte dell&#8217;Italia nelle ore e nei giorni successivi.<br \/>Questa struttura ciclonica verr\u00e0 continuamente alimentata da due fattori, strettamente collegati tra loro: <b>masse d\u2019aria fredda provenienti dal Nord Europa<\/b> e il <b>calore accumulatosi nelle acque superficiali del mare<\/b> dopo settimane\/mesi di caldo anomalo; il mare, infatti, ha immagazzinato una notevole quantit\u00e0 di calore durante l\u2019Estate (ma anche in Autunno) e ora lo rilascia gradualmente nell\u2019atmosfera. Questo calore favorisce l\u2019evaporazione, arricchendo l\u2019aria di umidit\u00e0. <br \/>Sar\u00e0 proprio questa umidit\u00e0 il \u201ccarburante\u201d che render\u00e0 possibile lo sviluppo di nubi cariche di pioggia, temporali intensi e precipitazioni anche molto abbondanti. L\u2019energia potenziale accumulata sotto forma di vapore acqueo pu\u00f2, se innescata dalle giuste condizioni atmosferiche, dar luogo a fenomeni violenti e improvvisi.<\/p>\n<p><b>AVVISO METEO: ATTENZIONE A GIOVEDI&#8217; 4 DICEMBRE<br \/><\/b>Massima attenzione nel corso delle giornate di Mercoled\u00ec 3<b> <\/b>e soprattutto<b> Gioved\u00ec 4 Dicembre<\/b> quando il ciclone colpir\u00e0 il Sud, in particolare la <b>Sicilia<\/b>, la <b>Calabria<\/b>, la <b>Puglia<\/b> e la <b>Basilicata<\/b> dove i venti dai quadranti meridionali spingeranno aria calda e umida che alimenter\u00e0 i forti sistemi temporaleschi.<br \/>In alcune zone potrebbero cadere <b>80-100 mm<\/b> di pioggia <b>in un\u2019ora<\/b> e addirittura fino a <b>200 mm<\/b> entro la fine dell&#8217;evento; si tratta di quantitativi d&#8217;acqua molto importanti, che possono causare locali allagamenti o<b> alluvioni lampo<\/b>, specie nei corsi d&#8217;acqua secondari. <br \/>La <b>mappa <\/b>qui sotto mostra le cumulate di pioggia previste: dopo giorni di piogge intense, con i terreni ormai saturi d&#8217;acqua, salir\u00e0 ulteriormente il rischio di allagamenti e alluvioni. Bastano infatti pochi minuti di pioggia intensa perch\u00e9 strade, fossati e torrenti tracimino all\u2019improvviso. Il terreno non trattiene pi\u00f9 nulla: l\u2019acqua prende la via pi\u00f9 rapida e, spesso, pi\u00f9 pericolosa.<img decoding=\"async\" fetchpriority=\"low\" loading=\"lazy\" itemprop=\"image\" class=\"news_content_image\" src=\"https:\/\/www.europesays.com\/it\/wp-content\/uploads\/2025\/12\/meteo-avviso-zone-21225.jpg\" alt=\"\" title=\"Zone a rischio nubifragi e piogge alluvionali\" width=\"700\" height=\"581\"\/>Zone a rischio nubifragi e piogge alluvionali<b>COSA SIGNIFICA <\/b><b>ALLUVIONI LAMPO<br \/><\/b>Il termine <b>alluvione-lampo<\/b> \u00e8 diverso da quello di alluvione classica e viene usato per indicare un evento meteo estremo che si verifica a seguito di intensi temporali associati a nubifragi in lento movimento o anche stazionari su piccoli bacini idrici, fiumi, torrenti e perfino ruscelli che prima della pioggia possono essere anche completamente secchi.<br \/>Si tratta di un <b>fenomeno molto pericoloso <\/b>in quanto l&#8217;intensit\u00e0 della pioggia \u00e8 davvero elevata: in un&#8217;ora possono accumularsi anche le precipitazioni che normalmente cadrebbero nell&#8217;arco di 3 mesi. La durata dell&#8217;evento \u00e8 spesso breve, nell\u2019ordine di qualche ora al massimo e per questo motivo si configura come uno degli eventi pi\u00f9 estremi, sia per la violenza stessa dei fenomeni associati, sia perch\u00e9 non concede molto tempo per allertare la popolazione interessata.<\/p>\n","protected":false},"excerpt":{"rendered":"Avviso meteo: fase di intenso maltempo in arrivo su alcune regioni Avviso: un ciclone mediterraneo \u00e8 pronto all&#8217;impatto.&hellip;\n","protected":false},"author":3,"featured_media":242111,"comment_status":"","ping_status":"","sticky":false,"template":"","format":"standard","meta":{"footnotes":""},"categories":[6],"tags":[14,8,1537,90,89,419,7,15,82,9,83,10,13,11,80,84,12,81,85],"class_list":{"0":"post-242110","1":"post","2":"type-post","3":"status-publish","4":"format-standard","5":"has-post-thumbnail","7":"category-ultime-notizie","8":"tag-cronaca","9":"tag-headlines","10":"tag-it","11":"tag-italia","12":"tag-italy","13":"tag-meteo","14":"tag-news","15":"tag-notizie","16":"tag-notizie-di-cronaca","17":"tag-notizie-principali","18":"tag-notiziedicronaca","19":"tag-notizieprincipali","20":"tag-titoli","21":"tag-ultime-notizie","22":"tag-ultime-notizie-di-cronaca","23":"tag-ultime-notizie-e-news-di-oggi","24":"tag-ultimenotizie","25":"tag-ultimenotiziedicronaca","26":"tag-ultimenotizieenewsdioggi"},"share_on_mastodon":{"url":"https:\/\/pubeurope.com\/@it\/115650311549227372","error":""},"_links":{"self":[{"href":"https:\/\/www.europesays.com\/it\/wp-json\/wp\/v2\/posts\/242110","targetHints":{"allow":["GET"]}}],"collection":[{"href":"https:\/\/www.europesays.com\/it\/wp-json\/wp\/v2\/posts"}],"about":[{"href":"https:\/\/www.europesays.com\/it\/wp-json\/wp\/v2\/types\/post"}],"author":[{"embeddable":true,"href":"https:\/\/www.europesays.com\/it\/wp-json\/wp\/v2\/users\/3"}],"replies":[{"embeddable":true,"href":"https:\/\/www.europesays.com\/it\/wp-json\/wp\/v2\/comments?post=242110"}],"version-history":[{"count":0,"href":"https:\/\/www.europesays.com\/it\/wp-json\/wp\/v2\/posts\/242110\/revisions"}],"wp:featuredmedia":[{"embeddable":true,"href":"https:\/\/www.europesays.com\/it\/wp-json\/wp\/v2\/media\/242111"}],"wp:attachment":[{"href":"https:\/\/www.europesays.com\/it\/wp-json\/wp\/v2\/media?parent=242110"}],"wp:term":[{"taxonomy":"category","embeddable":true,"href":"https:\/\/www.europesays.com\/it\/wp-json\/wp\/v2\/categories?post=242110"},{"taxonomy":"post_tag","embeddable":true,"href":"https:\/\/www.europesays.com\/it\/wp-json\/wp\/v2\/tags?post=242110"}],"curies":[{"name":"wp","href":"https:\/\/api.w.org\/{rel}","templated":true}]}}