{"id":242112,"date":"2025-12-02T13:59:13","date_gmt":"2025-12-02T13:59:13","guid":{"rendered":"https:\/\/www.europesays.com\/it\/242112\/"},"modified":"2025-12-02T13:59:13","modified_gmt":"2025-12-02T13:59:13","slug":"mandiraci-on-fire-porro-spettacolare-simon-consigliere-boninfante-e-papi-ci-mettono-cuore-e-passione","status":"publish","type":"post","link":"https:\/\/www.europesays.com\/it\/242112\/","title":{"rendered":"\u00abMandiraci &#8220;on fire&#8221;, Porro spettacolare, Simon consigliere, Boninfante e Papi ci mettono cuore e passione\u00bb"},"content":{"rendered":"<p>Alessandro Bovolenta,<strong> <\/strong>opposto della Gas Sales Bluenergy, \u00e8 stato ospite della sesta puntata di After Hours-La SuperLega di notte, il talk trasmesso in diretta ogni domenica sera con Andrea Zorzi, Andrea Brogioni<strong> <\/strong>e i protagonisti della Serie A Credem Banca.<\/p>\n<p>Protagonisti, tra gli altri, Fernando Kreling (Allianz Milano), Paul Buchegger (Valsa Group Modena), Diego Frascio (Vero Volley Monza), Marco Gaggini (Sir Susa Scai Perugia), Francesco Bisotto (Cucine Lube Civitanova) e Luca Spirito (Panathinaikos Athletic Club).<\/p>\n<p><strong>Efe Mandiraci<\/strong> \u2013 Domenica Efe era on fire, ha fatto una partita da stropicciarsi gli occhi. \u00c8 un giocatore che fa la differenza, quando c\u2019\u00e8 si sente tanto, \u00e8 veramente molto importante per noi.<\/p>\n<p><strong>Il braccio pi\u00f9 \u201cpesante\u201d<\/strong> \u2013 Mi sto concentrando molto sul lavoro fisico. Parlando anche con Simon, che ne sa pi\u00f9 di me, mi dice che lavorando bene in palestra, poi in campo giochi bene senza accorgertene. Il focus ora \u00e8 in sala pesi ed \u00e8 un lavoro che sto cercando di svolgere al meglio.<\/p>\n<p><strong>L\u2019inventiva di Porro<\/strong> \u2013 Paolo Porro \u00e8 spettacolare, s\u2019inventa cose incredibili. Ha un\u2019inventiva fuori dal comune. Magari pensi che certe cose le prova solo in allenamento e invece no, le prova soprattutto in partita. Per il muro avversario \u00e8 difficile capire un palleggiatore del genere.<\/p>\n<p><strong>Gutierrez e le coperture<\/strong> \u2013 Si sta mettendo a disposizione della squadra, in un ruolo che non \u00e8 visto come il suo ma che interpreta con grande impegno. In attacco \u00e8 molto forte, ma riuscire a fare una copertura in pi\u00f9, una difesa in pi\u00f9, \u00e8 importante.<\/p>\n<p><strong>Boninfante e Papi<\/strong> \u2013 Sono due professionisti, ci stanno mettendo cuore e passione per farci crescere. A inizio stagione, visto da fuori, partire con una squadra cos\u00ec giovane \u2013 a parte due o tre facce note \u2013 non era facile. Ma loro ci stanno mettendo tutto, con impegno e anche con simpatia, e noi cerchiamo di ripagarli in palestra, allenandoci e spingendo al massimo.<\/p>\n<p><strong>Il rapporto fra Simon e Gutierrez <\/strong>\u2013 Quando parlano spagnolo non ci capiamo niente\u2026 Si vede che sono amici e si divertono, malgrado gli anni di differenza.<\/p>\n<p><strong>La posizione in classifica<\/strong> \u2013 Siamo in una posizione della quale posso essere contento, ci siamo persi qualche set qua e l\u00e0, con Perugia e Verona abbiamo lasciato per strada belle occasioni. Ma abbiamo ingranato bene con Civitanova.<\/p>\n","protected":false},"excerpt":{"rendered":"Alessandro Bovolenta, opposto della Gas Sales Bluenergy, \u00e8 stato ospite della sesta puntata di After Hours-La SuperLega di&hellip;\n","protected":false},"author":3,"featured_media":242113,"comment_status":"","ping_status":"","sticky":false,"template":"","format":"standard","meta":{"footnotes":""},"categories":[1474],"tags":[113495,18202,1537,90,89,245,244,1869],"class_list":{"0":"post-242112","1":"post","2":"type-post","3":"status-publish","4":"format-standard","5":"has-post-thumbnail","7":"category-volley","8":"tag-alessandro-bovolenta","9":"tag-gas-sales-bluenergy","10":"tag-it","11":"tag-italia","12":"tag-italy","13":"tag-sport","14":"tag-sports","15":"tag-volley"},"share_on_mastodon":{"url":"https:\/\/pubeurope.com\/@it\/115650334846733827","error":""},"_links":{"self":[{"href":"https:\/\/www.europesays.com\/it\/wp-json\/wp\/v2\/posts\/242112","targetHints":{"allow":["GET"]}}],"collection":[{"href":"https:\/\/www.europesays.com\/it\/wp-json\/wp\/v2\/posts"}],"about":[{"href":"https:\/\/www.europesays.com\/it\/wp-json\/wp\/v2\/types\/post"}],"author":[{"embeddable":true,"href":"https:\/\/www.europesays.com\/it\/wp-json\/wp\/v2\/users\/3"}],"replies":[{"embeddable":true,"href":"https:\/\/www.europesays.com\/it\/wp-json\/wp\/v2\/comments?post=242112"}],"version-history":[{"count":0,"href":"https:\/\/www.europesays.com\/it\/wp-json\/wp\/v2\/posts\/242112\/revisions"}],"wp:featuredmedia":[{"embeddable":true,"href":"https:\/\/www.europesays.com\/it\/wp-json\/wp\/v2\/media\/242113"}],"wp:attachment":[{"href":"https:\/\/www.europesays.com\/it\/wp-json\/wp\/v2\/media?parent=242112"}],"wp:term":[{"taxonomy":"category","embeddable":true,"href":"https:\/\/www.europesays.com\/it\/wp-json\/wp\/v2\/categories?post=242112"},{"taxonomy":"post_tag","embeddable":true,"href":"https:\/\/www.europesays.com\/it\/wp-json\/wp\/v2\/tags?post=242112"}],"curies":[{"name":"wp","href":"https:\/\/api.w.org\/{rel}","templated":true}]}}