{"id":242119,"date":"2025-12-02T14:07:10","date_gmt":"2025-12-02T14:07:10","guid":{"rendered":"https:\/\/www.europesays.com\/it\/242119\/"},"modified":"2025-12-02T14:07:10","modified_gmt":"2025-12-02T14:07:10","slug":"i-60-anni-di-luisa-corna-castrocaro-con-gli-883-gli-amori-con-serena-e-britti-la-calunnia-su-bossi-rovino-la-mia-vita-i-calendari-vorrei-tornare-a-sanremo","status":"publish","type":"post","link":"https:\/\/www.europesays.com\/it\/242119\/","title":{"rendered":"I 60 anni di Luisa Corna: Castrocaro con gli 883, gli amori con Serena e Britti, la calunnia su Bossi (\u00abrovin\u00f2 la mia vita\u00bb), i calendari. \u00abVorrei tornare a Sanremo\u00bb"},"content":{"rendered":"<p>    di<br \/>\n    Luca Bertelli<\/p>\n<p class=\"summary-art is-line-h-12\">La bresciana e il marito 45enne, il carabiniere Stefano Giovino vivono ora a Livorno. La musica \u00e8 tornata centrale nella vita di Luisa, che ha accantonato la tv e racconta: \u00abDa bambina ero timidissima, mi sentivo bene solo quando cantavo\u00bb. Sabato una festa in suo onore a Palazzolo, dove \u00e8 nata e cresciuta<\/p>\n<p class=\"chapter-paragraph\"><b>Luisa Corna<\/b>, bella e brava. Ed eclettica. Da sempre. Dagli esordi da giovanissima, rinunciando all&#8217;amata atletica (praticava con successo 400 e 800 metri a Brescia), sia come modella per Dolce e Gabbana e Missoni (sin dai 17 anni, anche in Australia e in America, per pagarsi i costi delle lezioni di canto e recitazione) sia come cantante (prese parte al Festival di Castrocaro del 1991 che vide l&#8217;esordio degli 883: lei arriv\u00f2 seconda, vinse Bracco Di Graci che torn\u00f2 in fretta e furia nella notte dopo un riconteggio dei voti mentre era gi\u00e0 in viaggio per Bologna). <b>Oggi compie 60 anni<\/b>, li festegger\u00e0 sabato <b>nella sua Palazzolo (Brescia)<\/b> in una pausa dello spettacolo \u201cDerby Cabaret\u201d, omaggio dedicato al celebre locale milanese e non alla sua Inter, di cui resta tifosissima: <b>suo padre Giacomo<\/b>, titolare di un\u2019impresa di corde e cavi per l\u2019edilizia e la nautica ma ex calciatore a buoni livelli, le trasmise la passione per il calcio sin da piccola. Non a caso, un pezzo della sua ricca carriera televisiva l&#8217;ha vista protagonista anche a &#8220;<b>Controcampo<\/b>&#8220;, dal 1999 al 2002, insieme a <b>Sandro Piccinini<\/b>, per poi passare in Rai con <b>Notti Mondiali<\/b> e diventare una colonna di <b>Domenica In<\/b>, prima nel 1997 &#8211; come cantante, <b>la not\u00f2 Michele Guard\u00ec in un provino e la volle poi Fabrizio Frizzi <\/b>&#8211; e poi dal 2005 al 2009 alla conduzione.\u00a0<\/p>\n<p>    La chiamata di Corrado a Mediaset: \u00abScusi, ma Corrado chi?\u00bb<\/p>\n<p class=\"chapter-paragraph\">In mezzo, <b>la lunga parentesi a Mediaset<\/b>. Il contatto con l&#8217;emittente l&#8217;ha raccontato oggi in un&#8217;intervista al Tirreno: \u00abQuel galantuomo di Corrado mi chiam\u00f2, nel periodo estivo del 1998, a condurre \u201cTira e molla\u201d. Ricordo quella telefonata quasi surreale. \u201cPronto, sono Corrado\u201d. <b>E io, inconsapevole che si trattava del grande intrattenitore, \u201cCorrado chi?\u201d di rimando, lui senza scomporsi \u201cMantoni, quello della tv\u201d.<\/b> Grazie ai suoi insegnamenti ho saputo alternare il ruolo di presentatrice a quello di cantante\u00bb.    &#13;<br \/>\n&#13;<br \/>\n&#13;<br \/>\n&#13;<br \/>\n&#13;<br \/>\n&#13;<br \/>\n&#13;<br \/>\n&#13;<br \/>\n&#13;<br \/>\n&#13;<br \/>\n&#13;<br \/>\n&#13;<br \/>\n&#13;<br \/>\n&#13;<br \/>\n&#13;<br \/>\n&#13;<br \/>\n&#13;<br \/>\n&#13;<br \/>\n&#13;<br \/>\n&#13;<br \/>\n&#13;<br \/>\n&#13;<br \/>\n&#13;<br \/>\n&#13;<br \/>\n&#13;<br \/>\n&#13;<br \/>\n&#13;<br \/>\n&#13;<br \/>\n&#13;<br \/>\n&#13;<br \/>\n&#13;<br \/>\n&#13;<br \/>\n&#13;<br \/>\n&#13;<br \/>\n&#13;<br \/>\n&#13;<br \/>\n&#13;<br \/>\n&#13;<br \/>\n&#13;<br \/>\n&#13;<br \/>\n&#13;<br \/>\n&#13;<br \/>\n&#13;<br \/>\n&#13;<br \/>\n&#13;<br \/>\n&#13;<br \/>\n&#13;<br \/>\n&#13;<br \/>\n&#13;<br \/>\n&#13;<br \/>\n&#13;<br \/>\n&#13;<br \/>\n&#13;\n<\/p>\n<p>    Sanremo e il doppio calendario:\u00a0\u00abEra una moda, ora non lo rifarei\u00bb<\/p>\n<p class=\"chapter-paragraph\">Tra le esperienze al cinema (con Salvatores) e a teatro (con Albertazzi), <b>nel 2002 realizza il sogno di una vita, che resta anche quello del suo presente<\/b> (<a href=\"https:\/\/www.corriere.it\/spettacoli\/25_febbraio_25\/san-marino-song-contest-2025-annunciati-i-20-finalisti-ci-saranno-anche-gabry-ponte-e-luisa-corna-60e9d8f2-8124-4452-aff1-ef9e0c0e1xlk.shtml\" title=\"San Marino Song Contest 2025, annunciati i 20 finalisti: ci saranno anche Gabry Ponte e Luisa Corna\" rel=\"nofollow noopener\" target=\"_blank\">non \u00e8 per\u00f2 pi\u00f9 tornata come concorrente nella citt\u00e0 dei fiori, lo scorso anno ha preso parte al San Marino Song Contest<\/a>): <b>partecipare al Festival di Sanremo, in coppia con Fausto Leali<\/b>, bresciano come lei. Sono i favoriti della vigilia, arrivano quarti con &#8220;Ora che ho bisogno di te&#8221; nell&#8217;edizione che segna il ritorno di Pippo Baudo alla conduzione e di Gino Paoli in gara (fu terzo), con la vittoria dei Matia Bazar. <b>La sua avvenenza, lo stesso anno, la porta a posare per un calendario<\/b>: prima con Capital, poi l&#8217;anno successivo con Panorama. Dieci anni fa raccont\u00f2 a Libero in un&#8217;intervista: \u00abIn quegli anni il calendario era molto popolare, l\u2019avevano fatto anche Monica Bellucci, o uomini come Alessandro Gassmann. <b>Era una moda. Oggi \u00e8 passata. Non lo rifarei, comunque\u00bb<\/b>.<\/p>\n<p>    Le relazioni con Serena e Britti, suo marito \u00e8 un carabiniere di 45 anni\u00a0<\/p>\n<p class=\"chapter-paragraph\">Luisa finisce anche al centro di numerosi gossip. <a href=\"https:\/\/brescia.corriere.it\/notizie\/spettacoli\/25_agosto_05\/luisa-corna-ho-15-anni-in-meno-di-mio-marito-ma-era-un-peccato-fermarsi-per-l-eta-serena-e-britti-a-volte-bisogna-avere-il-7128fd5f-427c-4fe4-9c47-cffe40befxlk.shtml\" title=\"Luisa Corna: \u00abHo 15 anni in pi\u00f9 di mio marito, ma era un peccato fermarsi per l&#039;et\u00e0. Serena e Britti? A volte bisogna avere il coraggio di lasciarsi, noi donne ne abbiamo di pi\u00f9\u00bb\" rel=\"nofollow noopener\" target=\"_blank\">La sua relazione pi\u00f9 lunga, con Aldo Serena, termina dopo 10 anni<\/a>. Poi il flirt di un anno con Alex Britti. Con entrambi i rapporti restano buoni, ma il grande amore lo sta vivendo ora: <b>due anni fa si \u00e8 sposata con il carabiniere Stefano Giovino, di 15 anni pi\u00f9 giovane<\/b>, ora vivono felicemente a Livorno.\u00a0<\/p>\n<p>    Le calunnie su Bossi:\u00a0\u00abPettegolezzo bufala che ha segnato la mia vita, ho vinto in tribunale ma non lo dice nessuno\u00bb<\/p>\n<p class=\"chapter-paragraph\">Nel mezzo, anche una vicenda che l&#8217;ha ferita molto: quando i social non esistevano ancora, n<b>el 2004 sui forum in rete si fece largo la voce secondo cui Corna fosse presente nella notte in cui Umberto Bossi venne colpito da ictus<\/b>.\u00a0<\/p>\n<p class=\"chapter-paragraph\"><b>Il tribunale ha sancito si trattasse di una calunnia<\/b>. \u00abSono stata ferita in passato, per quella vicenda, <b>una voce falsa che mi ha rovinato l\u2019esistenza<\/b>. Non ne voglio parlare\u00bb, disse dopo aver gi\u00e0 ricacciato numerose volte al mittente le illazioni. Ad esempio su Oggi, cui raccont\u00f2: \u00abUmberto Bossi l\u2019ho incontrato la prima e ultima volta <b>durante un concorso di Miss Padania<\/b>. Ma pi\u00f9 che conosciuto, l\u2019ho intravisto. Non credete a questa voce, \u00e8 falsa. Chi lo dice? Chi lo prova? Non c\u2019\u00e8 mai stato niente, mai una foto, mai. Perch\u00e9 credere ancora a una stupidaggine? \u2026 \u00c8 pazzesco. <b>\u00c8 un passaparola che non ti risparmia. Il fatto \u00e8 che certi ambienti, anche il mio, a volte sono davvero faticosi. E cattivi<\/b>\u00bb.\u00a0<\/p>\n<p class=\"chapter-paragraph\">Una vicenda che fin\u00ec, come ricordato, anche in tribunale dopo che un libro, <b>&#8220;Umberto Magno&#8221;<\/b>, millant\u00f2 prove e dettagli. \u00abIl Tribunale ha stabilito che nulla prova che il fatto sia mai accaduto &#8211; spieg\u00f2 l&#8217;artista in un&#8217;intervista a Vanity Fair &#8211; <b>\u00c8<\/b>\u00a0<b>sempre stata solo una grossa bufala, ma ha segnato la mia vita. <\/b>Un pettegolezzo nato in un blog anonimo. Per anni non ho potuto attaccare nessuno, mi faceva rabbia che nessuno si fosse preso la responsabilit\u00e0 di quella voce. S<b>ono andata in giudizio contro l&#8217;autore e ho vinto. Ma nessuno l&#8217;ha mai detto, \u00e8 pi\u00f9 comodo continuare a insinuare\u00bb<\/b>.<\/p>\n<p class=\"is-mr-t-20 is-mr-b-20\"><b><br \/>\n                    <a href=\"https:\/\/brescia.corriere.it\/?intcmp=Notizielocali_nd_010623_corriere_ss_brescia\" target=\"_blank\" rel=\"nofollow noopener\">Vai a tutte le notizie di Brescia<\/a><br \/>\n            <\/b><\/p>\n<p class=\"chapter-paragraph\"><b><a href=\"https:\/\/www.corriere.it\/newsletter\/?theme=62&amp;intcmp=NL-artic_nd_050624_corriere_ss_brescia\" target=\"_blank\" rel=\"nofollow noopener\">Iscriviti alla newsletter di Corriere Brescia<\/a><\/b><\/p>\n<p class=\"is-last-update\" datetime=\"2025-12-02T15:05:46+01:00\">2 dicembre 2025 ( modifica il 2 dicembre 2025 | 15:05)<\/p>\n<p class=\"is-copyright\">\n            \u00a9 RIPRODUZIONE RISERVATA\n        <\/p>\n","protected":false},"excerpt":{"rendered":"di Luca Bertelli La bresciana e il marito 45enne, il carabiniere Stefano Giovino vivono ora a Livorno. La&hellip;\n","protected":false},"author":3,"featured_media":242120,"comment_status":"","ping_status":"","sticky":false,"template":"","format":"standard","meta":{"footnotes":""},"categories":[1451],"tags":[500,143056,143057,79201,6073,29754,86401,143047,1267,8597,91513,2942,2774,143048,143049,70685,1621,1620,32320,29751,22068,203,19100,4501,4631,143050,1282,204,1537,90,89,8285,29752,27816,1258,7242,143051,9060,3112,4476,143052,47835,492,8559,4696,12343,1434,83508,2841,9143,22850,143053,13528,26503,6845,143054,6368,3892,253,5573,129244,2786,2200,21566,2938,143055],"class_list":{"0":"post-242119","1":"post","2":"type-post","3":"status-publish","4":"format-standard","5":"has-post-thumbnail","7":"category-celebrita","8":"tag-accaduto","9":"tag-accaduto-spiego","10":"tag-accaduto-spiego-artista","11":"tag-bossi","12":"tag-brescia","13":"tag-britti","14":"tag-bufala","15":"tag-bufala-segnato","16":"tag-buoni","17":"tag-calendario","18":"tag-calunnia","19":"tag-cantante","20":"tag-carabiniere","21":"tag-carabiniere-stefano","22":"tag-carabiniere-stefano-giovino","23":"tag-castrocaro","24":"tag-celebrita","25":"tag-celebrities","26":"tag-conduzione","27":"tag-corna","28":"tag-corrado","29":"tag-entertainment","30":"tag-falsa","31":"tag-ferita","32":"tag-festival","33":"tag-giovino","34":"tag-intervista","35":"tag-intrattenimento","36":"tag-it","37":"tag-italia","38":"tag-italy","39":"tag-livorno","40":"tag-luisa","41":"tag-luisa-corna","42":"tag-lunga","43":"tag-marito","44":"tag-marito-carabiniere","45":"tag-mediaset","46":"tag-moda","47":"tag-notte","48":"tag-palazzolo","49":"tag-pettegolezzo","50":"tag-presente","51":"tag-preso","52":"tag-prova","53":"tag-racconto","54":"tag-resta","55":"tag-rifarei","56":"tag-sabato","57":"tag-sanremo","58":"tag-segnato","59":"tag-serena-britti","60":"tag-serena","61":"tag-sin","62":"tag-stefano","63":"tag-stefano-giovino","64":"tag-tornata","65":"tag-tribunale","66":"tag-tv","67":"tag-umberto","68":"tag-umberto-bossi","69":"tag-vicenda","70":"tag-vinto","71":"tag-vivono","72":"tag-voce","73":"tag-voce-falsa"},"share_on_mastodon":{"url":"","error":"Validation failed: Text character limit of 500 exceeded"},"_links":{"self":[{"href":"https:\/\/www.europesays.com\/it\/wp-json\/wp\/v2\/posts\/242119","targetHints":{"allow":["GET"]}}],"collection":[{"href":"https:\/\/www.europesays.com\/it\/wp-json\/wp\/v2\/posts"}],"about":[{"href":"https:\/\/www.europesays.com\/it\/wp-json\/wp\/v2\/types\/post"}],"author":[{"embeddable":true,"href":"https:\/\/www.europesays.com\/it\/wp-json\/wp\/v2\/users\/3"}],"replies":[{"embeddable":true,"href":"https:\/\/www.europesays.com\/it\/wp-json\/wp\/v2\/comments?post=242119"}],"version-history":[{"count":0,"href":"https:\/\/www.europesays.com\/it\/wp-json\/wp\/v2\/posts\/242119\/revisions"}],"wp:featuredmedia":[{"embeddable":true,"href":"https:\/\/www.europesays.com\/it\/wp-json\/wp\/v2\/media\/242120"}],"wp:attachment":[{"href":"https:\/\/www.europesays.com\/it\/wp-json\/wp\/v2\/media?parent=242119"}],"wp:term":[{"taxonomy":"category","embeddable":true,"href":"https:\/\/www.europesays.com\/it\/wp-json\/wp\/v2\/categories?post=242119"},{"taxonomy":"post_tag","embeddable":true,"href":"https:\/\/www.europesays.com\/it\/wp-json\/wp\/v2\/tags?post=242119"}],"curies":[{"name":"wp","href":"https:\/\/api.w.org\/{rel}","templated":true}]}}