{"id":242133,"date":"2025-12-02T14:15:17","date_gmt":"2025-12-02T14:15:17","guid":{"rendered":"https:\/\/www.europesays.com\/it\/242133\/"},"modified":"2025-12-02T14:15:17","modified_gmt":"2025-12-02T14:15:17","slug":"sienna-miller-incinta-a-43-anni-il-look-col-pancione-ai-fashion-awards-2025","status":"publish","type":"post","link":"https:\/\/www.europesays.com\/it\/242133\/","title":{"rendered":"Sienna Miller incinta a 43 anni, il look col pancione ai Fashion Awards 2025"},"content":{"rendered":"<p>Tra bagliori glowy, romanticismo moderno e un ritorno alle vibrazioni boho che l\u2019hanno resa un\u2019icona, <strong>Sienna Miller conquista i Fashion Awards 2025 con un\u2019apparizione destinata a diventare memorabile<\/strong>. Grazie all\u2019hair look fiabesco dorato, al make-up etereo punteggiato da dettagli festivi e a <strong>un abito trasparente che rivela con eleganza la sua terza gravidanza (a 43 anni)<\/strong>. Trasformando l\u2019evento in un inaspettato inno alla femminilit\u00e0 luminosa e senza tempo.<\/p>\n<p>                <img fetchpriority=\"high\" decoding=\"async\" id=\"imgVideoPlayer\" class=\"\" alt=\"Sienna Miller, la regina dello stile boho chic\" title=\"Sienna Miller, la regina dello stile boho chic\" src=\"https:\/\/www.europesays.com\/it\/wp-content\/uploads\/2025\/12\/Schermata-2021-12-30-alle-15.06.25.png.webp\" width=\"620\" height=\"346\"\/><\/p>\n<p>Sienna Miller incinta sul red carpet dei Fashion Awards 2025<\/p>\n<p>Alla <strong>Royal Albert Hall<\/strong> si sono accese le luci dell\u2019appuntamento annuale con i <a href=\"https:\/\/www.iodonna.it\/moda\/star-look\/2024\/12\/03\/british-fashion-awards-2024-premi-red-carpet-outfit\/\" target=\"_blank\" rel=\"noopener nofollow\" data-wpel-link=\"internal\">British Fashion Awards<\/a>, <strong>e il red carpet si trasforma in una passerella in cui il glamour pi\u00f9 rigido lascia spazio a un romanticismo moderno.<\/strong> Tra tessuti impalpabili, effetti glowy e dettagli scintillanti che inaugurano ufficialmente la <strong>Holiday Season<\/strong>, una presenza catalizza ogni sguardo. \u00c8 la star 43enne, radiosa come non mai. <strong>Che, con una grazia disarmante, rivela la sua terza gravidanza. Un momento di pura bellezza, non a caso gi\u00e0 virale.<\/strong><\/p>\n<p>Le extension fris\u00e9 in biondo dorato<\/p>\n<p>A definire il look, una chioma che oscilla tra il fiabesco e il cool pi\u00f9 autentico. Sienna ha sfoggiato beach blonde waves sciolte e luminose, rese ancora pi\u00f9 scenografiche dalle lunghissime extension che cadevano con un leggero styling fris\u00e9, creando un ritmo visivo morbido e voluminoso. <strong>Il tutto incorniciato da orecchini chandelier giganti che catturavano la luce a ogni movimento.<\/strong><\/p>\n<p class=\"wp-caption-text\">Sienna Miller all\u2019evento The Fashion Awards 2025. (Getty Images)<\/p>\n<p>A firmare l\u2019hairstyle, <strong>il suo storico hair guru Luke Hersheson, l\u2019uomo che pi\u00f9 di tutti conosce la grammatica estetica di Sienna: quella miscela calibrata di naturalezza<\/strong>, disordine perfetto e glamour sussurrato che negli anni \u00e8 diventata il suo marchio di fabbrica. Anche questa volta, il risultato \u00e8 un hair look destinato a fare scuola.<\/p>\n<p>Trucco minimalista (ma festivo)<\/p>\n<p>Il make-up \u00e8 un inno alla leggerezza. La pelle \u00e8 glowy, fresca, radiosa, come illuminata dall\u2019interno. Le <strong>palpebre nude<\/strong> si perdono in sfumature delicatissime, appena bagnate di luce. <strong>Mentre le ciglia restano naturali e appena definite da un velo di mascara. Le labbra, rosate e intense, completano un beauty look che celebra la bellezza autentica senza mai forzare.<\/strong><\/p>\n<p class=\"wp-caption-text\">Sienna Miller all\u2019evento The Fashion Awards 2025. (Foto by Karwai Tang\/WireImage)<\/p>\n<p>Il vero twist festivo arriva dalle <strong>unghie<\/strong>, destinate a diventare l\u2019ispirazione pi\u00f9 replicata delle prossime settimane. Silhouette a mandorla, lunghezza media e un <strong>smalto argento metallizzato<\/strong> che richiama l\u2019atmosfera brillante delle feste. Un dettaglio brillante e allo stesso tempo elegante, perfetto da copiare per <strong>Natale e Capodanno<\/strong>.<\/p>\n<p>L\u2019abito che svela il pancione con grazia<\/p>\n<p>Per questa edizione dei Fashion Awards britannici, la star di <strong>Anatomia di uno scandalo<\/strong> ha scelto un look sorprendentemente semplice, che rende omaggio alle sue radici di regina boho indiscussa. L\u2019abito etereo e trasparente (il look 37 della collezione Sarah Burton per Givenchy, collezione Spring Summer 2026) si muove con la leggerezza di un sogno. Lasciando trasparire curve nuove e dolcissime.<\/p>\n<p>Un effetto (sorpresa) voluto, calibrato. Esibito con la naturalezza che solo lei sa padroneggiare. Nel fluire del tessuto a rete finissima, il <strong>baby bump<\/strong> appare con delicatezza. Trasformando l\u2019intero outfit in un gesto di celebrazione della vita.<\/p>\n<p>In una serata che da sempre celebra l\u2019industria della moda, non c\u2019\u00e8 dubbio. Questa \u00e8 la notte di Sienna, con le sue beach waves studiatissime e il <strong>pregnancy look<\/strong> che si ribella ai canoni classici del maternitywear. Riscrive le regole della femminilit\u00e0 premaman, in stile soft e luminoso, anche nella luce scura di inizio inverno.<\/p>\n","protected":false},"excerpt":{"rendered":"Tra bagliori glowy, romanticismo moderno e un ritorno alle vibrazioni boho che l\u2019hanno resa un\u2019icona, Sienna Miller conquista&hellip;\n","protected":false},"author":3,"featured_media":242134,"comment_status":"","ping_status":"","sticky":false,"template":"","format":"standard","meta":{"footnotes":"","_share_on_mastodon":"0"},"categories":[174],"tags":[7730,143070,143071,2201,14048,4404,10721,107883,6602,3961,16802,5114,143072,143073,33189,143074,143075,203,143066,143076,143077,451,143078,143079,8895,143065,20028,33563,143067,143068,1232,122582,204,1537,90,89,467,18494,56183,39113,16592,112812,29008,29022,3586,143069,83702,7642],"class_list":["post-242133","post","type-post","status-publish","format-standard","has-post-thumbnail","category-intrattenimento","tag-abito","tag-abito-trasparente","tag-abito-trasparente-rivela","tag-appena","tag-awards","tag-beach","tag-bellezza","tag-boho","tag-brillante","tag-celebra","tag-collezione","tag-dettagli","tag-dettagli-festivi","tag-dettagli-festivi-abito","tag-eleganza","tag-eleganza-terza","tag-eleganza-terza-gravidanza","tag-entertainment","tag-etereo","tag-etereo-punteggiato","tag-etereo-punteggiato-dettagli","tag-evento","tag-evento-the","tag-evento-the-fashion","tag-fashion","tag-fashion-awards","tag-femminilita","tag-festivi","tag-fiabesco","tag-glowy","tag-gravidanza","tag-hair","tag-intrattenimento","tag-it","tag-italia","tag-italy","tag-look","tag-luce","tag-make","tag-make-up","tag-miller","tag-rivela","tag-sienna","tag-sienna-miller","tag-terza","tag-terza-gravidanza","tag-trasparente","tag-up"],"share_on_mastodon":{"url":"","error":"Validation failed: Text character limit of 500 exceeded"},"_links":{"self":[{"href":"https:\/\/www.europesays.com\/it\/wp-json\/wp\/v2\/posts\/242133","targetHints":{"allow":["GET"]}}],"collection":[{"href":"https:\/\/www.europesays.com\/it\/wp-json\/wp\/v2\/posts"}],"about":[{"href":"https:\/\/www.europesays.com\/it\/wp-json\/wp\/v2\/types\/post"}],"author":[{"embeddable":true,"href":"https:\/\/www.europesays.com\/it\/wp-json\/wp\/v2\/users\/3"}],"replies":[{"embeddable":true,"href":"https:\/\/www.europesays.com\/it\/wp-json\/wp\/v2\/comments?post=242133"}],"version-history":[{"count":0,"href":"https:\/\/www.europesays.com\/it\/wp-json\/wp\/v2\/posts\/242133\/revisions"}],"wp:featuredmedia":[{"embeddable":true,"href":"https:\/\/www.europesays.com\/it\/wp-json\/wp\/v2\/media\/242134"}],"wp:attachment":[{"href":"https:\/\/www.europesays.com\/it\/wp-json\/wp\/v2\/media?parent=242133"}],"wp:term":[{"taxonomy":"category","embeddable":true,"href":"https:\/\/www.europesays.com\/it\/wp-json\/wp\/v2\/categories?post=242133"},{"taxonomy":"post_tag","embeddable":true,"href":"https:\/\/www.europesays.com\/it\/wp-json\/wp\/v2\/tags?post=242133"}],"curies":[{"name":"wp","href":"https:\/\/api.w.org\/{rel}","templated":true}]}}