{"id":242139,"date":"2025-12-02T14:18:11","date_gmt":"2025-12-02T14:18:11","guid":{"rendered":"https:\/\/www.europesays.com\/it\/242139\/"},"modified":"2025-12-02T14:18:11","modified_gmt":"2025-12-02T14:18:11","slug":"la-messa-di-leone-xiv-a-beirut-e-il-rientro-a-roma-le-armi-uccidono-trattativa-mediazione-e-dialogo-edificano","status":"publish","type":"post","link":"https:\/\/www.europesays.com\/it\/242139\/","title":{"rendered":"La Messa di Leone XIV a Beirut e il rientro a Roma: \u00abLe armi uccidono. Trattativa, mediazione e dialogo edificano\u00bb"},"content":{"rendered":"<p>    di<br \/>\n    Gian Guido Vecchi<\/p>\n<p class=\"summary-art is-line-h-12\">Davanti a centomila fedeli si \u00e8 rivolto all\u2019intero popolo libanese: \u00abDestinatari di bellezza rara, ma vittime di come il male possa offuscare la magnificenza\u00bb. In aeroporto, durante la cerimonia di congedo, ha ricordato le vittime dell&#8217;esplosione nel porto di Beirut del 2020<\/p>\n<p class=\"chapter-paragraph\">INVIATO<br \/>BEIRUT \u00ab<b>Cessino gli attacchi<\/b> e le <b>ostilit\u00e0<\/b>. Nessuno creda pi\u00f9 che la <b>lotta armata<\/b> porti qualche <b>beneficio<\/b>. Le <b>armi uccidono<\/b>, la <b>trattativa<\/b>, la <b>mediazione<\/b> e il <b>dialogo edificano<\/b>\u00bb. Prima di rientrare a Roma, Leone XIV ha rivolto un \u00ab<b>accorato appello<\/b>\u00bb per la pace al popolo libanese: \u00abNoi non ci lasciamo, ma essendoci incontrati andremo <b>avanti insieme<\/b>. E speriamo di coinvolgere in questo spirito di fraternit\u00e0 e di impegno per la pace tutto il <b>Medio Oriente<\/b>, anche chi oggi si considera nemico\u00bb.\u00a0<\/p>\n<p class=\"chapter-paragraph\">Nella <b>cerimonia di congedo<\/b> all\u2019aeroporto, il Papa ha ricordato che \u00abmi ha toccato il cuore la breve visita al porto di Beirut, dove l\u2019esplosione ha devastato non soltanto un luogo, ma tante vite\u00bb, <b>parole attese<\/b> dalle famiglie colpite: \u00abHo pregato per tutte le <a href=\"https:\/\/www.corriere.it\/esteri\/20_agosto_05\/esplosione-beirut-libano-morti-tossine-da4a913c-d6db-11ea-93a6-dcb5dd8eef08.shtml\" rel=\"nofollow noopener\" target=\"_blank\">vittime<\/a> e porto con me il dolore e la sete di verit\u00e0 e di giustizia di tante famiglie, di un intero Paese\u00bb.    &#13;<br \/>\n&#13;<br \/>\n&#13;<br \/>\n&#13;<br \/>\n&#13;<br \/>\n&#13;<br \/>\n&#13;<br \/>\n&#13;<br \/>\n&#13;<br \/>\n&#13;<br \/>\n&#13;<br \/>\n&#13;<br \/>\n&#13;<br \/>\n&#13;<br \/>\n&#13;<br \/>\n&#13;<br \/>\n&#13;<br \/>\n&#13;<br \/>\n&#13;<br \/>\n&#13;<br \/>\n&#13;<br \/>\n&#13;<br \/>\n&#13;<br \/>\n&#13;<br \/>\n&#13;<br \/>\n&#13;<br \/>\n&#13;<br \/>\n&#13;<br \/>\n&#13;<br \/>\n&#13;<br \/>\n&#13;<br \/>\n&#13;<br \/>\n&#13;<br \/>\n&#13;<br \/>\n&#13;<br \/>\n&#13;<br \/>\n&#13;<br \/>\n&#13;<br \/>\n&#13;<br \/>\n&#13;<br \/>\n&#13;<br \/>\n&#13;<br \/>\n&#13;<br \/>\n&#13;<br \/>\n&#13;<br \/>\n&#13;<br \/>\n&#13;<br \/>\n&#13;<br \/>\n&#13;<br \/>\n&#13;<br \/>\n&#13;<br \/>\n&#13;<br \/>\n&#13;\n<\/p>\n<p>    La celebrazione davanti a 100mila fedeli<\/p>\n<p class=\"chapter-paragraph\">L\u2019<b>ultimo incontro<\/b> pubblico di <b>Leone XIV<\/b> a <b>Beirut<\/b>, dopo sei giorni di viaggio tra la <a href=\"https:\/\/roma.corriere.it\/notizie\/cronaca\/25_novembre_30\/leone-xiv-turchia-libano-f914e601-e9a9-4918-afca-71af06eaaxlk.shtml\" title=\"Leone XIV in Turchia: \u00abCostruire la pace in questo tempo di conflitti sanguinosi\u00bb. E oggi vola a Beirut\" rel=\"nofollow noopener\" target=\"_blank\">Turchia<\/a> l\u2019antica Fenicia, \u00e8 la Messa che ha celebrato la mattina sul lungomare della citt\u00e0.\u00a0\u00abCiascuno deve <b>fare la sua parte<\/b> e tutti dobbiamo <b>unire gli sforzi<\/b> perch\u00e9 questa terra possa ritornare al suo <b>splendore<\/b>. E abbiamo un solo modo per farlo: <b>disarmiamo i nostri cuori<\/b>, facciamo <b>cadere le corazze<\/b> delle nostre <b>chiusure etniche<\/b> e politiche, apriamo le nostre confessioni religiose all\u2019incontro reciproco, risvegliamo nel nostro intimo il sogno di un Libano unito, dove trionfino la pace e la giustizia, dove tutti possano riconoscersi fratelli e sorelle\u00bb.\u00a0<\/p>\n<p class=\"chapter-paragraph\">Davanti a centomila fedeli si \u00e8 rivolto all\u2019intero popolo libanese, \u00aba voi che siete destinatari di una bellezza rara con la quale il Signore ha impreziosito la vostra terra e che, al contempo, siete spettatori e vittime di come il male, in molteplici forme, possa offuscare questa magnificenza\u00bb.<\/p>\n<p class=\"chapter-paragraph\">Il cielo, il mare, le montagne che orlano la costa. Il Papa sa che tanta <b>bellezza <\/b>\u00ab\u00e8 oscurata da povert\u00e0 e sofferenze, da ferite che hanno segnato la vostra storia, da tanti problemi che vi affliggono, da un contesto politico fragile e spesso instabile, dalla drammatica crisi economica che vi opprime, dalla violenza e dai conflitti che hanno risvegliato antiche paure\u00bb.\u00a0<\/p>\n<p>    La preghiera al monumento per le vittime dell&#8217;esplosione<\/p>\n<p class=\"chapter-paragraph\">Prima della celebrazione \u00e8 stato nel luogo dell\u2019<a href=\"https:\/\/www.corriere.it\/cronache\/20_agosto_04\/beirut-l-esplosione-mistero-sostanze-esplosive-stoccate-porto-perche-chi-doveva-controllare-71a04cdc-d693-11ea-b09b-c444f41468ab.shtml\" rel=\"nofollow noopener\" target=\"_blank\">esplosione<\/a> che ha devastato Beirut il 4 agosto <b>2020<\/b>, pi\u00f9 di duecento morti, settemila feriti e trecentomila persone rimaste senza casa, con circa tre miliardi di danni. Venne provocata da 2.750 tonnellate di nitrato di ammonio stoccate da sette anni, mai smaltite n\u00e9 messe in sicurezza. Finora le indagini sono state ostacolate dalla\u00a0 <b>burocrazia <\/b>e un\u2019<b>inerzia<\/b> che ha coperto interessi economici e politici. Le famiglie invocano \u00abverit\u00e0 e giustizia\u00bb e hanno atteso con ansia l\u2019immagine di questa mattina: il Papa che prega davanti al monumento sul luogo dell\u2019esplosione e saluta a lungo i parenti delle vittime, gente che perduto genitori, mariti, mogli, figli.\u00a0<\/p>\n<p class=\"chapter-paragraph\">Una donna gli parla conclusa e scoppia a piangere, lo abbraccia, Prevost le posa una mano sulla testa come una benedizione. Una musulmana gli stringe la mano e si inchina, si inchina anche il pontefice su un bambino che regge la foto del padre.<\/p>\n<p class=\"chapter-paragraph\">Nell\u2019omelia, Leone xiv ha invitato a non <b>scoraggiarsi<\/b>, \u00aba non cedere alla logica della violenza e all\u2019<b>idolatria del denaro<\/b>, a non rassegnarci dinanzi al <b>male che dilaga<\/b>\u00bb. Si tratta di \u00abtrovare le piccole luci splendenti nel cuore della notte, sia per aprirci alla gratitudine che per spronarci all\u2019impegno comune a favore di questa terra\u00bb, esclama: \u00abQuesto \u00e8 il sogno a voi affidato, \u00e8 ci\u00f2 che il Dio della pace mette nelle vostre mani. Libano, rialzati! Sii casa di giustizia e di fraternit\u00e0! Sii profezia di pace per tutto il Levante!\u00bb.<\/p>\n<p class=\"is-mr-t-20 is-mr-b-20\"><b><br \/>\n                    <a href=\"https:\/\/roma.corriere.it\/?intcmp=Notizielocali_nd_010623_corriere_ss_roma\" target=\"_blank\" rel=\"nofollow noopener\">Vai a tutte le notizie di Roma<\/a><br \/>\n            <\/b><\/p>\n<p class=\"chapter-paragraph\"><b><a href=\"https:\/\/www.corriere.it\/newsletter\/?theme=52&amp;intcmp=NL-artic_nd_050624_corriere_ss_roma\" target=\"_blank\" rel=\"nofollow noopener\">Iscriviti alla newsletter di Corriere Roma<\/a><\/b><\/p>\n<p class=\"is-last-update\" datetime=\"2025-12-02T13:15:32+01:00\">2 dicembre 2025 ( modifica il 2 dicembre 2025 | 13:15)<\/p>\n<p class=\"is-copyright\">\n            \u00a9 RIPRODUZIONE RISERVATA\n        <\/p>\n","protected":false},"excerpt":{"rendered":"di Gian Guido Vecchi Davanti a centomila fedeli si \u00e8 rivolto all\u2019intero popolo libanese: \u00abDestinatari di bellezza rara,&hellip;\n","protected":false},"author":3,"featured_media":242140,"comment_status":"","ping_status":"","sticky":false,"template":"","format":"standard","meta":{"footnotes":""},"categories":[160],"tags":[867,7961,143099,143100,28496,10721,143101,27184,36583,143102,143103,818,143104,41002,14,6036,164,165,68649,143105,143106,71893,3875,143107,143108,9439,143109,943,1345,143110,143111,99719,485,1167,18521,649,1350,53167,166,7,15,402,690,977,143098,2755,28019,3185,11,167,12,168,838,161,162,163,21202],"class_list":{"0":"post-242139","1":"post","2":"type-post","3":"status-publish","4":"format-standard","5":"has-post-thumbnail","7":"category-mondo","8":"tag-aeroporto","9":"tag-armi","10":"tag-armi-uccidono","11":"tag-armi-uccidono-trattativa","12":"tag-beirut","13":"tag-bellezza","14":"tag-bellezza-rara","15":"tag-celebrazione","16":"tag-centomila","17":"tag-centomila-fedeli","18":"tag-centomila-fedeli-rivolto","19":"tag-cerimonia","20":"tag-cerimonia-congedo","21":"tag-congedo","22":"tag-cronaca","23":"tag-cuore","24":"tag-dal-mondo","25":"tag-dalmondo","26":"tag-destinatari","27":"tag-destinatari-bellezza","28":"tag-destinatari-bellezza-rara","29":"tag-devastato","30":"tag-dialogo","31":"tag-dialogo-edificano","32":"tag-edificano","33":"tag-esplosione","34":"tag-esplosione-devastato","35":"tag-famiglie","36":"tag-fedeli","37":"tag-fedeli-rivolto","38":"tag-fedeli-rivolto-intero","39":"tag-fraternita","40":"tag-giustizia","41":"tag-impegno","42":"tag-intero","43":"tag-leone","44":"tag-leone-xiv","45":"tag-libanese","46":"tag-mondo","47":"tag-news","48":"tag-notizie","49":"tag-pace","50":"tag-papa","51":"tag-popolo","52":"tag-popolo-libanese","53":"tag-porto","54":"tag-rivolto","55":"tag-terra","56":"tag-ultime-notizie","57":"tag-ultime-notizie-di-mondo","58":"tag-ultimenotizie","59":"tag-ultimenotiziedimondo","60":"tag-vittime","61":"tag-world","62":"tag-world-news","63":"tag-worldnews","64":"tag-xiv"},"share_on_mastodon":{"url":"","error":"Validation failed: Text character limit of 500 exceeded"},"_links":{"self":[{"href":"https:\/\/www.europesays.com\/it\/wp-json\/wp\/v2\/posts\/242139","targetHints":{"allow":["GET"]}}],"collection":[{"href":"https:\/\/www.europesays.com\/it\/wp-json\/wp\/v2\/posts"}],"about":[{"href":"https:\/\/www.europesays.com\/it\/wp-json\/wp\/v2\/types\/post"}],"author":[{"embeddable":true,"href":"https:\/\/www.europesays.com\/it\/wp-json\/wp\/v2\/users\/3"}],"replies":[{"embeddable":true,"href":"https:\/\/www.europesays.com\/it\/wp-json\/wp\/v2\/comments?post=242139"}],"version-history":[{"count":0,"href":"https:\/\/www.europesays.com\/it\/wp-json\/wp\/v2\/posts\/242139\/revisions"}],"wp:featuredmedia":[{"embeddable":true,"href":"https:\/\/www.europesays.com\/it\/wp-json\/wp\/v2\/media\/242140"}],"wp:attachment":[{"href":"https:\/\/www.europesays.com\/it\/wp-json\/wp\/v2\/media?parent=242139"}],"wp:term":[{"taxonomy":"category","embeddable":true,"href":"https:\/\/www.europesays.com\/it\/wp-json\/wp\/v2\/categories?post=242139"},{"taxonomy":"post_tag","embeddable":true,"href":"https:\/\/www.europesays.com\/it\/wp-json\/wp\/v2\/tags?post=242139"}],"curies":[{"name":"wp","href":"https:\/\/api.w.org\/{rel}","templated":true}]}}