{"id":24215,"date":"2025-08-02T14:26:10","date_gmt":"2025-08-02T14:26:10","guid":{"rendered":"https:\/\/www.europesays.com\/it\/24215\/"},"modified":"2025-08-02T14:26:10","modified_gmt":"2025-08-02T14:26:10","slug":"f1-gp-ungheria-le-qualifiche-in-diretta-piastri-il-piu-veloce-nel-q1-davanti-ad-alonso-leclerc-quinto-e-hamilton-10","status":"publish","type":"post","link":"https:\/\/www.europesays.com\/it\/24215\/","title":{"rendered":"F1 Gp Ungheria, le qualifiche in diretta. Piastri il pi\u00f9 veloce nel Q1 davanti ad Alonso. Leclerc quinto e Hamilton 10\u00b0"},"content":{"rendered":"<p>\t\t\tMcLaren davanti a tutti, ma la Ferrari ci prova. Migliora anche Hamilton, continuano i guai per Verstappen<\/p>\n<p>(di Daniele Sparisci, inviato a Budapest) Papaya-ring. La McLaren prenota la prima fila con la terza doppietta in tre sessioni di prove libere. Nell&#8217;ultima prima delle qualifiche c&#8217;\u00e8 Piastri davanti a Norris, il leader del Mondiale punta a piazzare il colpo al compagno per andare in vacanza tranquillo. Ad ogni modo nulla \u00e8 scontato nella loro lotta interna, a Budapest il team che sta dominando il campionato ha mostrato un passo irragiungibile per i rivali.\u00a0<\/p>\n<p>La Ferrari si conferma seconda forza, \u00e8 cresciuta grazie agli aggiornamenti ma resta comunque distante dal vertice. Leclerc \u00e8 a tre decimi, ottima la prova del monegasco che questo tracciato non \u00e8 mai salito sul podio. Attaccher\u00e0, con la fiducia giusta pu\u00f2 regalare sorprese se Norris e Piastri non saranno perfetti. Migliora anche Hamilton dopo un venerd\u00ec sottotono, ma \u00e8 sempre dietro al coinquilino di box e il gap \u00e8 grande, oltre quattro decimi. Serve un0 scatto, una magia, da lui che qui ha ottenuto nove pole position.\u00a0 Bene Antonelli, reduce da un periodo molto complicato: Quinto tempo a un soffio da Lewis, mentre continua a faticare Russell.\u00a0<\/p>\n<p>La Sauber piazza due macchine nella top 10: Bortoleto a precedere Hulkenberg, un altro segno dei progressi del team svizzero che diventer\u00e0 Audi. Proseguono i guai di Verstappen: le modifiche apportate alla monoposto blu, dopo un venerd\u00ec da incubo, non hanno cambiato lo scenario. Max \u00e8 12\u00b0 a 1&#8221;2 dalla vetta, una distanza siderale.\u00a0 Il campione si lamenta per il sottosterzo sulle curve lente dell&#8217;autodromo ungherese, rischia di ritrovarsi fuori dalla top 10. Tsunoda \u00e8 addirittura penultimo.\u00a0<\/p>\n","protected":false},"excerpt":{"rendered":"McLaren davanti a tutti, ma la Ferrari ci prova. Migliora anche Hamilton, continuano i guai per Verstappen (di&hellip;\n","protected":false},"author":3,"featured_media":24216,"comment_status":"","ping_status":"","sticky":false,"template":"","format":"standard","meta":{"footnotes":"","_share_on_mastodon":"0"},"categories":[6],"tags":[23684,8911,3356,10884,32,3993,17724,2941,6717,10886,25345,37,25346,12933,3361,10888,10889,1534,2295,1053,10871,3365,3340,25347,25348,934,14,10890,10872,7438,25349,25350,25351,1115,2882,25352,9265,368,3440,12727,25353,25354,3369,10862,3345,8390,25334,3337,8,6548,10865,8919,1537,90,89,7754,25337,25338,2312,6233,4044,21595,3443,3444,5993,1772,19680,7,10861,25335,15,82,9,83,10,10859,16347,25339,696,16590,5810,6234,6229,25336,10869,559,10331,4005,25340,10636,10864,11380,10880,6801,25333,25341,25342,25343,1928,13,3413,25344,10881,2199,907,11,80,84,12,81,85,3578,8434,10860,4318],"class_list":["post-24215","post","type-post","status-publish","format-standard","has-post-thumbnail","category-ultime-notizie","tag-albon","tag-alonso","tag-alpine","tag-alpine-renault","tag-andare","tag-antonelli","tag-asfalto","tag-aston","tag-aston-martin","tag-aston-martin-mercedes","tag-battere","tag-bisogno","tag-bortoleto","tag-budapest","tag-bull","tag-bull-honda","tag-bull-honda-rbpt","tag-caldo","tag-cambiato","tag-cerca","tag-charles","tag-colapinto","tag-compagno","tag-complicata","tag-complicata-norris","tag-continua","tag-cronaca","tag-crono","tag-decimi","tag-doppietta","tag-doppietta-mclaren","tag-dure","tag-eliminati","tag-entrare","tag-fatica","tag-favoriti","tag-fernando","tag-ferrari","tag-forte","tag-gasly","tag-gasly-alpine","tag-ghiaia","tag-giro","tag-gomme","tag-gp","tag-gp-ungheria","tag-guai","tag-hamilton","tag-headlines","tag-honda","tag-honda-rbpt","tag-hulkenberg","tag-it","tag-italia","tag-italy","tag-leclerc","tag-leclerc-charles","tag-leclerc-hamilton","tag-lewis","tag-libere","tag-macchina","tag-magia","tag-martin","tag-max","tag-mclaren","tag-mercedes","tag-migliora","tag-news","tag-norris","tag-norris-leclerc","tag-notizie","tag-notizie-di-cronaca","tag-notizie-principali","tag-notiziedicronaca","tag-notizieprincipali","tag-piastri","tag-piastri-norris","tag-piastri-norris-leclerc","tag-pista","tag-pole","tag-prove","tag-prove-libere","tag-qualifiche","tag-quinto","tag-rbpt","tag-red","tag-red-bull","tag-russell","tag-russell-antonelli","tag-sauber","tag-sessione","tag-sessioni","tag-stroll","tag-tentativo","tag-terze","tag-terze-libere","tag-terze-prove","tag-terze-prove-libere","tag-testa","tag-titoli","tag-top","tag-top-piastri","tag-tsunoda","tag-ultima","tag-ultime","tag-ultime-notizie","tag-ultime-notizie-di-cronaca","tag-ultime-notizie-e-news-di-oggi","tag-ultimenotizie","tag-ultimenotiziedicronaca","tag-ultimenotizieenewsdioggi","tag-ungheria","tag-venerdi","tag-verstappen","tag-williams"],"share_on_mastodon":{"url":"","error":""},"_links":{"self":[{"href":"https:\/\/www.europesays.com\/it\/wp-json\/wp\/v2\/posts\/24215","targetHints":{"allow":["GET"]}}],"collection":[{"href":"https:\/\/www.europesays.com\/it\/wp-json\/wp\/v2\/posts"}],"about":[{"href":"https:\/\/www.europesays.com\/it\/wp-json\/wp\/v2\/types\/post"}],"author":[{"embeddable":true,"href":"https:\/\/www.europesays.com\/it\/wp-json\/wp\/v2\/users\/3"}],"replies":[{"embeddable":true,"href":"https:\/\/www.europesays.com\/it\/wp-json\/wp\/v2\/comments?post=24215"}],"version-history":[{"count":0,"href":"https:\/\/www.europesays.com\/it\/wp-json\/wp\/v2\/posts\/24215\/revisions"}],"wp:featuredmedia":[{"embeddable":true,"href":"https:\/\/www.europesays.com\/it\/wp-json\/wp\/v2\/media\/24216"}],"wp:attachment":[{"href":"https:\/\/www.europesays.com\/it\/wp-json\/wp\/v2\/media?parent=24215"}],"wp:term":[{"taxonomy":"category","embeddable":true,"href":"https:\/\/www.europesays.com\/it\/wp-json\/wp\/v2\/categories?post=24215"},{"taxonomy":"post_tag","embeddable":true,"href":"https:\/\/www.europesays.com\/it\/wp-json\/wp\/v2\/tags?post=24215"}],"curies":[{"name":"wp","href":"https:\/\/api.w.org\/{rel}","templated":true}]}}