{"id":242184,"date":"2025-12-02T14:56:16","date_gmt":"2025-12-02T14:56:16","guid":{"rendered":"https:\/\/www.europesays.com\/it\/242184\/"},"modified":"2025-12-02T14:56:16","modified_gmt":"2025-12-02T14:56:16","slug":"accpi-salvato-confermato-alla-presidenza-affini-e-parietti-vicepresidenti","status":"publish","type":"post","link":"https:\/\/www.europesays.com\/it\/242184\/","title":{"rendered":"ACCPI. SALVATO CONFERMATO ALLA PRESIDENZA, AFFINI E PARIETTI VICEPRESIDENTI"},"content":{"rendered":"<p>            <a class=\"category\" href=\"https:\/\/www.tuttobiciweb.it\/articles\/category\/PROFESSIONISTI\" itemprop=\"about\" rel=\"nofollow noopener\" target=\"_blank\">PROFESSIONISTI<\/a> | 02\/12\/2025 | 08:40<br \/>\n            <a class=\"author\" href=\"https:\/\/www.tuttobiciweb.it\/articles\/author\/comunicato%20stampa\" rel=\"nofollow noopener\" target=\"_blank\">di comunicato stampa<\/a><\/p>\n<p>Si \u00e8 svolta ieri a Verona l&#8217;assemblea generale dell&#8217;<strong style=\"font-family: arial, 'helvetica neue', helvetica, sans-serif; font-size: 15px; text-align: justify;\">Associazione Corridori Ciclisti Professionisti Italiani<\/strong>, che ha confermato alla presidenza del sindacato sportivo pi\u00f9 storico d&#8217;Italia\u00a0<strong style=\"font-family: arial, 'helvetica neue', helvetica, sans-serif; font-size: 15px; text-align: justify;\">Cristian Salvato<\/strong>.<\/p>\n<p>Professionista dal 1995 al 2001 e\u00a0<strong style=\"font-family: arial, 'helvetica neue', helvetica, sans-serif; font-size: 15px; text-align: justify;\">numero 1 di ACCPI dal 2013<\/strong>, il 54enne veneto continuer\u00e0 a guidare per altre 4 stagioni l&#8217;Assocorridori e a rappresentare il gruppo azzurro a livello mondiale all&#8217;interno del sindacato internazionale di categoria CPA \u2013 Cyclistes Professionnels Associes.<\/p>\n<p>Al suo fianco avr\u00e0 i consiglieri confermati\u00a0<strong style=\"font-family: arial, 'helvetica neue', helvetica, sans-serif; font-size: 15px; text-align: justify;\">Gabriele Landoni<\/strong>,\u00a0<strong style=\"font-family: arial, 'helvetica neue', helvetica, sans-serif; font-size: 15px; text-align: justify;\">Silvia Parietti<\/strong>\u00a0ed\u00a0<strong style=\"font-family: arial, 'helvetica neue', helvetica, sans-serif; font-size: 15px; text-align: justify;\">Elena Valentini<\/strong>\u00a0insieme a\u00a0<strong style=\"font-family: arial, 'helvetica neue', helvetica, sans-serif; font-size: 15px; text-align: justify;\">Davide Cimolai<\/strong>,\u00a0<strong style=\"font-family: arial, 'helvetica neue', helvetica, sans-serif; font-size: 15px; text-align: justify;\">Alberto Curtolo<\/strong>\u00a0e\u00a0<strong style=\"font-family: arial, 'helvetica neue', helvetica, sans-serif; font-size: 15px; text-align: justify;\">Fred Morini<\/strong>, e al nuovo vicepresidente in attivit\u00e0 Edoardo Affini, che riceve il testimone da Matteo Trentin.<\/p>\n<p>Dopo aver incontrato i ciclisti e le cicliste della massima categoria, Salvato, campione del mondo della cronometro a squadre nel 1989, 1993 e 1994 da juniores e dilettante, ha commentato: \u00abRingrazio gli associati per la fiducia e gli ex corridori che hanno scelto di dedicare il loro tempo al bene del movimento per la loro disponibilit\u00e0. Avere in consiglio atleti che hanno appeso la bici al chiodo da pochi giorni come Cimolai ed esperti come Landoni \u00e8 il mix perfetto per l&#8217;associazione che mira a valorizzare sempre pi\u00f9 la figura del corridore professionista e che l&#8217;anno prossimo festegger\u00e0 80 anni di vita\u00bb.\n            <\/p>\n<p><img loading=\"lazy\" decoding=\"async\" src=\"https:\/\/www.europesays.com\/it\/wp-content\/uploads\/2025\/12\/692e9777d5a45528b402a942.jpeg\" alt=\"\" width=\"1500\" height=\"1000\"\/><\/p>\n<p><strong style=\"font-family: arial, 'helvetica neue', helvetica, sans-serif; font-size: 15px; text-align: justify;\">Edoardo Affini<\/strong>, applaudito dai colleghi, ha detto: \u00abRingrazio\u00a0<strong style=\"font-family: arial, 'helvetica neue', helvetica, sans-serif; font-size: 15px; text-align: justify;\">Matteo Trentin<\/strong>\u00a0per quanto fatto negli ultimi 12 anni, accetto questo incarico su sua proposta ben volentieri. Ho voglia di fare e imparare, per capire come muovermi al meglio in questo nuovo ruolo Matteo mi far\u00e0 da chioccia come ha gi\u00e0 fatto quando sono passato professionista. Il ciclismo continua a crescere ed evolvere, noi dobbiamo restare al passo con i tempi e una partecipazione attiva di tutti gli associati \u00e8 indispensabile. Ogni idea e proposta \u00e8 ben accetta\u00bb.<\/p>\n<p>Silvia Parietti, che dopo un mandato da consigliera \u00e8 stata nominata vicepresidente non in attivit\u00e0 ha chiosato: \u00abSono felice di continuare questo viaggio in ACCPI, prima associazione al mondo ad essersi aperta alle donne, su impulso di Cristian. Grazie anche al lavoro straordinario di\u00a0<strong style=\"font-family: arial, 'helvetica neue', helvetica, sans-serif; font-size: 15px; text-align: justify;\">Alessandra Cappellotto\u00a0<\/strong>(Cpa Women), oggi vediamo risultati importanti e concreti, ma ancora molto c&#8217;\u00e8 da fare per la crescita del movimento. Non vediamo l&#8217;ora di lavorare insieme per le ragazze e i ragazzi che abbiamo l&#8217;onere e onore di rappresentare\u00bb.<\/p>\n<p>Gli obiettivi del nuovo corso di ACCPI sono stati espressi da Cristian Salvato in assemblea e condivisi con i numerosi partecipanti collegati da remoto:\u00a0<strong style=\"font-family: arial, 'helvetica neue', helvetica, sans-serif; font-size: 15px; text-align: justify;\">valorizzare ogni atleta<\/strong>, mettere la\u00a0<strong style=\"font-family: arial, 'helvetica neue', helvetica, sans-serif; font-size: 15px; text-align: justify;\">sicurezza<\/strong>\u00a0al primo posto e investire sulla\u00a0<strong style=\"font-family: arial, 'helvetica neue', helvetica, sans-serif; font-size: 15px; text-align: justify;\">formazione<\/strong>, sia durante la carriera che dopo.\n            <\/p>\n<p>foto \u00a9SprintCyclingAgency<\/p>\n<p><img loading=\"lazy\" decoding=\"async\" src=\"https:\/\/www.europesays.com\/it\/wp-content\/uploads\/2025\/12\/692e9787a17e42b60207a582.jpeg\" alt=\"\" width=\"1280\" height=\"853\"\/><\/p>\n<p>\n    <a href=\"https:\/\/www.tuttobiciweb.it\/article\/2025\/12\/02\/1764661269\/association-riders-appointments?lang=en\" rel=\"nofollow noopener\" target=\"_blank\"><img decoding=\"async\" src=\"https:\/\/www.europesays.com\/it\/wp-content\/uploads\/2025\/07\/enver.png\"\/><\/a><\/p>\n<p>Copyright &amp;copy TBW<\/p>\n","protected":false},"excerpt":{"rendered":"PROFESSIONISTI | 02\/12\/2025 | 08:40 di comunicato stampa Si \u00e8 svolta ieri a Verona l&#8217;assemblea generale dell&#8217;Associazione Corridori&hellip;\n","protected":false},"author":3,"featured_media":242185,"comment_status":"","ping_status":"","sticky":false,"template":"","format":"standard","meta":{"footnotes":""},"categories":[1456],"tags":[2332,1824,15956,1825,123,1537,90,89,245,244],"class_list":{"0":"post-242184","1":"post","2":"type-post","3":"status-publish","4":"format-standard","5":"has-post-thumbnail","7":"category-ciclismo","8":"tag-associazione","9":"tag-ciclismo","10":"tag-corridori","11":"tag-cycling","12":"tag-elezioni","13":"tag-it","14":"tag-italia","15":"tag-italy","16":"tag-sport","17":"tag-sports"},"share_on_mastodon":{"url":"https:\/\/pubeurope.com\/@it\/115650559268375493","error":""},"_links":{"self":[{"href":"https:\/\/www.europesays.com\/it\/wp-json\/wp\/v2\/posts\/242184","targetHints":{"allow":["GET"]}}],"collection":[{"href":"https:\/\/www.europesays.com\/it\/wp-json\/wp\/v2\/posts"}],"about":[{"href":"https:\/\/www.europesays.com\/it\/wp-json\/wp\/v2\/types\/post"}],"author":[{"embeddable":true,"href":"https:\/\/www.europesays.com\/it\/wp-json\/wp\/v2\/users\/3"}],"replies":[{"embeddable":true,"href":"https:\/\/www.europesays.com\/it\/wp-json\/wp\/v2\/comments?post=242184"}],"version-history":[{"count":0,"href":"https:\/\/www.europesays.com\/it\/wp-json\/wp\/v2\/posts\/242184\/revisions"}],"wp:featuredmedia":[{"embeddable":true,"href":"https:\/\/www.europesays.com\/it\/wp-json\/wp\/v2\/media\/242185"}],"wp:attachment":[{"href":"https:\/\/www.europesays.com\/it\/wp-json\/wp\/v2\/media?parent=242184"}],"wp:term":[{"taxonomy":"category","embeddable":true,"href":"https:\/\/www.europesays.com\/it\/wp-json\/wp\/v2\/categories?post=242184"},{"taxonomy":"post_tag","embeddable":true,"href":"https:\/\/www.europesays.com\/it\/wp-json\/wp\/v2\/tags?post=242184"}],"curies":[{"name":"wp","href":"https:\/\/api.w.org\/{rel}","templated":true}]}}