{"id":242493,"date":"2025-12-02T19:31:18","date_gmt":"2025-12-02T19:31:18","guid":{"rendered":"https:\/\/www.europesays.com\/it\/242493\/"},"modified":"2025-12-02T19:31:18","modified_gmt":"2025-12-02T19:31:18","slug":"chi-partecipa-alledizione-2025-di-atreju","status":"publish","type":"post","link":"https:\/\/www.europesays.com\/it\/242493\/","title":{"rendered":"chi partecipa all&#8217;edizione 2025 di Atreju"},"content":{"rendered":"<p>Non ci saranno soltanto ministri, alleati e avversari politici. Ad Atreju, il tradizionale raduno di Fratelli d&#8217;Italia, parteciperanno pure personaggi dello spettacolo, dello sport, della televisione e persino della chiesa. Sul palco sono attesi, tra gli altri, l&#8217;attore Raoul Bova, il conduttore televisivo Ezio Greggio, l&#8217;ex portiere della nazionale Gianluigi Buffon, il direttore artistico del Festival di Sanremo Carlo Conti e la conduttrice televisiva Mara Venier.<\/p>\n<p>&#8220;L&#8217;edizione pi\u00f9 lunga di sempre&#8221;<\/p>\n<p>Un variopinto &#8220;immaginario pop&#8221; arricchir\u00e0 quindi l&#8217;edizione 2025 della festa del principale partito di maggioranza. Atreju prender\u00e0 il via sabato 6 dicembre in un clima natalizio, con l&#8217;inaugurazione di una pista di pattinaggio, nella cornice di Castel Sant&#8217;Angelo, a Roma. &#8220;Sei diventata forte \u2013 L\u2019Italia a testa alta\u201d \u00e8 il titolo scelto per quest\u2019edizione. Sar\u00e0 un evento di &#8220;parte, ma non di partito&#8221;, ha spiegato Giovanni Donzelli, responsabile organizzazione di Fratelli d&#8217;Italia.<\/p>\n<p><img decoding=\"async\" src=\"https:\/\/www.europesays.com\/it\/wp-content\/uploads\/2025\/12\/la-locandina-di-atreju.jpg\" alt=\"La locandina di Atreju\" title=\"La locandina di Atreju\"\/><\/p>\n<p>Quella che inizier\u00e0 nei prossimi giorni sar\u00e0 &#8220;l&#8217;edizione pi\u00f9 lunga di sempre&#8221;, ha ricordato il meloniano. Davanti all&#8217;albero di Natale che svetta poco sotto il mausoleo di Adriano andr\u00e0 in scena una maratona oratoria lunga nove giorni. Un\u2019arena di confronto ma anche un villaggio di Natale formato famiglia. Mercatini, volontariato, una grande pista di pattinaggio su ghiaccio (disponibile per tutti) e tanti ospiti.<\/p>\n<p>Atreju si chiuder\u00e0 domenica 14 dicembre con la presidente del Consiglio, Giorgia Meloni. L&#8217;intervento della numero uno di FdI verr\u00e0 anticipato da quello degli altri leader della maggioranza di centrodestra, Matteo Salvini, segretario della Lega e vicepresidente del Consiglio, il collega e segretario di Forza Italia, Antonio Tajani, e i due numeri uno di Noi moderati e Udc, Maurizio Lupi e Lorenzo Cesa.<\/p>\n<p>Presenti i ministri e i leader delle opposizioni (tranne Schlein)<\/p>\n<p>Alla tradizione festa della destra italiana sfiler\u00e0 l&#8217;intero governo Meloni. Tutti i ministri infatti saranno presenti alla kermesse, partecipando ai vari dibattiti previsti dal <a href=\"https:\/\/www.atreju.org\/programma\/\" target=\"_blank\" rel=\"nofollow noopener\">programma <\/a>messo a punto dai vertici di Fratelli d&#8217;Italia. A Castel Sant&#8217;Angelo sono attesi anche gli interventi di diversi leader di opposizione: dal presidente del Movimento 5 stelle Giuseppe Conte al leader di Europa Verde Angelo Bonelli, passando per il segretario di Azione Carlo Calenda e il leader di Italia viva Matteo Renzi. Non ci sar\u00e0 invece Elly Schlein, dopo che per alcuni giorni si era discusso di <a href=\"https:\/\/www.today.it\/politica\/meloni-schlein-conte-confronto-atreju.html\" target=\"_blank\" rel=\"nofollow noopener\">un possibile faccia a faccia<\/a> tra la segretaria del Partito democratico e la presidente del Consiglio.\u00a0<\/p>\n<p><a href=\"https:\/\/www.today.it\/dossier\/potere\/giorgia-meloni-fdi-volti-nuovi-chi-sono.html\" target=\"_blank\" rel=\"nofollow noopener\">Vogliono diventare Giorgia Meloni: il &#8220;vivaio&#8221; di FdI<\/a><\/p>\n<p>&#8220;Ringrazio i leader politici delle opposizioni che hanno dato la loro disponibilit\u00e0 essere presenti senza porre condizioni. Noi ci confrontiamo con tutti&#8221;, ha spiegato Donzelli. Ad Atreju parteciperanno molti governatori, come il neopresidente della Regione Campania Roberto Fico e quello dell&#8217;Abruzzo Marco Marsilio. I loro interventi sono previsti per gioved\u00ec 11 dicembre. Mentre sabato 13 dicembre sar\u00e0 la volta di Francesco Acquaroli (Marche), Roberto Occhiuto (Calabria), Antonio Decaro (Puglia), Massimiliano Fedriga (Friuli-Venezia Giulia) e Francesco Rocca (Lazio). Alla kermesse parteciperanno pure i sindaci di due grandi citt\u00e0: quelli di Roma Roberto Gualtieri (gioved\u00ec 11 dicembre) e di Napoli Gaetano Manfredi (mercoled\u00ec 10 dicembre).<\/p>\n<p>Da Bova a Conti: i volti &#8220;pop&#8221;<\/p>\n<p>Tra gli ospiti pi\u00f9 &#8220;pop&#8221; attesi ci sono senz&#8217;altro Mara Venier, Carlo Conti ed Ezio Greggio. Il loro intervento \u00e8 previsto per mercoled\u00ec 10 dicembre. Titolo del panel: &#8220;La televisione e la cultura nazionalpopolare in Italia&#8221;. Gioved\u00ec 11 dicembre <a href=\"https:\/\/www.today.it\/persone\/raoul-bova\/\" target=\"_blank\" rel=\"nofollow noopener\">Raoul Bova <\/a>parler\u00e0 direttamente con la sorella di Giorgia, Arianna Meloni. L&#8217;attore al centro di recenti gossip discuter\u00e0 di &#8220;deep fake, web reputation e odio social&#8221; insieme alla responsabile FdI segreteria politica e adesioni e ad altri ospiti.<\/p>\n<p><img loading=\"lazy\" decoding=\"async\" style=\"aspect-ratio:1175\/211;\" src=\"https:\/\/www.europesays.com\/it\/wp-content\/uploads\/2025\/12\/il-panel-in-cui-interverranno-carlo-conti-ezio-greggio-e-mara-venier.png\" width=\"1175\" height=\"211\"\/><\/p>\n<p>Tra i nomi illustri, poi, ci sono anche le attrici Nicoletta Romanoff e Chiara Francini. Del mondo dello sport, oltre ai due ct delle nazionali di pallavolo campioni del mondo, Julio Velasco (della femminile) e Ferdinando De Giorgi (della maschile), riscalderanno i dibattiti anche Gianluigi Buffon e Carlotta Gigli. Interverranno poi alla kermesse anche il cardinale Matteo Maria Zuppi, il volto di &#8220;Mani pulite&#8221; ed ex leader dell&#8217;Italia dei valori Antonio Di Pietro e Silvia Albano, presidente di Magistratura democratica.<\/p>\n","protected":false},"excerpt":{"rendered":"Non ci saranno soltanto ministri, alleati e avversari politici. Ad Atreju, il tradizionale raduno di Fratelli d&#8217;Italia, parteciperanno&hellip;\n","protected":false},"author":3,"featured_media":242494,"comment_status":"","ping_status":"","sticky":false,"template":"","format":"standard","meta":{"footnotes":""},"categories":[1451],"tags":[1621,1620,203,124,5279,204,1537,90,89],"class_list":{"0":"post-242493","1":"post","2":"type-post","3":"status-publish","4":"format-standard","5":"has-post-thumbnail","7":"category-celebrita","8":"tag-celebrita","9":"tag-celebrities","10":"tag-entertainment","11":"tag-fdi","12":"tag-governo-meloni","13":"tag-intrattenimento","14":"tag-it","15":"tag-italia","16":"tag-italy"},"share_on_mastodon":{"url":"https:\/\/pubeurope.com\/@it\/115651640477133830","error":""},"_links":{"self":[{"href":"https:\/\/www.europesays.com\/it\/wp-json\/wp\/v2\/posts\/242493","targetHints":{"allow":["GET"]}}],"collection":[{"href":"https:\/\/www.europesays.com\/it\/wp-json\/wp\/v2\/posts"}],"about":[{"href":"https:\/\/www.europesays.com\/it\/wp-json\/wp\/v2\/types\/post"}],"author":[{"embeddable":true,"href":"https:\/\/www.europesays.com\/it\/wp-json\/wp\/v2\/users\/3"}],"replies":[{"embeddable":true,"href":"https:\/\/www.europesays.com\/it\/wp-json\/wp\/v2\/comments?post=242493"}],"version-history":[{"count":0,"href":"https:\/\/www.europesays.com\/it\/wp-json\/wp\/v2\/posts\/242493\/revisions"}],"wp:featuredmedia":[{"embeddable":true,"href":"https:\/\/www.europesays.com\/it\/wp-json\/wp\/v2\/media\/242494"}],"wp:attachment":[{"href":"https:\/\/www.europesays.com\/it\/wp-json\/wp\/v2\/media?parent=242493"}],"wp:term":[{"taxonomy":"category","embeddable":true,"href":"https:\/\/www.europesays.com\/it\/wp-json\/wp\/v2\/categories?post=242493"},{"taxonomy":"post_tag","embeddable":true,"href":"https:\/\/www.europesays.com\/it\/wp-json\/wp\/v2\/tags?post=242493"}],"curies":[{"name":"wp","href":"https:\/\/api.w.org\/{rel}","templated":true}]}}