{"id":242687,"date":"2025-12-02T22:40:11","date_gmt":"2025-12-02T22:40:11","guid":{"rendered":"https:\/\/www.europesays.com\/it\/242687\/"},"modified":"2025-12-02T22:40:11","modified_gmt":"2025-12-02T22:40:11","slug":"luca-bernabei-mio-padre-ettore-voleva-fare-una-tv-etica-ma-non-era-bacchettone-porto-lui-in-rai-le-kessler-una-trasgressione-democristiana","status":"publish","type":"post","link":"https:\/\/www.europesays.com\/it\/242687\/","title":{"rendered":"Luca Bernabei: \u00abMio padre Ettore voleva fare una tv etica ma non era bacchettone. Port\u00f2 lui in Rai le Kessler, una trasgressione democristiana\u00bb"},"content":{"rendered":"<p>    di<br \/>\n    Alessandra Arachi e Emilia Costantini<\/p>\n<p class=\"summary-art is-line-h-12\">Il figlio dello storico direttore della Rai: \u00abIl successo del mio Sandokan? Un omaggio alla sua intuizione. Desidero continuare la sua tv, per questo ho deciso di riportare la Tigre di Mompracem sul piccolo schermo\u00bb<\/p>\n<p class=\"chapter-paragraph\">Quando risponde alla prima domanda lo chiama Ettore, come se non fosse superfluo ricordare il nome di suo padre,  l\u2019uomo che ha inventato la Rai.  Lo far\u00e0 solo una volta. \u00abIl mio desiderio \u00e8 di continuare la tv di  Ettore Bernabei, per questo ho deciso di riportare Sandokan sul piccolo schermo, a met\u00e0 degli anni Settanta fu sua l\u2019idea dello sceneggiato sulla Tigre di Mompracem\u00bb, dice Luca che di Ettore \u00e8 il pi\u00f9 piccolo di  otto figli, oggi diventati sette, Paola che era una giornalista non c\u2019\u00e8 pi\u00f9.<br \/>La prima puntata di Sandokan, andata in onda luned\u00ec su Rai1, ha sbancato l\u2019Auditel con il 33,9%, come le tante serie tv che Luca Bernabei ha prodotto in trent\u2019anni.<\/p>\n<p class=\"chapter-paragraph\"><b>All\u2019epoca di suo padre Ettore, Sandokan incoll\u00f2 gli italiani alla tv e lo sguardo di Kabir Bedi illumin\u00f2 lo schermo neanche fosse stato un neon. Oggi <a href=\"https:\/\/www.corriere.it\/sette\/25_dicembre_01\/can-yaman-intervista-sandokan-06e2645c-c394-4cfe-886a-fb7dab586xlk.shtml\" title=\"Can Yaman: \u00abPer diventare Sandokan ho perso 10 chili. Lavoro 16 ore al giorno e sono stufo di interpretare il ruolo del figo che piace alle donne\u00bb\" rel=\"nofollow noopener\" target=\"_blank\">che significato ha riproporlo<\/a>?<\/b><br \/>\u00abUso una parola che non amo ma che spiega tutto: escapismo. Vuol dire aver voglia di scappare via. Oggi \u00e8 questo il sentimento generale, Sandokan lo interpreta alla perfezione\u00bb.    &#13;<br \/>\n&#13;<br \/>\n&#13;<br \/>\n&#13;<br \/>\n&#13;<br \/>\n&#13;<br \/>\n&#13;<br \/>\n&#13;<br \/>\n&#13;<br \/>\n&#13;<br \/>\n&#13;<br \/>\n&#13;<br \/>\n&#13;<br \/>\n&#13;<br \/>\n&#13;<br \/>\n&#13;<br \/>\n&#13;<br \/>\n&#13;<br \/>\n&#13;<br \/>\n&#13;<br \/>\n&#13;<br \/>\n&#13;<br \/>\n&#13;<br \/>\n&#13;<br \/>\n&#13;<br \/>\n&#13;<br \/>\n&#13;<br \/>\n&#13;<br \/>\n&#13;<br \/>\n&#13;<br \/>\n&#13;<br \/>\n&#13;<br \/>\n&#13;<br \/>\n&#13;<br \/>\n&#13;<br \/>\n&#13;<br \/>\n&#13;<br \/>\n&#13;<br \/>\n&#13;<br \/>\n&#13;<br \/>\n&#13;<br \/>\n&#13;<br \/>\n&#13;<br \/>\n&#13;<br \/>\n&#13;<br \/>\n&#13;<br \/>\n&#13;<br \/>\n&#13;<br \/>\n&#13;<br \/>\n&#13;<br \/>\n&#13;<br \/>\n&#13;<br \/>\n&#13;\n<\/p>\n<p class=\"chapter-paragraph\"><b>Perch\u00e9 dice questo? <\/b><br \/>\u00ab\u00c8 una storia che ci fa tornare bambini, fa ridere e sorridere. Ce n\u2019\u00e8 per tutti. Ci sono le spade, ma anche una grande storia d\u2019amore: Sandokan \u00e8 un pirata che non sa di essere un principe e Marianna \u00e8 una nobile inglese che fugge con un pirata. Una storia scandalosa, se vogliamo. All\u2019epoca di mio padre era rimasta in secondo piano, in questa serie di otto episodi \u00e8 esplosiva\u00bb.<\/p>\n<p class=\"chapter-paragraph\"><b>Desidera continuare la tv di suo padre, ha appena detto. <\/b><br \/>\u00abCi provo, indegnamente. Lui diceva che la sua missione era mandare a letto gli italiani tranquilli. Adesso questo non  \u00e8 facile\u00bb.<\/p>\n<p class=\"chapter-paragraph\"><b>Quindi? <\/b><br \/>\u00abMio padre  faceva una tv creazionista ed \u00e8 questa che vorrei fare. Una tv non ideologica ma etica\u00bb.<\/p>\n<p class=\"chapter-paragraph\"><b>Qual \u00e8 l\u2019etica della sua tv?<\/b><br \/>\u00abBisogna mettere in chiaro che c\u2019\u00e8 il bene e c\u2019\u00e8 il male. \u00c8 importante  far capire che si pu\u00f2 scegliere. E che nessuno giudica quelle scelte\u00bb.<\/p>\n<p class=\"chapter-paragraph\"><b>Cosa ha comportato essere figlio di Ettore Bernabei? <\/b><br \/>\u00abMangiare sempre molto tardi la sera? \u00bb.<\/p>\n<p class=\"chapter-paragraph\"><b>Sia serio. <\/b><br \/>\u00abScherzo, ma non troppo. Babbo non tollerava che non si stesse a tavola sempre tutti insieme. Ma lui faceva sempre tardi, sia a  pranzo sia a cena. E noi otto fratelli dovevamo combattere la fame  per aspettarlo. La sera tornava dal lavoro ben dopo il Tg. Curava la sua Rai nei minimi dettagli. Sedeva anche in regia e in  moviola. Curava la sua vita, nei dettagli. E  la tavola per lui era famiglia\u00bb.<\/p>\n<p class=\"chapter-paragraph\"><b>Lei cosa capiva in casa di quel babbo tanto importante?  <\/b><br \/>\u00abQuando ero piccolo ben poco. Mio padre non ha mai detto una parola di quello che riguardava il suo lavoro. Poi sono diventato grande e lui da anziano qualcosa ha cominciato a raccontare\u00bb.<\/p>\n<p class=\"chapter-paragraph\"><b>Per esempio? <\/b><br \/>\u00abCi rivel\u00f2 quello che gli aveva detto la moglie di Moro in un incontro durante i giorni del rapimento\u00bb.<\/p>\n<p class=\"chapter-paragraph\"><b>Ovvero?<\/b><br \/>\u00abIn quei giorni orribili il babbo si era adoperato nel tentare di mediare  tra le varie anime: Cossiga e Andreotti da una parte non volevano trattare con i brigatisti, a differenza di Fanfani e Craxi. And\u00f2 a trovare Eleonora Moro che aveva la stessa integrit\u00e0 e la stessa forza del marito. Lei gli disse: \u201cBernabei non si dia pena, la sentenza di morte di mio marito \u00e8 gi\u00e0 stata emessa. Ma non in Italia\u201d\u00bb.<\/p>\n<p class=\"chapter-paragraph\"><b>Quella di suo padre \u00e8 stata una carriera tutta dentro la Dc<\/b>. <br \/>\u00abGrazie a Fanfani, s\u00ec.  Fu il sindaco di Firenze  il sindaco santo Giorgio La Pira a presentarglielo. Quando mio padre era direttore della Nazione Fanfani lo chiam\u00f2 a  dirigere  il Popolo, allora potentissimo organo della potentissima Dc\u00bb.<\/p>\n<p class=\"chapter-paragraph\"><b>E da l\u00ec pass\u00f2 alla potentissima Rai<\/b>. <br \/>\u00abFu ancora grazie a Fanfani. Gli scrisse una lettera che conservo: \u201cIo ho fatto il mio dovere facendola direttore della Rai. Ora faccia Ella il suo facendo il direttore di tutti gli italiani\u201d\u00bb.<\/p>\n<p class=\"chapter-paragraph\"><b>E suo padre lo fece il suo dovere secondo lei? <\/b><br \/>\u00abNon l\u2019ho mai visto n\u00e9 mai sentito fare qualcosa per il suo tornaconto. Si adoperava per il bene comune e usava la televisione per fare questo\u00bb.<\/p>\n<p class=\"chapter-paragraph\"><b>Si parla ancora della \u00abRai di Bernabei\u00bb.<\/b><br \/>\u00abMio padre ha portato in televisione i pi\u00f9 bravi registi di cinema. Non dimentichiamo il \u201cGes\u00f9\u201d di Zeffirelli. O quel capolavoro che \u00e8 \u201cProva d\u2019orchestra\u201d di Fellini. Ha portato anche la trasgressione\u00bb.<\/p>\n<p class=\"chapter-paragraph\"><b>Trasgressione? <\/b><br \/>\u00abMi dispiace tantissimo quando sento dire che mio padre era un bacchettone. Non \u00e8 vero. Gli piaceva la vita. Era passionale, capace di gustarsi le persone anche a tavola, tra buon vino e ottimo cibo. Gli piacevano tantissimo anche le donne. \u00c8 stato lui a portare in tv le gemelle Kessler. La trasgressione possibile\u00bb.<\/p>\n<p class=\"chapter-paragraph\"><b>La \u00abtrasgressione possibile\u00bb? <\/b><br \/>\u00abLa trasgressione democristiana. Il concetto \u00e8: tu non devi tradire tua moglie, ma noi ti facciamo sognare con centoventi centimetri di gambe\u00bb.<\/p>\n<p class=\"chapter-paragraph\"><b>Hanno sognato in tanti sulle  gambe <a href=\"https:\/\/www.corriere.it\/spettacoli\/25_novembre_24\/gemelle-kessler-un-amica-rivela-alice-non-voleva-che-ellen-malata-morisse-da-sola-2bdb5c0a-7a7c-44f2-a049-460f936b0xlk.shtml\" title=\"Gemelle Kessler, un\u2019amica rivela: \u00abEllen era malata e depressa, Alice no, ma non voleva che la sorella morisse da sola\u00bb\" rel=\"nofollow noopener\" target=\"_blank\">delle Kessler<\/a>. <\/b><br \/>\u00abEh s\u00ec\u00bb.<\/p>\n<p class=\"chapter-paragraph\"><b>Si pu\u00f2 ancora sognare? <\/b><br \/>\u00abI sogni ce li hanno tolti. Dobbiamo riprenderceli\u00bb.<\/p>\n<p class=\"chapter-paragraph\"><b>Ha qualche idea? Lei ha cambiato vita, ha fondato una nuova casa di produzione dopo aver lasciato la Lux Vide, la storica casa di produzione fondata da suo padre Ettore e da sua sorella Matilde. Una voglia di rinnovamento? <\/b><br \/>\u00abUn rinnovamento  nella continuit\u00e0\u00bb.<\/p>\n<p class=\"chapter-paragraph\"><b>Progetti? <\/b><br \/>\u00abDiversi. Ne cito uno, a proposito di sogni. Stiamo sviluppando una serie di otto puntate: \u201cOnde libere\u201d. La storia di tre ragazzi molto diversi tra  loro, due maschi e una femmina che fondano una radio libera. Siamo tra la fine degli anni Settanta e l\u2019inizio degli Ottanta, un momento magico, irripetibile.  Era finita l\u2019epoca buia del terrorismo, si ricominciava a sognare. Erano le radio libere che regalavano sogni e libert\u00e0. Il progetto \u00e8 in mano a due sceneggiatori bravissimi: Giorgio Nerone e Sara Musetti\u00bb.<\/p>\n<p class=\"chapter-paragraph\"><b>Altro in preparazione? <\/b><br \/>\u00ab\u201dGolden Touch\u201d, una serie che parla di  una famiglia di imprenditori nel campo delle pietre preziose, sul lago di Como. Il capofamiglia si ammala all\u2019improvviso. I suoi figli sono sparsi per il mondo, quasi estranei tra loro.  Per salvare l\u2019azienda sono costretti a tornare a casa. A stare insieme. A riscoprirsi. Una volta tanto la famiglia non esplode ma implode. Gli sceneggiatori sono Camilla Buizza e Andrea Bassi\u00bb.<\/p>\n<p class=\"chapter-paragraph\"><b>Come si chiama la sua casa di produzione? <\/b><br \/>\u00abOhana\u00bb.<\/p>\n<p class=\"chapter-paragraph\"><b>Che nome \u00e8? <\/b><br \/>\u00abIn hawaiano vuol dire famiglia. Vorrei che Ohana  diventasse  una famiglia per tutti. Per gli spettatori. E per i miei collaboratori\u00bb.<\/p>\n<p class=\"chapter-paragraph\"><b>Sono sempre numerose le sue famiglie. Lei e sua moglie Paola avete sei figli, lei \u00e8 l\u2019ultimo di otto fratelli. <\/b><br \/>\u00abIl pi\u00f9 grande dei miei fratelli \u00e8 Marco, psicanalista. Poi Roberto, medico. Con Matilde abbiamo lavorato venticinque anni accanto al babbo in Lux, con noi anche Gianni. Laura vive in Francia, Andrea \u00e8 avvocato. Mio padre \u00e8 stato un grande capofamiglia\u00bb.<\/p>\n<p class=\"chapter-paragraph\"><b>Litigavate mai lei e suo padre? <\/b><br \/>\u00abAltroch\u00e9. Babbo era un toscanaccio molto passionale. Se facevo qualcosa di sbagliato perdeva le staffe. Una volta mi rimprover\u00f2 urlando: arriv\u00f2 a giudicare troppo violente alcune scene di Don Matteo\u00bb.<\/p>\n<p class=\"chapter-paragraph\"><b>Ha continuato a volervi tutti attorno a un tavolo? <\/b><br \/>\u00abSempre.Cominciava a chiamarci il mercoled\u00ec per il pranzo della domenica. Figli, nipoti, nuore, generi.  Mio padre l\u2019affetto lo esternava attraverso il cibo. Il primo abbraccio della mia vita me lo ha dato quando \u00e8 morta mia madre ed \u00e8 scoppiato a piangere. Non ero pronto all\u2019abbraccio e nemmeno al pianto. Non lo avevo mai visto piangere. Lui aveva 92 anni, io 49\u00bb.<\/p>\n<p class=\"chapter-paragraph\"><b>A che et\u00e0 \u00e8 morto Ettore Bernabei? <\/b><br \/>\u00abAveva 95 anni. \u00c8 morto felice. Seduto a tavola\u00bb.  <\/p>\n<p class=\"is-last-update\" datetime=\"2025-12-02T21:25:48+01:00\">2 dicembre 2025 ( modifica il 2 dicembre 2025 | 21:25)<\/p>\n<p class=\"is-copyright\">\n            \u00a9 RIPRODUZIONE RISERVATA\n        <\/p>\n","protected":false},"excerpt":{"rendered":"di Alessandra Arachi e Emilia Costantini Il figlio dello storico direttore della Rai: \u00abIl successo del mio Sandokan?&hellip;\n","protected":false},"author":3,"featured_media":242688,"comment_status":"","ping_status":"","sticky":false,"template":"","format":"standard","meta":{"footnotes":"","_share_on_mastodon":"0"},"categories":[1451],"tags":[14226,2700,39952,143329,391,113867,143330,143331,6969,1621,1620,2205,844,1365,143327,26802,29725,3059,143332,143333,5114,1109,143334,2391,26,203,3452,143335,3084,56464,143328,1909,88231,2731,2716,322,4704,7824,128,48,204,1537,90,627,89,6142,143336,6233,6991,143337,143338,7242,12325,1229,143339,39792,300,1693,68058,3608,129030,1393,2463,7793,42575,20144,7386,43059,37919,1916,4565,143340,143341,25915,3741,4061,2848,62330,17458,57618,65348,2179,13287,1821,35923,40374,9654,1567,35642,143326,253],"class_list":["post-242687","post","type-post","status-publish","format-standard","has-post-thumbnail","category-celebrita","tag-abbraccio","tag-andrea","tag-babbo","tag-bacchettone","tag-ben","tag-bernabei","tag-bernabei-padre","tag-capofamiglia","tag-ce","tag-celebrita","tag-celebrities","tag-chiama","tag-cibo","tag-continuare","tag-continuare-tv","tag-curava","tag-dc","tag-deciso","tag-deciso-riportare","tag-democristiana","tag-dettagli","tag-direttore","tag-direttore-rai","tag-diversi","tag-dovere","tag-entertainment","tag-epoca","tag-epoca-padre","tag-etica","tag-ettore","tag-ettore-bernabei","tag-famiglia","tag-fanfani","tag-figli","tag-figlio","tag-fratelli","tag-gambe","tag-giorgio","tag-idea","tag-importante","tag-intrattenimento","tag-it","tag-italia","tag-italiani","tag-italy","tag-kessler","tag-kessler-trasgressione","tag-libere","tag-luca","tag-luca-bernabei","tag-lux","tag-marito","tag-matilde","tag-moglie","tag-mompracem","tag-moro","tag-morto","tag-nome","tag-ohana","tag-padre","tag-padre-ettore","tag-paola","tag-parla","tag-parola","tag-passionale","tag-piangere","tag-piccolo","tag-piccolo-schermo","tag-pirata","tag-portato","tag-possibile","tag-possibile-trasgressione","tag-potentissima","tag-pranzo","tag-produzione","tag-radio","tag-rai","tag-rinnovamento","tag-riportare","tag-sandokan","tag-sceneggiatori","tag-schermo","tag-sera","tag-serie","tag-settanta","tag-sognare","tag-sogni","tag-storia","tag-tavola","tag-trasgressione","tag-tv"],"share_on_mastodon":{"url":"","error":"Validation failed: Text character limit of 500 exceeded"},"_links":{"self":[{"href":"https:\/\/www.europesays.com\/it\/wp-json\/wp\/v2\/posts\/242687","targetHints":{"allow":["GET"]}}],"collection":[{"href":"https:\/\/www.europesays.com\/it\/wp-json\/wp\/v2\/posts"}],"about":[{"href":"https:\/\/www.europesays.com\/it\/wp-json\/wp\/v2\/types\/post"}],"author":[{"embeddable":true,"href":"https:\/\/www.europesays.com\/it\/wp-json\/wp\/v2\/users\/3"}],"replies":[{"embeddable":true,"href":"https:\/\/www.europesays.com\/it\/wp-json\/wp\/v2\/comments?post=242687"}],"version-history":[{"count":0,"href":"https:\/\/www.europesays.com\/it\/wp-json\/wp\/v2\/posts\/242687\/revisions"}],"wp:featuredmedia":[{"embeddable":true,"href":"https:\/\/www.europesays.com\/it\/wp-json\/wp\/v2\/media\/242688"}],"wp:attachment":[{"href":"https:\/\/www.europesays.com\/it\/wp-json\/wp\/v2\/media?parent=242687"}],"wp:term":[{"taxonomy":"category","embeddable":true,"href":"https:\/\/www.europesays.com\/it\/wp-json\/wp\/v2\/categories?post=242687"},{"taxonomy":"post_tag","embeddable":true,"href":"https:\/\/www.europesays.com\/it\/wp-json\/wp\/v2\/tags?post=242687"}],"curies":[{"name":"wp","href":"https:\/\/api.w.org\/{rel}","templated":true}]}}