{"id":243010,"date":"2025-12-03T03:54:12","date_gmt":"2025-12-03T03:54:12","guid":{"rendered":"https:\/\/www.europesays.com\/it\/243010\/"},"modified":"2025-12-03T03:54:12","modified_gmt":"2025-12-03T03:54:12","slug":"napoli-15enne-morto-dopo-aver-mangiato-sushi-la-mamma-ho-sentito-solo-menzogne","status":"publish","type":"post","link":"https:\/\/www.europesays.com\/it\/243010\/","title":{"rendered":"Napoli, 15enne morto dopo aver mangiato sushi. La mamma: \u00abHo sentito solo menzogne\u00bb"},"content":{"rendered":"<p>\n                            Alle ore 12 tutta la cronaca di Napoli<br \/>\n                            <b>Iscriviti<\/b> e ricevi le notizie via email\n                        <\/p>\n<p><strong>\u00abDopo 4 anni \u00e8 stato uno choc<\/strong>, ho sentito menzogne,<strong> le prime sono quelle del medico<\/strong>. Da questo processo non \u00e8 venuta fuori la verit\u00e0, \u00e8 uscita solo una verit\u00e0 processuale, artefatta e menzognera. Il mio errore \u00e8 stato essermi fidato di un medico che non \u00e8 stato professionale e non ha avuto coscienza\u00bb.<\/p>\n<p>&#13;<\/p>\n<p>APPROFONDIMENTI<\/p>\n<p>&#13;<br \/>\n    &#13;<\/p>\n<p><strong>Maria Rosaria Borrelli, madre di Luca Piscopo,<\/strong> il 15enne morto a Napoli nove giorni dopo avere consumato un pasto in un ristorante, contesta l&#8217;assoluzione \u00abperch\u00e9 il fatto non sussiste\u00bb del medico curante del figlio. \u00abIl ristoratore (condannato a 2 anni e mezzo di reclusione) \u00e8 stato un bandito, senza scrupoli, &#8211; ha aggiunto la donna &#8211; ma quello che mi ha fatto rabbia \u00e8 stata l&#8217;assoluzione del <strong>medico<\/strong>: in 10 giorni mio figlio ha perso pi\u00f9 di 10 chili, lui non mi ha mai fatto una telefonata per chiedermi come stava il ragazzo\u00bb.<\/p>\n<p><a class=\"link_item\" data-linked_from=\"null\" href=\"https:\/\/www.ilmattino.it\/napoli\/cronaca\/luca_piscopo_morto_sushi_napoli_condanna_processo_vomero-9222260.html\" rel=\"nofollow noopener\" target=\"_blank\">Napoli, 15enne morto dopo aver mangiato sushi al Vomero: ristoratore condannato<\/a><\/p>\n<p><strong>\u00abAbbiamo atteso quattro anni affinch\u00e9 venisse fatta giustizia<\/strong> &#8211; dice Imma Varriale, amica di Luca &#8211; ma cos\u00ec non \u00e8 stato. La vita di Luca non pu\u00f2 valere due miseri anni e sei mesi. Il medico, che non ha saputo svolgere il suo lavoro, \u00e8 stato assolto. Quello che \u00e8 successo a Luca non doveva succedere. Non solo abbiamo aspettato 4 anni ma siamo anche rimasti delusi: <strong>ancora una volta la giustizia italiana ha fallito. <\/strong>Serviva il massimo della pena, io e tutti gli altri amici di Luca siamo sconvolti\u00bb.<\/p>\n","protected":false},"excerpt":{"rendered":"Alle ore 12 tutta la cronaca di Napoli Iscriviti e ricevi le notizie via email \u00abDopo 4 anni&hellip;\n","protected":false},"author":3,"featured_media":243011,"comment_status":"","ping_status":"","sticky":false,"template":"","format":"standard","meta":{"footnotes":""},"categories":[6],"tags":[14,8,1537,90,89,143491,248,7,15,82,9,83,10,13235,13,11,80,84,12,81,85,143492],"class_list":{"0":"post-243010","1":"post","2":"type-post","3":"status-publish","4":"format-standard","5":"has-post-thumbnail","7":"category-ultime-notizie","8":"tag-cronaca","9":"tag-headlines","10":"tag-it","11":"tag-italia","12":"tag-italy","13":"tag-luca-piscopo","14":"tag-napoli","15":"tag-news","16":"tag-notizie","17":"tag-notizie-di-cronaca","18":"tag-notizie-principali","19":"tag-notiziedicronaca","20":"tag-notizieprincipali","21":"tag-sushi","22":"tag-titoli","23":"tag-ultime-notizie","24":"tag-ultime-notizie-di-cronaca","25":"tag-ultime-notizie-e-news-di-oggi","26":"tag-ultimenotizie","27":"tag-ultimenotiziedicronaca","28":"tag-ultimenotizieenewsdioggi","29":"tag-vomero"},"share_on_mastodon":{"url":"https:\/\/pubeurope.com\/@it\/115653618129350086","error":""},"_links":{"self":[{"href":"https:\/\/www.europesays.com\/it\/wp-json\/wp\/v2\/posts\/243010","targetHints":{"allow":["GET"]}}],"collection":[{"href":"https:\/\/www.europesays.com\/it\/wp-json\/wp\/v2\/posts"}],"about":[{"href":"https:\/\/www.europesays.com\/it\/wp-json\/wp\/v2\/types\/post"}],"author":[{"embeddable":true,"href":"https:\/\/www.europesays.com\/it\/wp-json\/wp\/v2\/users\/3"}],"replies":[{"embeddable":true,"href":"https:\/\/www.europesays.com\/it\/wp-json\/wp\/v2\/comments?post=243010"}],"version-history":[{"count":0,"href":"https:\/\/www.europesays.com\/it\/wp-json\/wp\/v2\/posts\/243010\/revisions"}],"wp:featuredmedia":[{"embeddable":true,"href":"https:\/\/www.europesays.com\/it\/wp-json\/wp\/v2\/media\/243011"}],"wp:attachment":[{"href":"https:\/\/www.europesays.com\/it\/wp-json\/wp\/v2\/media?parent=243010"}],"wp:term":[{"taxonomy":"category","embeddable":true,"href":"https:\/\/www.europesays.com\/it\/wp-json\/wp\/v2\/categories?post=243010"},{"taxonomy":"post_tag","embeddable":true,"href":"https:\/\/www.europesays.com\/it\/wp-json\/wp\/v2\/tags?post=243010"}],"curies":[{"name":"wp","href":"https:\/\/api.w.org\/{rel}","templated":true}]}}