{"id":243505,"date":"2025-12-03T11:54:12","date_gmt":"2025-12-03T11:54:12","guid":{"rendered":"https:\/\/www.europesays.com\/it\/243505\/"},"modified":"2025-12-03T11:54:12","modified_gmt":"2025-12-03T11:54:12","slug":"pastorello-de-vrij-e-acerbi-inter-molto-chiara-con-noi-ci-ha-detto-che","status":"publish","type":"post","link":"https:\/\/www.europesays.com\/it\/243505\/","title":{"rendered":"Pastorello: &#8220;De Vrij e Acerbi? Inter molto chiara con noi, ci ha detto che&#8230;&#8221;"},"content":{"rendered":"<p>Federico Pastorello, agente tra gli altri di Stefan De Vrij e Francesco Acerbi, entrambi in scadenza a fine stagione con l&#8217;Inter, ha parlato del loro futuro<\/p>\n<p><strong>Federico Pastorello<\/strong>, agente tra gli altri di <strong>Stefan De Vrij e Francesco Acerbi<\/strong>, entrambi in scadenza a fine stagione con <a href=\"https:\/\/www.fcinter1908.it\/calciomercato\/mercato-inter\/frattesi-napoli-richiesta-inter-vice-dumfries\/\" rel=\"nofollow noopener\" target=\"_blank\">l&#8217;Inter<\/a>, ha parlato del loro futuro. Ecco le sue dichiarazioni ai microfoni di TMW:\u00a0&#8220;La societ\u00e0 con noi \u00e8 stata molto chiara: prenderanno una decisione a fine stagione. Poi ovviamente c&#8217;\u00e8 chi sar\u00e0 libero di trattare il rinnovo, chi magari nel frattempo avr\u00e0 gi\u00e0 firmato con qualcun altro.<\/p>\n<p>Non vedo per\u00f2 all&#8217;orizzonte decisioni gi\u00e0 prese. L&#8217;Inter avr\u00e0 il suo ben da fare, ha 5-6 giocatori in scadenza e sono calciatori che hanno fatto la storia recente del club. Qualcuno sar\u00e0 ai saluti, qualcun altro rinnover\u00e0. Per\u00f2 siamo abbastanza sereni, sappiamo che la societ\u00e0 riprender\u00e0 questi discorsi a maggio-giugno.<\/p>\n<p>Noi facciamo il nostro lavoro che \u00e8 quello di portare quante pi\u00f9 opzioni ai calciatori e anche stavolta far\u00f2 cos\u00ec. Detto ci\u00f2, i ragazzi sono attaccatissimi all&#8217;Inter. De Vrij \u00e8 alla sua ottava stagione all&#8217;Inter e anche Acerbi ha scritto pagine molto importanti della storia recente nerazzurra. Si trovano benissimo e non escludo nulla, ma ne parleremo a tempo debito&#8221;.<\/p>\n<p class=\"is-copyright\">\u00a9 RIPRODUZIONE RISERVATA<\/p>\n","protected":false},"excerpt":{"rendered":"Federico Pastorello, agente tra gli altri di Stefan De Vrij e Francesco Acerbi, entrambi in scadenza a fine&hellip;\n","protected":false},"author":3,"featured_media":243506,"comment_status":"","ping_status":"","sticky":false,"template":"","format":"standard","meta":{"footnotes":""},"categories":[1452],"tags":[33592,143852,143853,7169,721,277,57000,1740,350,1537,90,89,84808,1438,1739,245,244,577,143851,57001],"class_list":{"0":"post-243505","1":"post","2":"type-post","3":"status-publish","4":"format-standard","5":"has-post-thumbnail","7":"category-calcio","8":"tag-acerbi","9":"tag-acerbi-scadenza","10":"tag-acerbi-scadenza-stagione","11":"tag-agente","12":"tag-calcio","13":"tag-de","14":"tag-de-vrij","15":"tag-football","16":"tag-inter","17":"tag-it","18":"tag-italia","19":"tag-italy","20":"tag-pastorello","21":"tag-scadenza","22":"tag-soccer","23":"tag-sport","24":"tag-sports","25":"tag-stagione","26":"tag-stagione-inter","27":"tag-vrij"},"share_on_mastodon":{"url":"https:\/\/pubeurope.com\/@it\/115655505597420377","error":""},"_links":{"self":[{"href":"https:\/\/www.europesays.com\/it\/wp-json\/wp\/v2\/posts\/243505","targetHints":{"allow":["GET"]}}],"collection":[{"href":"https:\/\/www.europesays.com\/it\/wp-json\/wp\/v2\/posts"}],"about":[{"href":"https:\/\/www.europesays.com\/it\/wp-json\/wp\/v2\/types\/post"}],"author":[{"embeddable":true,"href":"https:\/\/www.europesays.com\/it\/wp-json\/wp\/v2\/users\/3"}],"replies":[{"embeddable":true,"href":"https:\/\/www.europesays.com\/it\/wp-json\/wp\/v2\/comments?post=243505"}],"version-history":[{"count":0,"href":"https:\/\/www.europesays.com\/it\/wp-json\/wp\/v2\/posts\/243505\/revisions"}],"wp:featuredmedia":[{"embeddable":true,"href":"https:\/\/www.europesays.com\/it\/wp-json\/wp\/v2\/media\/243506"}],"wp:attachment":[{"href":"https:\/\/www.europesays.com\/it\/wp-json\/wp\/v2\/media?parent=243505"}],"wp:term":[{"taxonomy":"category","embeddable":true,"href":"https:\/\/www.europesays.com\/it\/wp-json\/wp\/v2\/categories?post=243505"},{"taxonomy":"post_tag","embeddable":true,"href":"https:\/\/www.europesays.com\/it\/wp-json\/wp\/v2\/tags?post=243505"}],"curies":[{"name":"wp","href":"https:\/\/api.w.org\/{rel}","templated":true}]}}