{"id":243806,"date":"2025-12-03T16:12:22","date_gmt":"2025-12-03T16:12:22","guid":{"rendered":"https:\/\/www.europesays.com\/it\/243806\/"},"modified":"2025-12-03T16:12:22","modified_gmt":"2025-12-03T16:12:22","slug":"dottor-male-sevizie-sui-prigionieri-ucraini-nella-colonia-penale-russa-n10","status":"publish","type":"post","link":"https:\/\/www.europesays.com\/it\/243806\/","title":{"rendered":"Dottor Male: sevizie sui prigionieri ucraini nella Colonia penale russa n\u00b010"},"content":{"rendered":"<p><strong>Pavlo Afisov<\/strong> \u00e8 un marine ucraino. Preso prigioniero, ha trascorso 614 giorni nella <strong>Colonia penale n.10<\/strong>, che si trova nella <strong>Repubblica della Mordovia,<\/strong> in Russia. In questa struttura era in servizio un paramedico che i detenuti chiamavano \u201cdottor Male\u201d. Afisov lo ha identificato in <strong>Ilya Sorokin<\/strong>, affermando: \u201cI continui abusi morali e fisici di Sorokin su ogni prigioniero di guerra non dovrebbero dargli il diritto di godersi la vita liberamente e in sicurezza\u201d. <strong>Oleksandr Savov<\/strong> era un altro ex prigioniero di guerra \u201cospitato\u201d nella Colonia 10: una volta liberato ha patito per la <strong>tubercolosi e le cicatrici da scosse elettriche<\/strong> che, a suo dire, gli erano state inflitte da Sorokin. Savov \u00e8 morto il 16 novembre scorso.<\/p>\n<p>Le testimonianze di ex prigionieri ucraini rinchiusi dai russi in Mordovia sono state raccolte dal <strong>collettivo di giornalismo investigativo Occrp<\/strong> (Organised crime and corruption) che ha sede ad Amsterdam, in Olanda. La loro inchiesta per smascherare il Dottor Male, in collaborazione con Schemes (RFE\/RL), ha avuto il riconoscimento agli Eppy Awards 2025.<\/p>\n<p>Ieri il <strong>servizio di sicurezza ucraino Sbu<\/strong> e la Procura generale hanno incriminato Sorokin per \u201ctrattamento crudele dei prigionieri di guerra\u201d. Le autorit\u00e0 hanno affermato di aver avviato la <strong>procedura in contumacia<\/strong> perch\u00e9 Sorokin si sta nascondendo e si rifiuta di partecipare al processo. Come riporta il sito del gruppo di giornalismo investigativo, <strong>Andriy Yakovlev, avvocato del Centro Regionale per i Diritti Umani,<\/strong> ha affermato che un\u2019indagine in contumacia consente alle autorit\u00e0 di documentare prove e circostanze anche quando un sospettato non pu\u00f2 essere arrestato ed \u00e8 un meccanismo che permette di effettuare indagini senza attendere la fine del conflitto.<\/p>\n<p>Le autorit\u00e0 di Kiev hanno ricostruito le attivit\u00e0 del paramedico in servizio nell\u2019unit\u00e0 10 della Colonia penale 10 della Mordavia. Secondo questi accertamenti, Sorokin ricorreva a violenze fisiche e psicologiche nei confronti dei soldati di Kiev \u201cper il loro contributo alla prevenzione dell\u2019aggressione armata contro l\u2019Ucraina\u201d.<\/p>\n<p>Diverse le testimonianze di ex prigionieri che hanno raccontato le azioni del Dottor Male, che li picchiava e si rifiutava di prestare loro le cure necessarie. Alla fine di ottobre, <strong>l\u2019Unione europea ha sanzionato Sorokin<\/strong> all\u2019interno dello stesso pacchetto che ha vietato l\u2019import di gas naturale liquefatto russo. Anche l\u2019Unione ha citato il <strong>\u201ctrattamento disumano e degradante\u201d dei prigionieri di guerra<\/strong> da parte del paramedico, in violazione della Convenzione di Ginevra. Tra le varie contestazioni mosse dall\u2019Ue in base al dossier dell\u2019Occrp, Sorokin costringeva i detenuti ad abbaiare come cani.<\/p>\n<p>Alla fine del 2024, Sorokin ha lasciato la Colonia penale 10 per essere <strong>arruolato nell\u2019esercito russo<\/strong>. Dal 2 dicembre il profilo Telegram di Sorokin non appare pi\u00f9 operativo. Su quella piattaforma lo scorso ottobre i reporter di Occrp avevano comunicato con lui, chiedendogli una reazione al fatto che l\u2019Unione lo aveva sanzionato: i messaggi sono stati letti, ma le risposte non sono mai arrivate.<\/p>\n","protected":false},"excerpt":{"rendered":"Pavlo Afisov \u00e8 un marine ucraino. Preso prigioniero, ha trascorso 614 giorni nella Colonia penale n.10, che si&hellip;\n","protected":false},"author":3,"featured_media":243807,"comment_status":"","ping_status":"","sticky":false,"template":"","format":"standard","meta":{"footnotes":""},"categories":[160],"tags":[14,164,165,166,7,15,11,167,12,168,161,162,163],"class_list":{"0":"post-243806","1":"post","2":"type-post","3":"status-publish","4":"format-standard","5":"has-post-thumbnail","7":"category-mondo","8":"tag-cronaca","9":"tag-dal-mondo","10":"tag-dalmondo","11":"tag-mondo","12":"tag-news","13":"tag-notizie","14":"tag-ultime-notizie","15":"tag-ultime-notizie-di-mondo","16":"tag-ultimenotizie","17":"tag-ultimenotiziedimondo","18":"tag-world","19":"tag-world-news","20":"tag-worldnews"},"share_on_mastodon":{"url":"https:\/\/pubeurope.com\/@it\/115656520233815308","error":""},"_links":{"self":[{"href":"https:\/\/www.europesays.com\/it\/wp-json\/wp\/v2\/posts\/243806","targetHints":{"allow":["GET"]}}],"collection":[{"href":"https:\/\/www.europesays.com\/it\/wp-json\/wp\/v2\/posts"}],"about":[{"href":"https:\/\/www.europesays.com\/it\/wp-json\/wp\/v2\/types\/post"}],"author":[{"embeddable":true,"href":"https:\/\/www.europesays.com\/it\/wp-json\/wp\/v2\/users\/3"}],"replies":[{"embeddable":true,"href":"https:\/\/www.europesays.com\/it\/wp-json\/wp\/v2\/comments?post=243806"}],"version-history":[{"count":0,"href":"https:\/\/www.europesays.com\/it\/wp-json\/wp\/v2\/posts\/243806\/revisions"}],"wp:featuredmedia":[{"embeddable":true,"href":"https:\/\/www.europesays.com\/it\/wp-json\/wp\/v2\/media\/243807"}],"wp:attachment":[{"href":"https:\/\/www.europesays.com\/it\/wp-json\/wp\/v2\/media?parent=243806"}],"wp:term":[{"taxonomy":"category","embeddable":true,"href":"https:\/\/www.europesays.com\/it\/wp-json\/wp\/v2\/categories?post=243806"},{"taxonomy":"post_tag","embeddable":true,"href":"https:\/\/www.europesays.com\/it\/wp-json\/wp\/v2\/tags?post=243806"}],"curies":[{"name":"wp","href":"https:\/\/api.w.org\/{rel}","templated":true}]}}