{"id":243921,"date":"2025-12-03T17:50:14","date_gmt":"2025-12-03T17:50:14","guid":{"rendered":"https:\/\/www.europesays.com\/it\/243921\/"},"modified":"2025-12-03T17:50:14","modified_gmt":"2025-12-03T17:50:14","slug":"fifa-schierata-contro-la-coppa-dafrica-i-convocati-in-ritiro-7-giorni-dopo","status":"publish","type":"post","link":"https:\/\/www.europesays.com\/it\/243921\/","title":{"rendered":"FIFA schierata contro la Coppa D&#8217;Africa: i convocati in ritiro 7 giorni dopo"},"content":{"rendered":"<p>Una settimana in pi\u00f9 per aiutare i propri club per molte stelle, che poi partiranno per inseguire il sogno con le corrispettive Nazionali<\/p>\n<p>Il tema <a href=\"https:\/\/www.derbyderbyderby.it\/calcio-estero\/egitto-i-pre-convocati-per-la-coppa-dafrica-ci-sono-salah-e-marmoush\/\" rel=\"nofollow noopener\" target=\"_blank\"><strong>Coppa D&#8217;Africa<\/strong><\/a>specialmente negli ultimi anni si \u00e8 dimostrato tra quelli pi\u00f9 spigolosi nel panorama calcistico. Nelle ultime settimane le squadre di club si erano infatti appellata alla <strong>FIFA<\/strong> per lasciare andare i propri giocatori in ritiro con le corrispettive nazionali qualche giorno dopo la data usualmente prevista (8 dicembre). Richiesta accettata e dunque cambia tutto in vista della sentitissima competizione africana.<\/p>\n<p>Calciatori in ritiro una settimana dopo, cambia la prassi in Coppa D&#8217;Africa grazie alla FIFA\u2014 \u00a0<\/p>\n<p>Tante le critiche in merito, tra calciatori costretti a lasciare i propri club nelle fasi caldi di stagione, ai tanti infortuni nei rientri. Riecheggiano in Italia le parole di Aurelio De Laurentiis in merito, ma non solo. Parole supportate dai tanti presidenti dei vari club in giro per l&#8217;Europa. Critiche che hanno poi portato a formulare una richiesta ufficiale alla FIFA, che questa mattina \u00e8 stata accolta e dunque tutti i giocatori tesserati per un club europeo convocati per la <a href=\"https:\/\/www.derbyderbyderby.it\/calcio-estero\/nigeria-mondiale-calcio-africa-afa-sudafrica-benin-rwanda\/\" rel=\"nofollow noopener\" target=\"_blank\"><strong>Coppa D&#8217;Africa<\/strong><\/a> raggiungeranno il ritiro della propria Nazionale solamente il prossimo 15 dicembre, sette giorni dopo la data inizialmente prestabilita.<\/p>\n<p>Tra i campionati pi\u00f9 colpiti c&#8217;\u00e8 sicuramente la Serie A. La competizione italiana vedr\u00e0 una serie di big assentarsi tra cui i volti noti di <strong>Lookman, N&#8217;Dicka e Dia<\/strong> per dirne alcuni. In Turchia le critiche non sono mancate, visto che <strong>Osimhen<\/strong> sta trascinando il Galatasaray a suon di gol. Senza dimenticare <strong>Salah<\/strong> in Premier League, che dovr\u00e0 salutare temporaneamente il Liverpool nel momento pi\u00f9 delicato della stagione dei <strong>Reds<\/strong>. Sempre in Inghilterra, sponda City, il grande assente \u00e8 <strong>Marmoush<\/strong>, che sar\u00e0 compagno di reparto proprio di Momo Salah.<\/p>\n<p class=\"is-copyright\">\u00a9 RIPRODUZIONE RISERVATA<\/p>\n","protected":false},"excerpt":{"rendered":"Una settimana in pi\u00f9 per aiutare i propri club per molte stelle, che poi partiranno per inseguire il&hellip;\n","protected":false},"author":3,"featured_media":243922,"comment_status":"","ping_status":"","sticky":false,"template":"","format":"standard","meta":{"footnotes":""},"categories":[1452],"tags":[3623,1952,721,6195,554,5002,10111,4297,4298,144036,144037,9182,7881,1888,32956,1740,3412,1537,90,89,53,8834,1738,1739,245,244],"class_list":{"0":"post-243921","1":"post","2":"type-post","3":"status-publish","4":"format-standard","5":"has-post-thumbnail","7":"category-calcio","8":"tag-africa","9":"tag-calciatori","10":"tag-calcio","11":"tag-cambia","12":"tag-club","13":"tag-competizione","14":"tag-convocati","15":"tag-coppa","16":"tag-coppa-africa","17":"tag-corrispettive","18":"tag-corrispettive-nazionali","19":"tag-critiche","20":"tag-data","21":"tag-dicembre","22":"tag-fifa","23":"tag-football","24":"tag-giocatori","25":"tag-it","26":"tag-italia","27":"tag-italy","28":"tag-lasciare","29":"tag-propri","30":"tag-ritiro","31":"tag-soccer","32":"tag-sport","33":"tag-sports"},"share_on_mastodon":{"url":"https:\/\/pubeurope.com\/@it\/115656905868069645","error":""},"_links":{"self":[{"href":"https:\/\/www.europesays.com\/it\/wp-json\/wp\/v2\/posts\/243921","targetHints":{"allow":["GET"]}}],"collection":[{"href":"https:\/\/www.europesays.com\/it\/wp-json\/wp\/v2\/posts"}],"about":[{"href":"https:\/\/www.europesays.com\/it\/wp-json\/wp\/v2\/types\/post"}],"author":[{"embeddable":true,"href":"https:\/\/www.europesays.com\/it\/wp-json\/wp\/v2\/users\/3"}],"replies":[{"embeddable":true,"href":"https:\/\/www.europesays.com\/it\/wp-json\/wp\/v2\/comments?post=243921"}],"version-history":[{"count":0,"href":"https:\/\/www.europesays.com\/it\/wp-json\/wp\/v2\/posts\/243921\/revisions"}],"wp:featuredmedia":[{"embeddable":true,"href":"https:\/\/www.europesays.com\/it\/wp-json\/wp\/v2\/media\/243922"}],"wp:attachment":[{"href":"https:\/\/www.europesays.com\/it\/wp-json\/wp\/v2\/media?parent=243921"}],"wp:term":[{"taxonomy":"category","embeddable":true,"href":"https:\/\/www.europesays.com\/it\/wp-json\/wp\/v2\/categories?post=243921"},{"taxonomy":"post_tag","embeddable":true,"href":"https:\/\/www.europesays.com\/it\/wp-json\/wp\/v2\/tags?post=243921"}],"curies":[{"name":"wp","href":"https:\/\/api.w.org\/{rel}","templated":true}]}}