{"id":243925,"date":"2025-12-03T17:52:23","date_gmt":"2025-12-03T17:52:23","guid":{"rendered":"https:\/\/www.europesays.com\/it\/243925\/"},"modified":"2025-12-03T17:52:23","modified_gmt":"2025-12-03T17:52:23","slug":"la-meraviglia-del-gatto-selvatico-immortalata-ancora-dal-fotografo-naturalista-mercatalino-pietro-bartoli","status":"publish","type":"post","link":"https:\/\/www.europesays.com\/it\/243925\/","title":{"rendered":"La meraviglia del gatto selvatico immortalata (ancora) dal fotografo naturalista mercatalino Pietro Bartoli"},"content":{"rendered":"<p><a href=\"https:\/\/www.macelleriaparti.it\/\" target=\"_blank\" rel=\"nofollow noopener\"><img decoding=\"async\" src=\"https:\/\/www.europesays.com\/it\/wp-content\/uploads\/2025\/12\/Banner-Parti-Nov-24_GIF.gif\"\/><\/a><\/p>\n<p>MERCATALE (SAN CASCIANO) \u2013 Dopo averci fatto letteralmente sognare nelle scorse settimane, insieme al collega <strong>Tommaso Nuti<\/strong>, con le immagini del gatto selvatico immortalato per la prima volta nel territorio del Chianti fiorentino, il fotografo naturalista mercatalino (e guida ambientale), <strong>Pietro Bartoli<\/strong>, torna a documentare la meraviglia della natura con un altro scatto di Felis silvestris silvestris.<\/p>\n<p>Stavolta siamo nell\u2019Appennino Pistoiese, nell\u2019Oasi Dynamo (San Marcello Piteglio): in queste zone la presenza del gatto selvatico \u00e8, rispetto alle nostre, gi\u00e0 pi\u00f9 consolidata e documentata.<\/p>\n<p>Ma fa davvero un enorme piacere vedere questo scatto e, per quanto ci riguarda, sapere che \u00e8 stato realizzato da un giovane-esperto fotografo naturalista di Mercatale \u00e8 ovviamente un grande valore aggiunto.<\/p>\n<p><a href=\"http:\/\/chiantibanca.it\/\" target=\"_blank\" rel=\"nofollow noopener\"><img decoding=\"async\" src=\"https:\/\/www.europesays.com\/it\/wp-content\/uploads\/2025\/08\/Banner-ChiantiBanca-aprile-2022_CB_banner_Gazzettino_728x140_01.jpg\"\/><\/a><\/p>\n<p>\u201cDa anni portiamo avanti un progetto di monitoraggio sul gatto selvatico europeo (Felis silvestris silvestris) \u2013 dicono da Oasi Dynamo \u2013 e adesso, dopo numerosi avvistamenti (il primo nel 2022 grazie a una nostra fototrappola), arriva la conferma della presenza di questa specie sulla montagna dell\u2019Appennino Pistoiese, grazie a delle nuove immagini in alta definizione\u201d.<\/p>\n<p>\u201cDistinguere con certezza un gatto selvatico da un gatto domestico non \u00e8 semplice \u2013 ricordano \u2013 Esistono quattro metodi complementari, dei quali solo due \u2013 l\u2019analisi del mantello e quella genetica \u2013 possono essere applicati a individui vivi. Con il materiale raccolto fino ad ora, la conferma si basa soprattutto sulla coerenza e sulla qualit\u00e0 delle numerose evidenze visive raccolte nel tempo\u201d.<\/p>\n<p>\u201cGi\u00e0 le immagini del 2022 \u2013 proseguono da Oasi Dynamo \u2013 pur non essendo sufficienti per una conferma, mostravano con chiarezza i principali caratteri fenotipici di Felis silvestris silvestris: la coda grossa e inanellata, la striatura del mantello, la netta demarcazione tra dorso e fianchi. Questo primo avvistamento rappresentava una segnalazione di grande rilievo, perch\u00e9 documentava per la prima volta la presenza del gatto selvatico nella porzione pi\u00f9 settentrionale della Toscana, oltre il limite allora noto, circoscritto principalmente alle Foreste Casentinesi\u201d.<\/p>\n<p>\u201cA partire da quella scoperta \u2013 ricostruiscono \u2013 abbiamo avviato un monitoraggio continuativo tramite fototrappole, caricando regolarmente i video sul portale del progetto nazionale. Le analisi del dottor <b>Andrea Sforzi<\/b>, direttore del Museo di Storia Naturale della Maremma e referente nazionale del progetto di monitoraggio sul gatto selvatico, hanno permesso una prima classificazione fenotipica: almeno tre individui presentano caratteristiche compatibili con il gatto selvatico europeo\u201d.<\/p>\n<p>\u201cPer arricchire ulteriormente il quadro delle conoscenze sulla popolazione presente \u2013 sottolineano \u2013 nel giugno 2023 abbiamo introdotto un protocollo non invasivo di hair-trapping: paletti in legno rivestiti di nastro biadesivo e trattati con un attrattivo a base di erba gatta che stimolano la specie a strofinarsi, lasciando campioni di pelo. L\u2019analisi genetica dei campioni, non ancora disponibile, costituir\u00e0 un ulteriore elemento di conferma qualora venissero raccolti materiali idonei\u201d.<\/p>\n<p>Ma veniamo ad oggi: \u201cNegli ultimi mesi, grazie alla collaborazione con Pietro Bartoli, abbiamo installato all\u2019interno dell\u2019Oasi una reflex trap ad alta definizione che va ad integrare il monitoraggio gi\u00e0 in corso, permettendo di documentare i comportamenti pi\u00f9 nascosti e le abitudini notturne degli individui.\u00a0Cos\u00ec le immagini ottenute con la reflex trap rappresentano oggi un tassello ulteriore, che rafforza in modo significativo le evidenze raccolte negli ultimi due anni e dimostrando la capacit\u00e0 di Oasi Dynamo di documentare specie rare ed elusive grazie a strumenti sempre pi\u00f9 avanzati\u201d.<\/p>\n<p>\u201cLa conferma della presenza del gatto selvatico europeo \u2013 racconta <strong>Giulia Santalmasi<\/strong>, responsabile dei progetti di ricerca, educazione e conservazione di Oasi Dynamo \u2013 \u00e8 il risultato di un lungo lavoro di monitoraggio e collaborazione scientifica, ma anche di una visione che mette la tutela della biodiversit\u00e0 tra gli obiettivi principali della nostra riserva\u201d.<\/p>\n<p>\u201cUn risultato importante non solo per Oasi Dynamo \u2013 conclude \u2013 ma per tutto il territorio, che ci spinge a proseguire con ancora pi\u00f9 convinzione nel coinvolgere la comunit\u00e0 in un percorso di conoscenza e conservazione condivisa. Per questo, da molti anni ormai, affianchiamo al monitoraggio tecnico attivit\u00e0 educative e divulgative, fondamentali per costruire consapevolezza e promuovere una cultura ambientale\u201d.<\/p>\n<p>\u00a9RIPRODUZIONE RISERVATA<\/p>\n<p><a href=\"https:\/\/fratellirigacci.it\/\" target=\"_blank\" rel=\"nofollow noopener\"><img decoding=\"async\" src=\"https:\/\/www.europesays.com\/it\/wp-content\/uploads\/2025\/12\/Banner-Natale-2025_Fratelli-Rigacci-scaled.png\"\/><\/a><\/p>\n","protected":false},"excerpt":{"rendered":"MERCATALE (SAN CASCIANO) \u2013 Dopo averci fatto letteralmente sognare nelle scorse settimane, insieme al collega Tommaso Nuti, con&hellip;\n","protected":false},"author":3,"featured_media":243926,"comment_status":"","ping_status":"","sticky":false,"template":"","format":"standard","meta":{"footnotes":""},"categories":[1446],"tags":[1615,1613,1614,1611,1610,1612,203,204,1537,90,89],"class_list":{"0":"post-243925","1":"post","2":"type-post","3":"status-publish","4":"format-standard","5":"has-post-thumbnail","7":"category-arte-e-design","8":"tag-arte","9":"tag-arte-e-design","10":"tag-arteedesign","11":"tag-arts","12":"tag-arts-and-design","13":"tag-design","14":"tag-entertainment","15":"tag-intrattenimento","16":"tag-it","17":"tag-italia","18":"tag-italy"},"share_on_mastodon":{"url":"https:\/\/pubeurope.com\/@it\/115656913757462387","error":""},"_links":{"self":[{"href":"https:\/\/www.europesays.com\/it\/wp-json\/wp\/v2\/posts\/243925","targetHints":{"allow":["GET"]}}],"collection":[{"href":"https:\/\/www.europesays.com\/it\/wp-json\/wp\/v2\/posts"}],"about":[{"href":"https:\/\/www.europesays.com\/it\/wp-json\/wp\/v2\/types\/post"}],"author":[{"embeddable":true,"href":"https:\/\/www.europesays.com\/it\/wp-json\/wp\/v2\/users\/3"}],"replies":[{"embeddable":true,"href":"https:\/\/www.europesays.com\/it\/wp-json\/wp\/v2\/comments?post=243925"}],"version-history":[{"count":0,"href":"https:\/\/www.europesays.com\/it\/wp-json\/wp\/v2\/posts\/243925\/revisions"}],"wp:featuredmedia":[{"embeddable":true,"href":"https:\/\/www.europesays.com\/it\/wp-json\/wp\/v2\/media\/243926"}],"wp:attachment":[{"href":"https:\/\/www.europesays.com\/it\/wp-json\/wp\/v2\/media?parent=243925"}],"wp:term":[{"taxonomy":"category","embeddable":true,"href":"https:\/\/www.europesays.com\/it\/wp-json\/wp\/v2\/categories?post=243925"},{"taxonomy":"post_tag","embeddable":true,"href":"https:\/\/www.europesays.com\/it\/wp-json\/wp\/v2\/tags?post=243925"}],"curies":[{"name":"wp","href":"https:\/\/api.w.org\/{rel}","templated":true}]}}