{"id":24396,"date":"2025-08-02T16:33:10","date_gmt":"2025-08-02T16:33:10","guid":{"rendered":"https:\/\/www.europesays.com\/it\/24396\/"},"modified":"2025-08-02T16:33:10","modified_gmt":"2025-08-02T16:33:10","slug":"vivo-senza-gas-ho-dovuto-vendere-loro-e-a-settembre-mi-sfrattano-le-drammatiche-parole-dellex-diva-sexy-michela-miti","status":"publish","type":"post","link":"https:\/\/www.europesays.com\/it\/24396\/","title":{"rendered":"&#8220;Vivo senza gas, ho dovuto vendere l&#8217;oro e a settembre mi sfrattano&#8221;, le drammatiche parole dell&#8217;ex diva sexy Michela Miti"},"content":{"rendered":"<p>Michela Miti, pseudonimo di Michela Macaluso, \u00e8 sul lastrico. A raccontarlo \u00e8 stata lei stessa in un&#8217;intervista rilasciata a Gente. Ex attrice, uno dei volti pi\u00f9 amati della commedia sexy italiana negli anni &#8217;80, adesso se la passa piuttosto male.\u00a0<\/p>\n<p>Senza ruoli dal 2003, quando apparve in una puntata della serie tv Carabinieri, Michela Miti ha raccontato al settimanale: &#8220;Purtroppo \u2013 le sue parole \u2013, mi hanno anche notificato l\u2019avviso di sfratto e l\u2019unica notizia positiva \u00e8 che solo pochi giorni fa ho saputo che \u00e8 stato prorogato a settembre. I miei giorni di permanenza in questa casa sono davvero agli sgoccioli&#8221;.\u00a0<\/p>\n<p>Attualmente l\u2019attrice romana, classe 1963, vive senza gas e si arrangia con quel poco che ha: \u201cSolo grazie all\u2019ausilio di un miracoloso fornetto elettrico riesco a cucinarmi un pasto almeno una volta al giorno\u201d.<\/p>\n<p>Perch\u00e9 non pu\u00f2 cercare un nuovo lavoro<\/p>\n<p>Quindi ha aggiunto: \u201cCercare un lavoro? Lo farei, ma mi sono rotta il menisco e poich\u00e9 non ho i soldi nemmeno per operarmi &#8211; perch\u00e9 dovrei fare un intervento particolare, e acquistare medicinali per curarmi, e fare molte sedute di fisioterapia, cerco di resistere non sforzando il ginocchio quando cammino; ma faccio molta fatica a stare in piedi\u201d.<\/p>\n<p>L&#8217;assistente sociale, la Caritas, il successo svanito<\/p>\n<p>\u201cMi sta aiutando una bravissima assistente sociale, Gina, che mi ha portato avanti molte pratiche. A partire dall&#8217;assegno di inclusione che \u00e8 un piccolo sostegno economico che mi permette di sopravvivere. Ma non di pagare l&#8217;affitto. Poi mi d\u00e0 una mano la Caritas. [\u2026] Ho dovuto vendere quasi tutti gli oggetti d&#8217;oro pi\u00f9 cari; ho fatto domanda per una casa popolare ma \u00e8 difficilissimo averne una e poi i tempi sono lunghissimi\u201d, le parole dell&#8217;attrice la cui carriera decoll\u00f2 nel 1981 con l&#8217;edizione italiana di Playboy. Poi il cinema con i film \u201c<a href=\"https:\/\/www.today.it\/attualita\/alvaro-vitali-morto.html\" rel=\"nofollow noopener\" target=\"_blank\">Pierino<\/a> contro tutti\u201d e \u201cPierino colpisce ancora\u201d, ma anche il successo con \u201cW la Foca!\u201d, \u201cBiancaneve &amp; Co.\u201d e \u201cVieni avanti cretino\u201d.\u00a0<\/p>\n","protected":false},"excerpt":{"rendered":"Michela Miti, pseudonimo di Michela Macaluso, \u00e8 sul lastrico. A raccontarlo \u00e8 stata lei stessa in un&#8217;intervista rilasciata&hellip;\n","protected":false},"author":3,"featured_media":24397,"comment_status":"","ping_status":"","sticky":false,"template":"","format":"standard","meta":{"footnotes":""},"categories":[1451],"tags":[1621,1620,25443,203,204,1537,90,89,25442],"class_list":{"0":"post-24396","1":"post","2":"type-post","3":"status-publish","4":"format-standard","5":"has-post-thumbnail","7":"category-celebrita","8":"tag-celebrita","9":"tag-celebrities","10":"tag-chi-e-michela-miti","11":"tag-entertainment","12":"tag-intrattenimento","13":"tag-it","14":"tag-italia","15":"tag-italy","16":"tag-michela-miti"},"share_on_mastodon":{"url":"","error":""},"_links":{"self":[{"href":"https:\/\/www.europesays.com\/it\/wp-json\/wp\/v2\/posts\/24396","targetHints":{"allow":["GET"]}}],"collection":[{"href":"https:\/\/www.europesays.com\/it\/wp-json\/wp\/v2\/posts"}],"about":[{"href":"https:\/\/www.europesays.com\/it\/wp-json\/wp\/v2\/types\/post"}],"author":[{"embeddable":true,"href":"https:\/\/www.europesays.com\/it\/wp-json\/wp\/v2\/users\/3"}],"replies":[{"embeddable":true,"href":"https:\/\/www.europesays.com\/it\/wp-json\/wp\/v2\/comments?post=24396"}],"version-history":[{"count":0,"href":"https:\/\/www.europesays.com\/it\/wp-json\/wp\/v2\/posts\/24396\/revisions"}],"wp:featuredmedia":[{"embeddable":true,"href":"https:\/\/www.europesays.com\/it\/wp-json\/wp\/v2\/media\/24397"}],"wp:attachment":[{"href":"https:\/\/www.europesays.com\/it\/wp-json\/wp\/v2\/media?parent=24396"}],"wp:term":[{"taxonomy":"category","embeddable":true,"href":"https:\/\/www.europesays.com\/it\/wp-json\/wp\/v2\/categories?post=24396"},{"taxonomy":"post_tag","embeddable":true,"href":"https:\/\/www.europesays.com\/it\/wp-json\/wp\/v2\/tags?post=24396"}],"curies":[{"name":"wp","href":"https:\/\/api.w.org\/{rel}","templated":true}]}}