{"id":244984,"date":"2025-12-04T10:37:11","date_gmt":"2025-12-04T10:37:11","guid":{"rendered":"https:\/\/www.europesays.com\/it\/244984\/"},"modified":"2025-12-04T10:37:11","modified_gmt":"2025-12-04T10:37:11","slug":"officina-battaglin-sabato-20-un-open-day-per-scoprire-lultima-nata-e-tutto-il-mondo-battaglin-gallery","status":"publish","type":"post","link":"https:\/\/www.europesays.com\/it\/244984\/","title":{"rendered":"OFFICINA BATTAGLIN, SABATO 20 UN OPEN DAY PER SCOPRIRE L&#8217;ULTIMA NATA E TUTTO IL MONDO BATTAGLIN. GALLERY"},"content":{"rendered":"<p>            <a class=\"category\" href=\"https:\/\/www.tuttobiciweb.it\/articles\/category\/EVENTI\" itemprop=\"about\" rel=\"nofollow noopener\" target=\"_blank\">EVENTI<\/a> | 04\/12\/2025 | 08:25<\/p>\n<p><strong>Sabato 20 dicembre Officina Battaglin apre le porte della sua sede di Marostica per un Open Day riservato agli appassionati di ciclismo.<\/strong> Un&#8217;occasione rara per entrare nell&#8217;officina dove vengono costruiti a mano alcuni dei telai strada e gravel pi\u00f9 esclusivi al mondo e per incontrare<strong> Giovanni Battaglin<\/strong>, il campione che nel 1981 vinse Giro d&#8217;Italia e Vuelta a Espa\u00f1a nello stesso anno.\n            <\/p>\n<p>\u00abRaramente apriamo l&#8217;officina al pubblico &#8211; spiega Alex Battaglin, CEO di Officina Battaglin -. Vogliamo offrire agli appassionati l&#8217;opportunit\u00e0 di vedere da vicino come nasce una bicicletta Battaglin, dalla saldatura dei tubi alla verniciatura cromovelato che ci ha resi famosi nel mondo\u00bb.\n            <\/p>\n<p>Durante la giornata, <strong>i partecipanti attraverseranno i reparti produttivi accompagnati dallo staff\u00a0<\/strong><strong>dell&#8217;azienda<\/strong>, osservando i maestri artigiani al lavoro. Nello showroom potranno ammirare i modelli della collezione attuale \u2014 Matera, Siena, Cortina, Roma \u2014 e scoprire le infinite possibilit\u00e0 di personalizzazione che caratterizzano ogni telaio Battaglin.\u00a0<\/p>\n<p>Il momento centrale sar\u00e0 <strong>la presentazione in anteprima del nuovo modello 2026, riservata esclusivamente ai partecipanti all\u2019Open Day.<\/strong> E naturalmente, <strong>ci sar\u00e0 Giovanni Battaglin in persona<\/strong>:\u00a0 il fondatore dell&#8217;azienda sar\u00e0 presente per tutta la giornata, pronto a condividere i suoi ricordi dal mondo del ciclismo professionistico e ad autografare i poster commemorativi che verranno consegnati a ogni partecipante.\u00a0<\/p>\n<p>\u00abDopo oltre quarant&#8217;anni dedicati alla costruzione di biciclette, provo ancora una profonda soddisfazione nel condividere questa passione con chi la vive con la stessa intensit\u00e0 &#8211;\u00a0 commenta\u00a0 Giovanni Battaglin -. Il 20 dicembre sar\u00e0 una giornata dedicata al ciclismo che amiamo, un momento per mostrare che l&#8217;artigianalit\u00e0 italiana \u00e8 ancora viva e continua a produrre eccellenza\u00bb.<\/p>\n<p><strong>La partecipazione all\u2019Open Day \u00e8 gratuita, ma i posti sono limitati.<\/strong> Ogni partecipante ricever\u00e0 un pacchetto esclusivo che include un buono sconto di \u20ac 500 valido sui prodotti Officina Battaglin, uno sconto del 20% sul merchandising ufficiale, il poster celebrativo di Giovanni Battaglin e una selezione di gadget premium. La giornata si concluder\u00e0 con un rinfresco natalizio negli spazi dell&#8217;officina.\u00a0<br \/><strong\/><\/p>\n<p><strong>Informazioni pratiche:\u00a0<\/strong><br \/>Data: Sabato 20 dicembre 2025\u00a0<br \/>Orario: 09:30 &#8211; 18:30. La visita all\u2019officina sar\u00e0 possibile solo riservando un posto in uno degli slot orari disponibili.\u00a0<br \/>Luogo: Battaglin Italia, Via A. Vanin 9, 36063 Marostica (VI)\u00a0<br \/>Link per registrazione obbligatoria: <a href=\"https:\/\/officinabattaglin.com\/officina-battaglin-open-day-2025\" target=\"_blank\" rel=\"noopener nofollow\">officinabattaglin.com\/officina-battaglin-open-day-2025<\/a><\/p>\n<p>Officina Battaglin apre le porte al pubblico: un\u00a0<br \/>giorno per scoprire dove nascono le biciclette\u00a0<br \/>italiane pi\u00f9 esclusive\u00a0<br \/>Sabato 20 dicembre a Marostica (VI), visita guidata dell&#8217;officina,\u00a0<br \/>presentazione del nuovo modello 2026 e incontro con la leggenda\u00a0<br \/>Giovanni Battaglin\u00a0<\/p>\n<p>Copyright &amp;copy TBW<\/p>\n","protected":false},"excerpt":{"rendered":"EVENTI | 04\/12\/2025 | 08:25 Sabato 20 dicembre Officina Battaglin apre le porte della sua sede di Marostica&hellip;\n","protected":false},"author":3,"featured_media":244985,"comment_status":"","ping_status":"","sticky":false,"template":"","format":"standard","meta":{"footnotes":""},"categories":[1456],"tags":[144568,144570,144569,1824,1825,1537,90,89,245,244],"class_list":{"0":"post-244984","1":"post","2":"type-post","3":"status-publish","4":"format-standard","5":"has-post-thumbnail","7":"category-ciclismo","8":"tag-artigianato-italiano","9":"tag-battaglin","10":"tag-biciclette-custom","11":"tag-ciclismo","12":"tag-cycling","13":"tag-it","14":"tag-italia","15":"tag-italy","16":"tag-sport","17":"tag-sports"},"share_on_mastodon":{"url":"https:\/\/pubeurope.com\/@it\/115660865075111347","error":""},"_links":{"self":[{"href":"https:\/\/www.europesays.com\/it\/wp-json\/wp\/v2\/posts\/244984","targetHints":{"allow":["GET"]}}],"collection":[{"href":"https:\/\/www.europesays.com\/it\/wp-json\/wp\/v2\/posts"}],"about":[{"href":"https:\/\/www.europesays.com\/it\/wp-json\/wp\/v2\/types\/post"}],"author":[{"embeddable":true,"href":"https:\/\/www.europesays.com\/it\/wp-json\/wp\/v2\/users\/3"}],"replies":[{"embeddable":true,"href":"https:\/\/www.europesays.com\/it\/wp-json\/wp\/v2\/comments?post=244984"}],"version-history":[{"count":0,"href":"https:\/\/www.europesays.com\/it\/wp-json\/wp\/v2\/posts\/244984\/revisions"}],"wp:featuredmedia":[{"embeddable":true,"href":"https:\/\/www.europesays.com\/it\/wp-json\/wp\/v2\/media\/244985"}],"wp:attachment":[{"href":"https:\/\/www.europesays.com\/it\/wp-json\/wp\/v2\/media?parent=244984"}],"wp:term":[{"taxonomy":"category","embeddable":true,"href":"https:\/\/www.europesays.com\/it\/wp-json\/wp\/v2\/categories?post=244984"},{"taxonomy":"post_tag","embeddable":true,"href":"https:\/\/www.europesays.com\/it\/wp-json\/wp\/v2\/tags?post=244984"}],"curies":[{"name":"wp","href":"https:\/\/api.w.org\/{rel}","templated":true}]}}