{"id":245001,"date":"2025-12-04T10:49:14","date_gmt":"2025-12-04T10:49:14","guid":{"rendered":"https:\/\/www.europesays.com\/it\/245001\/"},"modified":"2025-12-04T10:49:14","modified_gmt":"2025-12-04T10:49:14","slug":"alla-radiologia-del-santanna-e-arrivato-un-software-basato-sullintelligenza-artificiale","status":"publish","type":"post","link":"https:\/\/www.europesays.com\/it\/245001\/","title":{"rendered":"alla radiologia del Sant\u2019Anna \u00e8 arrivato un software basato sull\u2019intelligenza artificiale"},"content":{"rendered":"<p>Da alcune settimane, all\u2019ospedale Sant\u2019Anna, il reparto di Radiologia, diretto dal dottor <strong>Lorenzo Moramarco<\/strong>, ha introdotto un innovativo software basato sull\u2019intelligenza artificiale che consente diagnosi ancora pi\u00f9 precise dell\u2019ictus ischemico.<\/p>\n<p>\u201cL\u2019ictus \u00e8 una patologia tempo-dipendente in cui la precocit\u00e0 di intervento \u00e8 correlata ad una migliore prognosi &#8211; osserva la dottoressa <strong>Silvia Pontesilli<\/strong>, neuroradiologa &#8211; Oltre al trattamento eseguito con i farmaci fibrinolitici somministrati per via endovenosa dal neurologo, quando viene individuata l\u2019occlusione di un vaso arterioso principale ci si avvale anche di trattamenti meccanici di tromboaspirazione eseguiti per via endovascolare dai radiologi interventisti. Quest\u2019ultimo trattamento, tra l\u2019altro, si \u00e8 dimostrato utile anche oltre i tempi canonici del trattamento medico\u201d.<\/p>\n<p>\u00a0<\/p>\n<p>RapidAI &#8211; questo il nome del software &#8211; grazie all\u2019intelligenza artificiale e all\u2019utilizzo di specifici biomarcatori, derivati dall&#8217;analisi della curva di funzione del passaggio di mezzo di contrasto nel circolo cerebrale, processando automaticamente i dati della Tc e della risonanza magnetica consente di ottenere mappe dettagliate e un\u2019analisi precisa della perfusione cerebrale e della funzione capillare nonch\u00e9 di identificare rapidamente le aree di ipoperfusione e il nucleo ischemico, fondamentali per le decisioni terapeutiche tempestive ed efficaci. Il dispositivo, grazie ad un\u2019applicazione dedicata, consente anche di poter visualizzare i risultati da remoto.<\/p>\n<p>\u00a0<\/p>\n<p>Asst Lariana con la <strong>Stroke Unit<\/strong> dell\u2019ospedale Sant\u2019Anna &#8211; diretta dalla dottoressa <strong>Laura Fusi<\/strong>, che \u00e8 parte della Neurologia diretta da <strong>Giampiero Grampa<\/strong> &#8211; \u00e8 l\u2019Hub di riferimento in provincia di Como per l\u2019ictus. Il trattamento del paziente vede un lavoro multidisciplinare svolto da medici, infermieri, operatori socio sanitari, fisioterapisti, logopedisti della Stroke Unit, del Pronto Soccorso e delle specialit\u00e0 di Neuroscienze (Neurologia, Neurochirurgia e Neuroriabilitazione), della Radiologia, in particolare della Radiologia Interventistica, della Cardiologia, della Chirurgia Vascolare e della Rianimazione.<\/p>\n<p>\u00a0<\/p>\n<p>\u201cL\u2019obiettivo comune <strong>&#8211;<\/strong><strong> <\/strong>osserva<strong> <\/strong>la dottoressa <strong>Rosa Maria Muraca<\/strong>, primario della Radiologia dell\u2019ospedale di Cant\u00f9 e direttore del Dipartimento Gestionale dei Servizi di Asst Lariana<strong> &#8211;<\/strong><strong> <\/strong>\u00e8 minimizzare le conseguenze dell\u2019ictus, assicurare le migliori prospettive di recupero e un\u2019ottimale qualit\u00e0 di vita dei pazienti e delle loro famiglie\u201d.<\/p>\n<p>\u00a0<\/p>\n","protected":false},"excerpt":{"rendered":"Da alcune settimane, all\u2019ospedale Sant\u2019Anna, il reparto di Radiologia, diretto dal dottor Lorenzo Moramarco, ha introdotto un innovativo&hellip;\n","protected":false},"author":3,"featured_media":245002,"comment_status":"","ping_status":"","sticky":false,"template":"","format":"standard","meta":{"footnotes":""},"categories":[175],"tags":[239,32724,1537,90,89,5277,240,18199],"class_list":{"0":"post-245001","1":"post","2":"type-post","3":"status-publish","4":"format-standard","5":"has-post-thumbnail","7":"category-salute","8":"tag-health","9":"tag-ia","10":"tag-it","11":"tag-italia","12":"tag-italy","13":"tag-medicina","14":"tag-salute","15":"tag-santanna"},"share_on_mastodon":{"url":"https:\/\/pubeurope.com\/@it\/115660912389084345","error":""},"_links":{"self":[{"href":"https:\/\/www.europesays.com\/it\/wp-json\/wp\/v2\/posts\/245001","targetHints":{"allow":["GET"]}}],"collection":[{"href":"https:\/\/www.europesays.com\/it\/wp-json\/wp\/v2\/posts"}],"about":[{"href":"https:\/\/www.europesays.com\/it\/wp-json\/wp\/v2\/types\/post"}],"author":[{"embeddable":true,"href":"https:\/\/www.europesays.com\/it\/wp-json\/wp\/v2\/users\/3"}],"replies":[{"embeddable":true,"href":"https:\/\/www.europesays.com\/it\/wp-json\/wp\/v2\/comments?post=245001"}],"version-history":[{"count":0,"href":"https:\/\/www.europesays.com\/it\/wp-json\/wp\/v2\/posts\/245001\/revisions"}],"wp:featuredmedia":[{"embeddable":true,"href":"https:\/\/www.europesays.com\/it\/wp-json\/wp\/v2\/media\/245002"}],"wp:attachment":[{"href":"https:\/\/www.europesays.com\/it\/wp-json\/wp\/v2\/media?parent=245001"}],"wp:term":[{"taxonomy":"category","embeddable":true,"href":"https:\/\/www.europesays.com\/it\/wp-json\/wp\/v2\/categories?post=245001"},{"taxonomy":"post_tag","embeddable":true,"href":"https:\/\/www.europesays.com\/it\/wp-json\/wp\/v2\/tags?post=245001"}],"curies":[{"name":"wp","href":"https:\/\/api.w.org\/{rel}","templated":true}]}}