{"id":245182,"date":"2025-12-04T13:11:14","date_gmt":"2025-12-04T13:11:14","guid":{"rendered":"https:\/\/www.europesays.com\/it\/245182\/"},"modified":"2025-12-04T13:11:14","modified_gmt":"2025-12-04T13:11:14","slug":"evacuati-anche-donna-incinta-e-minori","status":"publish","type":"post","link":"https:\/\/www.europesays.com\/it\/245182\/","title":{"rendered":"evacuati anche donna incinta e minori"},"content":{"rendered":"<p>BRINDISI &#8211; Numerosi i disagi che si sono registrati questa mattina, gioved\u00ec 4 dicembre, a causa dell&#8217;ondata di maltempo che ha colpito tutta la provincia di Brindisi a partire gi\u00e0 dalla tarda serata di ieri. Strade allagate, interruzioni di energia elettrica e rallentamenti alla viabilit\u00e0, compresi problemi alla sede della Procura. In via Materdomini (Brindisi), una temporanea mancanza di energia elettrica ha fatto andare in tilt il semaforo, creando parecchi disagi nel sottopasso, congestionando il traffico. Anche tra la statale 379 e la statale 613 la circolazione ha subito forti rallentamenti a causa della pioggia battente.<\/p>\n<p>La situazione pi\u00f9 critica si \u00e8 verificata sulla litoranea nord in direzione Apani, localit\u00e0 \u201cPosticeddu\u201d, dove le squadre dei vigili del fuoco e gli agenti della polizia di Stato sono intervenuti per evacuare sei persone, tra cui minori e una donna incinta, dalle abitazioni invase dall&#8217;acqua. Critica anche la situazione nella zona del canale Reale, dove lo straripamento ha causato l&#8217;allagamento completo delle strade circostanti.<\/p>\n<p><img decoding=\"async\" src=\"https:\/\/www.europesays.com\/it\/wp-content\/uploads\/2025\/12\/l-intervento-di-polizia-e-vigili-del-fuoco-per-recuperare-le-persone-intrappolate.jpeg\" alt=\"L'intervento di polizia e vigili del fuoco per recuperare le persone intrappolate\" title=\"L'intervento di polizia e vigili del fuoco per recuperare le persone intrappolate\"\/><\/p>\n<p>Disagi sono stati avvertiti anche al rione Paradiso di Brindisi, nella zona conosciuta come Parco Bove, dove un palo della luce \u00e8 caduto a causa del maltempo finendo su un&#8217;auto parcheggiata, fortunatamente senza provocare feriti. Sul posto sono intervenuti vigili del fuoco per la rimozione del palo e la polizia locale per mettere in sicurezza l&#8217;area e regolare il traffico. Un altro palo \u00e8 caduto, invece, nella zona industriale, anche qui senza causare feriti.<\/p>\n<p><img decoding=\"async\" src=\"https:\/\/www.europesays.com\/it\/wp-content\/uploads\/2025\/12\/palo-caduto-su-auto-in-sosta-a-parco-bove-brindisi.jpeg\" alt=\"Palo caduto su auto in sosta a Parco Bove, Brindisi\" title=\"Palo caduto su auto in sosta a Parco Bove, Brindisi\"\/><\/p>\n<p>Il maltempo ha colpito anche la sede della Procura di Brindisi, dove infiltrazioni d&#8217;acqua causate dalla pioggia penetrata dal tetto hanno reso necessario l&#8217;intervento dei pompieri per limitare i danni. Critica la situazione sulla strada statale \u201cAppia\u201d, nel tratto tra l&#8217;ospedale \u201cPerrino\u201d di Brindisi e il centro commerciale \u201cLe Colonne\u201d. Qui gi\u00e0 da ieri gli automobilisti si trovano a percorrere un tratto allagato con traffico fortemente rallentato.<\/p>\n<p>Infine, a Ostuni, altre due persone sono rimaste intrappolate nelle proprie abitazioni allagate e sono state soccorse dai vigili del fuoco.<\/p>\n<p>Rimani aggiornato sulle notizie dalla tua provincia iscrivendoti al nostro canale whatsapp: <a href=\"https:\/\/whatsapp.com\/channel\/0029VaKWoMlHVvTdyOiOzY2a\" target=\"_blank\" rel=\"nofollow noopener\">clicca qui<\/a><\/p>\n<p>Seguici gratuitamente anche sul canale Facebook: <a href=\"https:\/\/m.me\/j\/Abampv2kioahdYYR\/?fbclid=IwZXh0bgNhZW0CMTAAAR29fhbvEPBoqO0AXcm08uabvybjbX6Vl8SoolvjtSYOebOXvXAZ-222Rrk_aem_aWYjeKkf52MbBu56JCWyxw\" target=\"_blank\" rel=\"nofollow\">https:\/\/m.me\/j\/Abampv2kioahdYYR\/<\/a><\/p>\n","protected":false},"excerpt":{"rendered":"BRINDISI &#8211; Numerosi i disagi che si sono registrati questa mattina, gioved\u00ec 4 dicembre, a causa dell&#8217;ondata di&hellip;\n","protected":false},"author":3,"featured_media":245183,"comment_status":"","ping_status":"","sticky":false,"template":"","format":"standard","meta":{"footnotes":"","_share_on_mastodon":"0"},"categories":[79],"tags":[9381,14,93,94,17649,1537,90,89,437,7,15,634,11,84,91,12,85,92],"class_list":["post-245182","post","type-post","status-publish","format-standard","has-post-thumbnail","category-italia","tag-allagamenti","tag-cronaca","tag-cronaca-italiana","tag-cronacaitaliana","tag-disagi","tag-it","tag-italia","tag-italy","tag-maltempo","tag-news","tag-notizie","tag-pioggia","tag-ultime-notizie","tag-ultime-notizie-e-news-di-oggi","tag-ultime-notizie-italia","tag-ultimenotizie","tag-ultimenotizieenewsdioggi","tag-ultimenotizieitalia"],"share_on_mastodon":{"url":"https:\/\/pubeurope.com\/@it\/115661471260068583","error":""},"_links":{"self":[{"href":"https:\/\/www.europesays.com\/it\/wp-json\/wp\/v2\/posts\/245182","targetHints":{"allow":["GET"]}}],"collection":[{"href":"https:\/\/www.europesays.com\/it\/wp-json\/wp\/v2\/posts"}],"about":[{"href":"https:\/\/www.europesays.com\/it\/wp-json\/wp\/v2\/types\/post"}],"author":[{"embeddable":true,"href":"https:\/\/www.europesays.com\/it\/wp-json\/wp\/v2\/users\/3"}],"replies":[{"embeddable":true,"href":"https:\/\/www.europesays.com\/it\/wp-json\/wp\/v2\/comments?post=245182"}],"version-history":[{"count":0,"href":"https:\/\/www.europesays.com\/it\/wp-json\/wp\/v2\/posts\/245182\/revisions"}],"wp:featuredmedia":[{"embeddable":true,"href":"https:\/\/www.europesays.com\/it\/wp-json\/wp\/v2\/media\/245183"}],"wp:attachment":[{"href":"https:\/\/www.europesays.com\/it\/wp-json\/wp\/v2\/media?parent=245182"}],"wp:term":[{"taxonomy":"category","embeddable":true,"href":"https:\/\/www.europesays.com\/it\/wp-json\/wp\/v2\/categories?post=245182"},{"taxonomy":"post_tag","embeddable":true,"href":"https:\/\/www.europesays.com\/it\/wp-json\/wp\/v2\/tags?post=245182"}],"curies":[{"name":"wp","href":"https:\/\/api.w.org\/{rel}","templated":true}]}}