{"id":245411,"date":"2025-12-04T16:28:09","date_gmt":"2025-12-04T16:28:09","guid":{"rendered":"https:\/\/www.europesays.com\/it\/245411\/"},"modified":"2025-12-04T16:28:09","modified_gmt":"2025-12-04T16:28:09","slug":"capo-dorlando-affidati-gli-impianti-sportivi-ecco-le-societa-che-si-sono-aggiudicate-la-gestione-quinquennale","status":"publish","type":"post","link":"https:\/\/www.europesays.com\/it\/245411\/","title":{"rendered":"Capo d&#8217;Orlando: affidati gli impianti sportivi. Ecco le societ\u00e0 che si sono aggiudicate la gestione quinquennale"},"content":{"rendered":"<p data-start=\"148\" data-end=\"789\">Il Comune di Capo d\u2019Orlando ha concluso il percorso amministrativo avviato con le manifestazioni di interesse per la gestione degli impianti sportivi comunali, procedendo all\u2019affidamento quinquennale delle principali strutture alle associazioni e societ\u00e0 sportive che hanno presentato domanda e risultano in possesso di tutti i requisiti previsti dagli avvisi esplorativi.<\/p>\n<p data-start=\"148\" data-end=\"789\">Gli affidamenti sono stati formalizzati attraverso tre distinte determine dell\u2019Area Amministrativa, emanate tra il 2 e il 3 dicembre 2025, a seguito dell\u2019atto di indirizzo definito dalla Giunta nel settembre scorso e delle istruttorie condotte dagli uffici competenti.<\/p>\n<p data-start=\"791\" data-end=\"1444\">Per quanto riguarda il <strong>Campo di Calcio \u201cF.P. Merendino\u201d<\/strong>, la manifestazione di interesse indetta aveva visto la partecipazione di due soggetti: la <strong>F.C.D. New Eagles 2010<\/strong> e l\u2019<strong>A.S.D. Tartarughino<\/strong>. L\u2019istruttoria ha verificato che la <strong>New Eagles<\/strong> \u00e8 risultata pienamente conforme ai requisiti previsti, oltre che dotata di affidabilit\u00e0, referenze e adeguata organizzazione, determinando cos\u00ec l\u2019affidamento della gestione per cinque anni alla societ\u00e0 con sede in via Trazzera Marina.<\/p>\n<p data-start=\"1446\" data-end=\"1997\">Un analogo procedimento ha riguardato l\u2019impianto sportivo <strong>\u201cPalavalenti\u201d<\/strong>, per il quale la manifestazione di interesse era stata indetta con determinazione n. 1668 del 20 ottobre 2025.<\/p>\n<p data-start=\"1446\" data-end=\"1997\">L\u2019unica richiesta pervenuta \u00e8 stata quella della societ\u00e0 <strong>Orlandina Volley SSD<\/strong>, con sede in via Messina. Gli uffici comunali, dopo averne accertato la solidit\u00e0 organizzativa e il possesso dei requisiti richiesti, hanno proceduto all\u2019affidamento in gestione dell\u2019impianto per la durata di cinque anni, sempre nel rispetto delle condizioni riportate nell\u2019avviso pubblico.<\/p>\n<p data-start=\"1999\" data-end=\"2674\">Infine, anche per la \u201c<strong>Palestra della Scuola Media<\/strong>\u201d, la cui manifestazione di interesse ha registrato due richieste: quella dell\u2019<strong>Associazione Sportiva Orlandina Young<\/strong> e quella dell\u2019<strong>A.S.D. Tartarughino<\/strong>. L\u2019istruttoria ha accertato che l\u2019<strong>Orlandina Young<\/strong> possiede tutti i requisiti previsti dall\u2019avviso oltre a un adeguato profilo organizzativo, determinando cos\u00ec l\u2019affidamento quinquennale della struttura all\u2019associazione con sede in via Consolare Antica.<\/p>\n<p data-start=\"1999\" data-end=\"2674\">Anche in questo caso, il provvedimento sar\u00e0 pubblicato all\u2019Albo pretorio per quindici giorni, secondo le norme vigenti in materia di trasparenza.<\/p>\n<p data-start=\"2676\" data-end=\"3136\" data-is-last-node=\"\" data-is-only-node=\"\">Con questi tre affidamenti, il Comune completa la fase di assegnazione delle principali strutture sportive cittadine, in coerenza con il Documento Unico di Programmazione 2025-2027 e con gli indirizzi approvati dalla Giunta municipale.<\/p>\n<p data-start=\"2676\" data-end=\"3136\" data-is-last-node=\"\" data-is-only-node=\"\">Le nuove gestioni puntano a garantire una maggiore continuit\u00e0 nell\u2019utilizzo degli impianti, una pi\u00f9 efficace programmazione delle attivit\u00e0 e una collaborazione stabile tra l\u2019ente pubblico e le realt\u00e0 sportive del territorio.<\/p>\n","protected":false},"excerpt":{"rendered":"Il Comune di Capo d\u2019Orlando ha concluso il percorso amministrativo avviato con le manifestazioni di interesse per la&hellip;\n","protected":false},"author":3,"featured_media":245412,"comment_status":"","ping_status":"","sticky":false,"template":"","format":"standard","meta":{"footnotes":""},"categories":[1474],"tags":[144816,11710,34235,2615,8097,1537,90,89,144817,15,144818,6843,144819,245,244,1869],"class_list":{"0":"post-245411","1":"post","2":"type-post","3":"status-publish","4":"format-standard","5":"has-post-thumbnail","7":"category-volley","8":"tag-98zero","9":"tag-affidamento","10":"tag-capo-dorlando","11":"tag-gestione","12":"tag-impianti-sportivi","13":"tag-it","14":"tag-italia","15":"tag-italy","16":"tag-merendino","17":"tag-notizie","18":"tag-pala-valenti","19":"tag-palestra","20":"tag-scuola-media","21":"tag-sport","22":"tag-sports","23":"tag-volley"},"share_on_mastodon":{"url":"https:\/\/pubeurope.com\/@it\/115662245290728574","error":""},"_links":{"self":[{"href":"https:\/\/www.europesays.com\/it\/wp-json\/wp\/v2\/posts\/245411","targetHints":{"allow":["GET"]}}],"collection":[{"href":"https:\/\/www.europesays.com\/it\/wp-json\/wp\/v2\/posts"}],"about":[{"href":"https:\/\/www.europesays.com\/it\/wp-json\/wp\/v2\/types\/post"}],"author":[{"embeddable":true,"href":"https:\/\/www.europesays.com\/it\/wp-json\/wp\/v2\/users\/3"}],"replies":[{"embeddable":true,"href":"https:\/\/www.europesays.com\/it\/wp-json\/wp\/v2\/comments?post=245411"}],"version-history":[{"count":0,"href":"https:\/\/www.europesays.com\/it\/wp-json\/wp\/v2\/posts\/245411\/revisions"}],"wp:featuredmedia":[{"embeddable":true,"href":"https:\/\/www.europesays.com\/it\/wp-json\/wp\/v2\/media\/245412"}],"wp:attachment":[{"href":"https:\/\/www.europesays.com\/it\/wp-json\/wp\/v2\/media?parent=245411"}],"wp:term":[{"taxonomy":"category","embeddable":true,"href":"https:\/\/www.europesays.com\/it\/wp-json\/wp\/v2\/categories?post=245411"},{"taxonomy":"post_tag","embeddable":true,"href":"https:\/\/www.europesays.com\/it\/wp-json\/wp\/v2\/tags?post=245411"}],"curies":[{"name":"wp","href":"https:\/\/api.w.org\/{rel}","templated":true}]}}