{"id":245621,"date":"2025-12-04T19:33:12","date_gmt":"2025-12-04T19:33:12","guid":{"rendered":"https:\/\/www.europesays.com\/it\/245621\/"},"modified":"2025-12-04T19:33:12","modified_gmt":"2025-12-04T19:33:12","slug":"morto-agostino-o-pazzo-mito-e-simbolo-di-unepoca-della-nostra-citta","status":"publish","type":"post","link":"https:\/\/www.europesays.com\/it\/245621\/","title":{"rendered":"Morto Agostino &#8216;o pazzo, mito e simbolo di un&#8217;epoca della nostra citt\u00e0"},"content":{"rendered":"<p>Nei mitici anni \u201870 del secolo scorso a Napoli \u201cAgostino \u2018o pazzo\u201d, all\u2019anagrafe Antonio Mellino, era un\u2019icona e un simbolo della voglia di libert\u00e0, del desiderio di correre, sfidando regole e divieti.<\/p>\n<p>Il soprannome gli arriv\u00f2 dalla passione per il celebre campione di motociclismo Giacomo Agostini, 15 volte in cima alla classifica mondiale: riusc\u00ec a incontrarlo nel 2018.<\/p>\n<p>Per correre truccava la moto e per evitare che finisse sequestrava dribblava agenti e posti di blocco saettando per vicoli e vicoletti, facendosi beffe di chi cercava di fermarlo e la citt\u00e0 era con lui.\u00a0<\/p>\n<p>Le manette scattarono quando \u201cAgostino\u201d era a piedi, fermo con alcuni amici in piazza del Ges\u00f9 Nuovo. Dopo l&#8217;arresto viene scritturato dal regista Umberto Lenzi per il film &#8220;Un posto ideale per uccidere&#8221;, in cui interpretava se stesso, e partecip\u00f2 a diversi film come stuntman.<\/p>\n<p>Con gli anni di Agostino o&#8217; pazzo in citt\u00e0 \u00e8 rimasto il mito, nei modi di dire (di uno che sfreccia in modo si dice ancora \u201cpari Agostino o&#8217; pazzo\u201d) e nei ricordi di chi ha doppiato da tempo gli -anta.<\/p>\n<p>Antonio Mellino si era reinventato antiquario, e aveva locali in piazza Girolomini, non lontano dall&#8217;opera di Banksy \u201cMadonna con pistola\u201d, ma non aveva mai dimenticato la passione per le moto e la velocit\u00e0, e conservava sul volto quel sorriso di chi la sa lunga, un po&#8217; beffardo e un po&#8217; rassegnato tipico dei napoletani veri.\u00a0<\/p>\n<p>Se ne \u00e8 andato in questo freddo dicembre in silenzio, a 72 anni. Chi lo conosceva \u00e8 sicuro che sta gi\u00e0 sfrecciando sulla sua Gilera 125 tra le nuvole, nel paradiso dei napoletani.\u00a0<\/p>\n<p>\u00a0<\/p>\n","protected":false},"excerpt":{"rendered":"Nei mitici anni \u201870 del secolo scorso a Napoli \u201cAgostino \u2018o pazzo\u201d, all\u2019anagrafe Antonio Mellino, era un\u2019icona e&hellip;\n","protected":false},"author":3,"featured_media":245622,"comment_status":"","ping_status":"","sticky":false,"template":"","format":"standard","meta":{"footnotes":""},"categories":[79],"tags":[144883,14,93,94,1537,90,89,3331,7,15,11,84,91,12,85,92],"class_list":{"0":"post-245621","1":"post","2":"type-post","3":"status-publish","4":"format-standard","5":"has-post-thumbnail","7":"category-italia","8":"tag-agostino-o-pazzo","9":"tag-cronaca","10":"tag-cronaca-italiana","11":"tag-cronacaitaliana","12":"tag-it","13":"tag-italia","14":"tag-italy","15":"tag-lutto","16":"tag-news","17":"tag-notizie","18":"tag-ultime-notizie","19":"tag-ultime-notizie-e-news-di-oggi","20":"tag-ultime-notizie-italia","21":"tag-ultimenotizie","22":"tag-ultimenotizieenewsdioggi","23":"tag-ultimenotizieitalia"},"share_on_mastodon":{"url":"https:\/\/pubeurope.com\/@it\/115662972846825879","error":""},"_links":{"self":[{"href":"https:\/\/www.europesays.com\/it\/wp-json\/wp\/v2\/posts\/245621","targetHints":{"allow":["GET"]}}],"collection":[{"href":"https:\/\/www.europesays.com\/it\/wp-json\/wp\/v2\/posts"}],"about":[{"href":"https:\/\/www.europesays.com\/it\/wp-json\/wp\/v2\/types\/post"}],"author":[{"embeddable":true,"href":"https:\/\/www.europesays.com\/it\/wp-json\/wp\/v2\/users\/3"}],"replies":[{"embeddable":true,"href":"https:\/\/www.europesays.com\/it\/wp-json\/wp\/v2\/comments?post=245621"}],"version-history":[{"count":0,"href":"https:\/\/www.europesays.com\/it\/wp-json\/wp\/v2\/posts\/245621\/revisions"}],"wp:featuredmedia":[{"embeddable":true,"href":"https:\/\/www.europesays.com\/it\/wp-json\/wp\/v2\/media\/245622"}],"wp:attachment":[{"href":"https:\/\/www.europesays.com\/it\/wp-json\/wp\/v2\/media?parent=245621"}],"wp:term":[{"taxonomy":"category","embeddable":true,"href":"https:\/\/www.europesays.com\/it\/wp-json\/wp\/v2\/categories?post=245621"},{"taxonomy":"post_tag","embeddable":true,"href":"https:\/\/www.europesays.com\/it\/wp-json\/wp\/v2\/tags?post=245621"}],"curies":[{"name":"wp","href":"https:\/\/api.w.org\/{rel}","templated":true}]}}