{"id":246075,"date":"2025-12-05T03:10:17","date_gmt":"2025-12-05T03:10:17","guid":{"rendered":"https:\/\/www.europesays.com\/it\/246075\/"},"modified":"2025-12-05T03:10:17","modified_gmt":"2025-12-05T03:10:17","slug":"claudia-schiffer-incanta-col-vestito-in-velluto-perche-era-alla-cena-di-gala-con-kate-middleton","status":"publish","type":"post","link":"https:\/\/www.europesays.com\/it\/246075\/","title":{"rendered":"Claudia Schiffer incanta col vestito in velluto, perch\u00e9 era alla cena di gala con Kate Middleton"},"content":{"rendered":"<p>Non solo <strong>Kate Middleton<\/strong>. Nella St George\u2019s Hall del Castello di Windsor, dove Re Carlo ha accolto il presidente tedesco Frank-Walter Steinmeier con un banchetto di Stato da 152 invitati, c\u2019\u00e8 stata un\u2019altra donna che ha attirato l\u2019attenzione di tutti con il suo fascino intramontabile: <strong>Claudia Schiffer.<\/strong>\n<\/p>\n<p>Perch\u00e9 Claudia Schiffer era alla cena con Re Carlo e Kate Middleton<\/p>\n<p><a href=\"https:\/\/dilei.it\/star-e-vip\/claudia-schiffer\/\" data-doctype=\"\" rel=\"nofollow noopener\" target=\"_blank\">Claudia Schiffer<\/a>, oggi<strong> Lady Vaughn<\/strong>, era seduta accanto al primo ministro britannico Keir Starmer, a pochi passi da <a href=\"https:\/\/dilei.it\/star-e-vip\/carlo-dinghilterra\/\" data-doctype=\"\" rel=\"nofollow noopener\" target=\"_blank\">Re Carlo<\/a> e <a href=\"https:\/\/dilei.it\/star-e-vip\/kate-middleton\/\" data-doctype=\"\" rel=\"nofollow noopener\" target=\"_blank\">Kate Middleton<\/a>, quest\u2019ultima pi\u00f9 raggiante che mai con abito celeste e<a href=\"https:\/\/dilei.it\/reali\/re-carlo-ultime-notizie-4-dicembre-2025\/1986393\/\" data-doctype=\"\" rel=\"nofollow noopener\" target=\"_blank\"> tiara maestosa.<\/a><\/p>\n<p>La top model tedesca non era l\u00ec come semplice ospite glamour. Accanto a lei, il <strong>marito, il regista inglese Sir Matthew Vaughn<\/strong>, <a href=\"https:\/\/dilei.it\/lifestyle\/matthew-vaughn-vita-carriera-curiosita\/433048\/\" data-doctype=\"\" rel=\"nofollow noopener\" target=\"_blank\">nominato Cavaliere<\/a> per i servizi resi all\u2019industria creativa, che rappresentava la perfetta sintesi tra mondo dello spettacolo e cerimoniale reale.<\/p>\n<p>E Claudia, con la sua <strong>aura unica<\/strong>, ha trasformato la serata in una scena vivente in cui moda, storia e diplomazia si incontrano senza bisogno di parole.<\/p>\n<p>La coppia, unita dai primi anni Duemila, \u00e8 un esempio lampante del <strong>rapporto anglo-tedesco contemporaneo<\/strong>: sofisticato, fantasioso e senza tempo grazie alla loro duplice influenza, lui nel cinema e lei nella moda.<\/p>\n<p><strong>La<\/strong> <strong>compostezza di Claudia Schiffer<\/strong>, quasi regale nella sua sobriet\u00e0, ha ricordato agli astanti che la vera raffinatezza non si urla, ma si osserva con calma e garbo.<\/p>\n<p>L\u2019abito di Claudia Schiffer e quel precedente con William<\/p>\n<p>Per il banchetto di Stato Claudia Schiffer ha scelto un lungo velluto nero <strong>firmato Balmain<\/strong>, cesellato da linee dorate e inserti gioiello che ricordano rubini, zaffiri e smeraldi.<\/p>\n<p>Le spalle sagomate, la linea aderente e il profondo spacco centrale richiamano le silhouette iconiche degli anni \u201990, quando Claudia dominava le passerelle.<\/p>\n<p><strong>Minimal gli accessori<\/strong>: capelli biondi sciolti in onde morbide, micro clutch nera e slingback a punta, tutto studiato per lasciare che il ricamo gioiello del vestito fosse il vero protagonista.<\/p>\n<p>Ma questo non \u00e8 stato il primo incontro tra Claudia e la royal family. <a href=\"https:\/\/dilei.it\/star-e-vip\/william-d-inghilterra\/\" data-doctype=\"\" rel=\"nofollow noopener\" target=\"_blank\">William d\u2019Inghilterra<\/a> aveva il poster della modella in camera e, ancora adolescente, arross\u00ec quando <strong>Lady Diana organizz\u00f2 per lui una sorpresa con la Schiffer<\/strong> e altre top model a Kensington Palace.<\/p>\n<p>Quel ricordo, raccontato anni dopo dal Principe nel documentario Diana, Our Mother, fa ora sorridere: la ragazza che imbarazz\u00f2 il futuro sovrano del Regno Unito <strong>\u00e8 oggi una donna di 55 anni<\/strong> che padroneggia con naturalezza il suo fascino, trasformandolo in un vero e proprio strumento di presenza e influenza.<\/p>\n<p>La presenza della Schiffer alla cena di gala \u00e8 stata un\u2019ulteriore dimostrazione di come le icone della moda possano fungere da <strong>ambasciatrici culturali<\/strong>. La sua influenza sottile ed elegante ha contribuito all\u2019idea che diplomazia e bellezza possano coesistere pacificamente.<\/p>\n<p>Nel corso degli anni, la super modella \u00e8 passata con eleganza dalle passerelle ai ruoli dietro le quinte, producendo film, curando collezioni d\u2019arte e sostenendo cause filantropiche.<\/p>\n<p><strong>Privilegiando l\u2019artigianalit\u00e0 rispetto al consumismo<\/strong>, ha notevolmente aumentato la consapevolezza della moda sostenibile, una posizione che sembra particolarmente pertinente alla luce delle mutevoli preferenze dei consumatori.<\/p>\n<p>La sua difesa della durevolezza e dell\u2019integrit\u00e0 nel design \u00e8 molto evidente e trova riscontro sia nelle case di moda affermate che nei designer pi\u00f9 giovani.<\/p>\n<p>E al Castello di Windsor Claudia Schiffer ha saputo dare<strong> una lezione di raffinatezza e influenza<\/strong>. Un\u2019immagine destinata a restare impressa e che racconta come lo charme possa parlare pi\u00f9 forte di qualsiasi protocollo.<\/p>\n<p>Resta sempre aggiornata:\u00a0<a href=\"https:\/\/www.whatsapp.com\/channel\/0029Vb68mVyHVvTWezDm7d0R\" rel=\"nofollow noopener\" target=\"_blank\">iscriviti al nostro canale WhatsApp!<\/a><\/p>\n","protected":false},"excerpt":{"rendered":"Non solo Kate Middleton. Nella St George\u2019s Hall del Castello di Windsor, dove Re Carlo ha accolto il&hellip;\n","protected":false},"author":3,"featured_media":246076,"comment_status":"","ping_status":"","sticky":false,"template":"","format":"standard","meta":{"footnotes":""},"categories":[174],"tags":[1448,52189,203,204,1537,90,89,1450,1447],"class_list":{"0":"post-246075","1":"post","2":"type-post","3":"status-publish","4":"format-standard","5":"has-post-thumbnail","7":"category-intrattenimento","8":"tag-carlo-dinghilterra","9":"tag-claudia-schiffer","10":"tag-entertainment","11":"tag-intrattenimento","12":"tag-it","13":"tag-italia","14":"tag-italy","15":"tag-kate-middleton","16":"tag-reali"},"share_on_mastodon":{"url":"https:\/\/pubeurope.com\/@it\/115664769790597121","error":""},"_links":{"self":[{"href":"https:\/\/www.europesays.com\/it\/wp-json\/wp\/v2\/posts\/246075","targetHints":{"allow":["GET"]}}],"collection":[{"href":"https:\/\/www.europesays.com\/it\/wp-json\/wp\/v2\/posts"}],"about":[{"href":"https:\/\/www.europesays.com\/it\/wp-json\/wp\/v2\/types\/post"}],"author":[{"embeddable":true,"href":"https:\/\/www.europesays.com\/it\/wp-json\/wp\/v2\/users\/3"}],"replies":[{"embeddable":true,"href":"https:\/\/www.europesays.com\/it\/wp-json\/wp\/v2\/comments?post=246075"}],"version-history":[{"count":0,"href":"https:\/\/www.europesays.com\/it\/wp-json\/wp\/v2\/posts\/246075\/revisions"}],"wp:featuredmedia":[{"embeddable":true,"href":"https:\/\/www.europesays.com\/it\/wp-json\/wp\/v2\/media\/246076"}],"wp:attachment":[{"href":"https:\/\/www.europesays.com\/it\/wp-json\/wp\/v2\/media?parent=246075"}],"wp:term":[{"taxonomy":"category","embeddable":true,"href":"https:\/\/www.europesays.com\/it\/wp-json\/wp\/v2\/categories?post=246075"},{"taxonomy":"post_tag","embeddable":true,"href":"https:\/\/www.europesays.com\/it\/wp-json\/wp\/v2\/tags?post=246075"}],"curies":[{"name":"wp","href":"https:\/\/api.w.org\/{rel}","templated":true}]}}