{"id":246425,"date":"2025-12-05T09:26:14","date_gmt":"2025-12-05T09:26:14","guid":{"rendered":"https:\/\/www.europesays.com\/it\/246425\/"},"modified":"2025-12-05T09:26:14","modified_gmt":"2025-12-05T09:26:14","slug":"il-loft-a-roma-in-cui-la-vita-fluida-di-un-giovane-venticinquenne-prende-forma","status":"publish","type":"post","link":"https:\/\/www.europesays.com\/it\/246425\/","title":{"rendered":"Il loft a Roma in cui la vita fluida di un giovane venticinquenne prende forma"},"content":{"rendered":"<p><strong>Il loft a Roma che nasce dal desiderio di un venticinquenne di vivere in uno spazio libero, fluido e sempre in trasformazione. Un progetto circolare progettato da Gianluca Graziani e Michela Ekstr\u00f6m, dove materia e movimento si intrecciano.<\/strong><\/p>\n<p>Ci sono <a href=\"https:\/\/www.ad-italia.it\/article\/le-11-case-piu-belle-di-milano\/\" target=\"_blank\" rel=\"nofollow noopener\">case<\/a> che vengono progettate per durare immutate nel tempo, e poi ci sono case come questa: un <strong>appartamento romano di 120 metri quadrati<\/strong> che nasce dalla vita \u2013 e dalle esigenze \u2013 di un giovane di venticinque anni che rifiuta l\u2019idea di abitare in spazi rigidi, predefiniti, \u201cda adulti\u201d. Per lui la casa \u00e8 un organismo vivo, un compagno di viaggio, un luogo che deve assecondare ritmi veloci, passioni che cambiano, ospiti che vanno e vengono, serate improvvisate o weekend silenziosi. Quando <strong>Filippo<\/strong> ha incontrato gli architetti, <strong>Gianluca Graziani<\/strong> e <a data-offer-url=\"https:\/\/michelaekstrom.com\/\" class=\"external-link\" data-event-click=\"{&quot;element&quot;:&quot;ExternalLink&quot;,&quot;outgoingURL&quot;:&quot;https:\/\/michelaekstrom.com\/&quot;}\" href=\"https:\/\/michelaekstrom.com\/\" rel=\"nofollow noopener\" target=\"_blank\">Michela Ekstr\u00f6m<\/a>, ha chiesto una cosa semplice e per niente scontata: \u201cVoglio una casa che possa crescere con me\u201d. Ed \u00e8 da questa richiesta \u2013 cos\u00ec spontanea e radicale \u2013 che \u00e8 nato F\u00b0LOFT \u2013 Living Twenty-Five, un progetto che rifiuta ogni staticit\u00e0 e costruisce un nuovo modo di vivere gli interni: circolare, aperto, in movimento continuo. Il cuore dell\u2019appartamento \u00e8 un grande blocco centrale, un volume materico che diventa bussola e snodo. Attorno, gli spazi si rincorrono seguendo un percorso anulare, senza inizio n\u00e9 fine, come <strong>un<\/strong> <strong>loop domestico che permette di muoversi senza interruzioni<\/strong>.<\/p>\n<p>\u00abVolevamo <strong>creare un\u2019esperienza<\/strong>, non solo un layout\u00bb, raccontano i progettisti. \u00abUna <strong>casa da attraversare<\/strong>, non solo da abitare\u00bb.<\/p>\n<p><img decoding=\"async\" alt=\"\u00abDesideravo uno spazio che cambiasse insieme a me\u00bb confida Filippo  il giovane proprietario dellappartamento.\" loading=\"lazy\" class=\"ResponsiveImageContainer-eNxvmU cfBbTk responsive-image__image\"   src=\"https:\/\/www.europesays.com\/it\/wp-content\/uploads\/2025\/12\/25%20I%20Floft%20I%20Roma%20I%202025%20I%20%C2%A9CarloOriente2025.jpg\"\/><\/p>\n<p>\u00abDesideravo uno spazio che cambiasse insieme a me\u00bb, confida Filippo (ritratto qui), il giovane proprietario dell\u2019appartamento.Foto di Carlo Oriente.<\/p>\n<p>Quando ogni elemento \u00e8 un frammento di vita (e non un set coordinato)<\/p>\n<p>Quello che colpisce entrando \u00e8 la libert\u00e0. Nulla sembra studiato per apparire perfetto, ma tutto \u00e8 scelto con cura per essere vero. \u00abIl proprietario non voleva una casa allestita \u2013 spiegano gli architetti \u2013 ma un luogo dove gli oggetti potessero convivere come persone diverse in un salotto affollato\u00bb. Per questo gli arredi non sono mai <a href=\"https:\/\/www.ad-italia.it\/article\/parete-attrezzata-muri-contenitori-al-posto-dei-mobili-arredamento-casa\/\" target=\"_blank\" rel=\"nofollow noopener\">funzionali<\/a> a comporre un \u201cmoodboard\u201d, ma raccontano storie individuali: una poltrona intrecciata, un beanbag usato per lavorare a terra, un tavolino in cemento dalla forma scultorea, una seduta rossa che accende improvvisamente la stanza come un colpo di teatro. La <strong>cucina nera<\/strong>, profonda e materica, contrasta con il pavimento in legno chiaro e con le pareti neutre, che fanno da sfondo a lampade iconiche e dettagli artigianali. Nulla \u00e8 imposto, tutto \u00e8 in equilibrio. O meglio: in un equilibrio volutamente imperfetto, vivo, mutevole. Il proprietario ama invitare amici e trasformare la casa di continuo: un giorno living, un giorno studio, un giorno rifugio creativo. \u00c8 qui che la scelta delle <strong>porte a tutta altezza<\/strong> diventa essenziale. \u00abSono varchi, non transizioni\u00bb spiegano i due progettisti. Eliminano la percezione dei confini e rendono ogni stanza una possibilit\u00e0 aperta.<\/p>\n","protected":false},"excerpt":{"rendered":"Il loft a Roma che nasce dal desiderio di un venticinquenne di vivere in uno spazio libero, fluido&hellip;\n","protected":false},"author":3,"featured_media":246426,"comment_status":"","ping_status":"","sticky":false,"template":"","format":"standard","meta":{"footnotes":""},"categories":[1446],"tags":[1615,1613,1614,1611,1610,1612,203,1619,204,1537,90,89],"class_list":{"0":"post-246425","1":"post","2":"type-post","3":"status-publish","4":"format-standard","5":"has-post-thumbnail","7":"category-arte-e-design","8":"tag-arte","9":"tag-arte-e-design","10":"tag-arteedesign","11":"tag-arts","12":"tag-arts-and-design","13":"tag-design","14":"tag-entertainment","15":"tag-home-tour","16":"tag-intrattenimento","17":"tag-it","18":"tag-italia","19":"tag-italy"},"share_on_mastodon":{"url":"https:\/\/pubeurope.com\/@it\/115666248494213025","error":""},"_links":{"self":[{"href":"https:\/\/www.europesays.com\/it\/wp-json\/wp\/v2\/posts\/246425","targetHints":{"allow":["GET"]}}],"collection":[{"href":"https:\/\/www.europesays.com\/it\/wp-json\/wp\/v2\/posts"}],"about":[{"href":"https:\/\/www.europesays.com\/it\/wp-json\/wp\/v2\/types\/post"}],"author":[{"embeddable":true,"href":"https:\/\/www.europesays.com\/it\/wp-json\/wp\/v2\/users\/3"}],"replies":[{"embeddable":true,"href":"https:\/\/www.europesays.com\/it\/wp-json\/wp\/v2\/comments?post=246425"}],"version-history":[{"count":0,"href":"https:\/\/www.europesays.com\/it\/wp-json\/wp\/v2\/posts\/246425\/revisions"}],"wp:featuredmedia":[{"embeddable":true,"href":"https:\/\/www.europesays.com\/it\/wp-json\/wp\/v2\/media\/246426"}],"wp:attachment":[{"href":"https:\/\/www.europesays.com\/it\/wp-json\/wp\/v2\/media?parent=246425"}],"wp:term":[{"taxonomy":"category","embeddable":true,"href":"https:\/\/www.europesays.com\/it\/wp-json\/wp\/v2\/categories?post=246425"},{"taxonomy":"post_tag","embeddable":true,"href":"https:\/\/www.europesays.com\/it\/wp-json\/wp\/v2\/tags?post=246425"}],"curies":[{"name":"wp","href":"https:\/\/api.w.org\/{rel}","templated":true}]}}