{"id":246851,"date":"2025-12-05T15:44:13","date_gmt":"2025-12-05T15:44:13","guid":{"rendered":"https:\/\/www.europesays.com\/it\/246851\/"},"modified":"2025-12-05T15:44:13","modified_gmt":"2025-12-05T15:44:13","slug":"sostenuta-dalle-persone-piu-care","status":"publish","type":"post","link":"https:\/\/www.europesays.com\/it\/246851\/","title":{"rendered":"Sostenuta dalle persone pi\u00f9 care"},"content":{"rendered":"<p>Belen Rodriguez, per sua stessa ammissione, sta attraversando un periodo difficile. Capita nella vita, ma se sei un personaggio costantemente al centro dell&#8217;attenzione mediatica, la cosa non passa inosservata e trovare il modo di ritagliarsi un p\u00f2 di tranquillit\u00e0 per affrontare al meglio le proprie fragilit\u00e0 pu\u00f2 diventare un&#8217;impresa molto difficile.<\/p>\n<p>Come sta Belen? La decisione presa per prendersi cura della sua salute<\/p>\n<p>Dopo il <a href=\"https:\/\/gossip\/belen-evento-brutte-condizioni.html\" rel=\"nofollow\">preoccupante episodio <\/a>sul palco della kermesse Vanity Stories, anche quello avvenuto davanti decine di videocamere, fotocamere e sotto la vigile attenzione dei media, \u00e8 stata la stessa argentina a spiegare di essere arrivata all&#8217;appuntamento dopo aver ingerito diversi tranquillanti.<\/p>\n<p>Qualche settimana prima, sullo sgabello dello studio di Belve aveva parlato lei stessa di un problema con i farmaci perch\u00e9, bisogna concederglielo, Belen non si nasconde mai dietro un dito, e affronta la vita di petto anche quando diventa pi\u00f9 complicata.<\/p>\n<p>Un atteggiamento che le permette di guardare dritta in faccia la realt\u00e0 e di agire di conseguenza, non ignorando il problema. E proprio in questi giorni avrebbe maturato una decisione che confermerebbe il momento difficile ma anche la sua lotta per uscirne. A svelare l&#8217;indiscrezione, nella sua newsletter, \u00e8 Gabriele Parpigla che anticipa che Belen, attualmente impegnata ogni giorno dal luned\u00ec al venerd\u00ec nel tardo pomeriggio su Radio Due con il programma \u201cMatti da legare\u201d, ha deciso di alleggerire l&#8217;impegno per ritagliarsi il tempo per prendersi cura di s\u00e8.<\/p>\n<p><a href=\"https:\/\/www.today.it\/gossip\/belen-evento-calmanti.html\" target=\"_blank\" rel=\"nofollow noopener\">Belen fuori controllo a un evento. La confessione: &#8220;Ho preso troppi calmanti, mi sto curando. Salto il lavoro per non mostrarmi cos\u00ec&#8221;<\/a>\u00a0<\/p>\n<p>\u201cAl momento Bel\u00e9n Rodriguez ha scelto di essere presente in radio solo il gioved\u00ec, su Radio2, nel programma \u201cMatti da legare\u201d, per superare un periodo che lei stessa ha definito difficile\u201d, scrive Parpiglia, aggiungendo che la showgirl argentina \u00e8 circondata da persone che la sostengono e comprendono il suo momento complicato: \u201cUna scelta sostenuta con affetto dalle persone che le sono vicine e condivisa anche dai colleghi della radio\u201d.<\/p>\n<p>Dunque Belen non \u00e8 sola e, al di l\u00e0 dei soliti haters di cui \u00e8 il bersaglio ormai da decenni, moltissime persone, non solo quelle che le sono pi\u00f9 vicine, ne hanno apprezzato il coraggio di esporsi e raccontare la propria fragilit\u00e0 e hanno espresso vicinanza e sostegno con messaggi e commenti sui suoi social.<\/p>\n","protected":false},"excerpt":{"rendered":"Belen Rodriguez, per sua stessa ammissione, sta attraversando un periodo difficile. Capita nella vita, ma se sei un&hellip;\n","protected":false},"author":3,"featured_media":246852,"comment_status":"","ping_status":"","sticky":false,"template":"","format":"standard","meta":{"footnotes":""},"categories":[1451],"tags":[17945,145756,1764,145755,1621,1620,145757,203,204,1537,90,89],"class_list":{"0":"post-246851","1":"post","2":"type-post","3":"status-publish","4":"format-standard","5":"has-post-thumbnail","7":"category-celebrita","8":"tag-belen","9":"tag-belen-malattia","10":"tag-belen-rodriguez","11":"tag-belen-salute-mentale","12":"tag-celebrita","13":"tag-celebrities","14":"tag-come-sta-belen","15":"tag-entertainment","16":"tag-intrattenimento","17":"tag-it","18":"tag-italia","19":"tag-italy"},"share_on_mastodon":{"url":"https:\/\/pubeurope.com\/@it\/115667734587732098","error":""},"_links":{"self":[{"href":"https:\/\/www.europesays.com\/it\/wp-json\/wp\/v2\/posts\/246851","targetHints":{"allow":["GET"]}}],"collection":[{"href":"https:\/\/www.europesays.com\/it\/wp-json\/wp\/v2\/posts"}],"about":[{"href":"https:\/\/www.europesays.com\/it\/wp-json\/wp\/v2\/types\/post"}],"author":[{"embeddable":true,"href":"https:\/\/www.europesays.com\/it\/wp-json\/wp\/v2\/users\/3"}],"replies":[{"embeddable":true,"href":"https:\/\/www.europesays.com\/it\/wp-json\/wp\/v2\/comments?post=246851"}],"version-history":[{"count":0,"href":"https:\/\/www.europesays.com\/it\/wp-json\/wp\/v2\/posts\/246851\/revisions"}],"wp:featuredmedia":[{"embeddable":true,"href":"https:\/\/www.europesays.com\/it\/wp-json\/wp\/v2\/media\/246852"}],"wp:attachment":[{"href":"https:\/\/www.europesays.com\/it\/wp-json\/wp\/v2\/media?parent=246851"}],"wp:term":[{"taxonomy":"category","embeddable":true,"href":"https:\/\/www.europesays.com\/it\/wp-json\/wp\/v2\/categories?post=246851"},{"taxonomy":"post_tag","embeddable":true,"href":"https:\/\/www.europesays.com\/it\/wp-json\/wp\/v2\/tags?post=246851"}],"curies":[{"name":"wp","href":"https:\/\/api.w.org\/{rel}","templated":true}]}}