{"id":247509,"date":"2025-12-06T01:20:27","date_gmt":"2025-12-06T01:20:27","guid":{"rendered":"https:\/\/www.europesays.com\/it\/247509\/"},"modified":"2025-12-06T01:20:27","modified_gmt":"2025-12-06T01:20:27","slug":"testo-e-video-i-sky-tg24-9","status":"publish","type":"post","link":"https:\/\/www.europesays.com\/it\/247509\/","title":{"rendered":"testo e video I Sky Tg24"},"content":{"rendered":"<p><strong>rob, della squadra di Paola Iezzi, trionfa nella notte della finalissima di X Factor 2025 in Piazza del Plebiscito a Napoli (<a data-intcmp=\"skytg24_foglia articolo_interlink_text\" href=\"https:\/\/tg24.sky.it\/spettacolo\/tv-show\/2025\/12\/04\/finale-x-factor-live-diretta\" rel=\"nofollow noopener\" target=\"_blank\">RIVIVI QUI LA DIRETTA<\/a>).\u00a0<\/strong>Secondo classificato<strong> eroCaddeo<\/strong>, della squadra di<strong> Achille Lauro<\/strong>; sul podio anche<strong> DELIA<\/strong>, della squadra di<strong> Jake La Furia<\/strong>. Quarto in classifica<strong> PierC<\/strong>, della squadra di<strong> Francesco Gabbani<\/strong>. L\u2019ultimo atto dello show Sky Original prodotto da Fremantle ha visto protagonisti tutti ed \u00e8 culminato in una grande festa all&#8217;insegna della musica e della condivisione.<\/p>\n<p>DELIA come nel suo stile, ha incantato con la sua energia pazzesca, <strong><a data-intcmp-qp=\"skytg24_foglia articolo_interlink_text\" href=\"https:\/\/video.sky.it\/xfactor\/puntate\/video\/finale-x-factor-2025-delia-sicilia-bedda-video-1057229\" rel=\"nofollow noopener\" target=\"_blank\">rieccola QUI nel video della sua esibizione<\/a><\/strong>.<\/p>\n<p>\t\t \tCosa racconta il brano di DELIA<\/p>\n<p>Scritto insieme a Fiat 131 e Noemi Bruno e prodotto da Carlo Avarello e Miriade, SICILIA BEDDA \u00e8\u00a0un brano che racconta le sue radici con una forza visiva e sonora che rispecchia pienamente il suo carattere. E&#8217;\u00a0una canzone che guarda la Sicilia come si guarda una persona amata e racconta di chi, lontano, sente che un pezzo di s\u00e9 \u00e8 rimasto a casa, e prova a portare con s\u00e9 quell\u2019identit\u00e0, quell\u2019orgoglio e quel richiamo che non si spegne mai. <\/p>\n<p>\t\t\t<a class=\"c-inline-card j-inline-card c-inline-card--with-image\" href=\"https:\/\/tg24.sky.it\/spettacolo\/tv-show\/video\/2025\/11\/14\/delia-x-factor-2025\" rel=\"follow nofollow noopener\" data-intcmp=\"skytg24_articolo_approfondimenti_inline\" target=\"_blank\"><\/p>\n<p>\t\t\t         <img decoding=\"async\" crossorigin=\"anonymous\" alt=\"\" src=\"https:\/\/www.europesays.com\/it\/wp-content\/uploads\/2025\/12\/delia-x-factor-2025-ph-virginia-bettoja.jpg\"  loading=\"lazy\"  bad-src=\"https:\/\/www.europesays.com\/it\/wp-content\/uploads\/2025\/12\/delia-x-factor-2025-ph-virginia-bettoja.jpg\"\/><\/p>\n<p>\n\t\t\t         Approfondimento<br \/>\n\t\t\t         X Factor 2025, DELIA conquista con un mash-up sorprendente. VIDEO\n\t\t\t      <\/p>\n<p>\t\t\t<\/a><\/p>\n<p>\t\t\tIl testo di\u00a0SICILIA BEDDA\u00a0<\/p>\n<p>\u00a0<\/p>\n<p>Suli ventu mari<\/p>\n<p>A genti c\u2019arridi cu mu fa fari<\/p>\n<p>A gghiriminni senza turnari<\/p>\n<p>Cu mu fa fari, Sicilia bedda<\/p>\n<p>\u00a0<\/p>\n<p>Si pinsassi ca nu vasu di n\u2019atra citt\u00e0<\/p>\n<p>Iancu lariu ca nan tingi, n\u2019teni virit\u00e0<\/p>\n<p>Lu me cori trubbuliatu, do fumu malandatu<\/p>\n<p>Ca vo scappari e ddocu resta<\/p>\n<p>Ci pruvai gi\u00e0 a zumpari oltr\u2019a stu muru d\u2019acqua e sale<\/p>\n<p>C\u2019allinghi la realt\u00e0 della mia terra<\/p>\n<p>\u00a0<\/p>\n<p>Suli ventu mari<\/p>\n<p>A genti c\u2019arridi cu mu fa fari<\/p>\n<p>A gghiriminni senza turnari<\/p>\n<p>Cu mu fa fari, Sicilia Bedda<\/p>\n<p>\u00a0<\/p>\n<p>Nata ai piedi del vulcano<\/p>\n<p>U mari focu quagghiatu do friddu<\/p>\n<p>Facce vecchie, appese, stese<\/p>\n<p>Gocciano frasi a tradimento<\/p>\n<p>\u00a0<\/p>\n<p>Mamma ca mi schigghia forte n\u2019atra vota nell\u2019orecchio<\/p>\n<p>\u201cla terra \u00e8 mare, sangue rosso che ci scorre dentro\u201d<\/p>\n<p>\u00a0<\/p>\n<p>Suli, ventu, mari<\/p>\n<p>A genti c\u2019arriri cu mu fa fari<\/p>\n<p>A ghiriminni senza turnari<\/p>\n<p>Cu mu fa fari, Sicilia bedda<\/p>\n<p>\u00a0<\/p>\n<p>Muri di zumpari<\/p>\n<p>E mari prufunni a oltrepassari<\/p>\n<p>Tu terra mia, tu si l\u2019amuri e vogghiu ristari<\/p>\n<p>Sicilia bedda<\/p>\n<p>\u00a0<\/p>\n<p>Arrusbigghiamuni, carusi<\/p>\n<p>Rumpemuli sti catini<\/p>\n<p>Sta terra \u00e8 da nostra<\/p>\n<p>E cc\u00e0 vulemu stari<\/p>\n<p>(Sicilia bedda)<\/p>\n<p>\u00a0<\/p>\n<p>Suli ventu mari<\/p>\n<p>A genti c\u2019arriri cu mu fa fari<\/p>\n<p>A ghiriminni, tu si l\u2019amuri e vogghiu ristari<\/p>\n<p>Sicilia bedda<\/p>\n<p>\u00a0<\/p>\n<p>Sicilia bedda<\/p>\n","protected":false},"excerpt":{"rendered":"rob, della squadra di Paola Iezzi, trionfa nella notte della finalissima di X Factor 2025 in Piazza del&hellip;\n","protected":false},"author":3,"featured_media":247510,"comment_status":"","ping_status":"","sticky":false,"template":"","format":"standard","meta":{"footnotes":""},"categories":[1443],"tags":[203,204,1537,90,89,1538,1539,71990,48718],"class_list":{"0":"post-247509","1":"post","2":"type-post","3":"status-publish","4":"format-standard","5":"has-post-thumbnail","7":"category-musica","8":"tag-entertainment","9":"tag-intrattenimento","10":"tag-it","11":"tag-italia","12":"tag-italy","13":"tag-music","14":"tag-musica","15":"tag-sky-uno","16":"tag-x-factor"},"share_on_mastodon":{"url":"https:\/\/pubeurope.com\/@it\/115670000578529651","error":""},"_links":{"self":[{"href":"https:\/\/www.europesays.com\/it\/wp-json\/wp\/v2\/posts\/247509","targetHints":{"allow":["GET"]}}],"collection":[{"href":"https:\/\/www.europesays.com\/it\/wp-json\/wp\/v2\/posts"}],"about":[{"href":"https:\/\/www.europesays.com\/it\/wp-json\/wp\/v2\/types\/post"}],"author":[{"embeddable":true,"href":"https:\/\/www.europesays.com\/it\/wp-json\/wp\/v2\/users\/3"}],"replies":[{"embeddable":true,"href":"https:\/\/www.europesays.com\/it\/wp-json\/wp\/v2\/comments?post=247509"}],"version-history":[{"count":0,"href":"https:\/\/www.europesays.com\/it\/wp-json\/wp\/v2\/posts\/247509\/revisions"}],"wp:featuredmedia":[{"embeddable":true,"href":"https:\/\/www.europesays.com\/it\/wp-json\/wp\/v2\/media\/247510"}],"wp:attachment":[{"href":"https:\/\/www.europesays.com\/it\/wp-json\/wp\/v2\/media?parent=247509"}],"wp:term":[{"taxonomy":"category","embeddable":true,"href":"https:\/\/www.europesays.com\/it\/wp-json\/wp\/v2\/categories?post=247509"},{"taxonomy":"post_tag","embeddable":true,"href":"https:\/\/www.europesays.com\/it\/wp-json\/wp\/v2\/tags?post=247509"}],"curies":[{"name":"wp","href":"https:\/\/api.w.org\/{rel}","templated":true}]}}