{"id":247521,"date":"2025-12-06T01:28:13","date_gmt":"2025-12-06T01:28:13","guid":{"rendered":"https:\/\/www.europesays.com\/it\/247521\/"},"modified":"2025-12-06T01:28:13","modified_gmt":"2025-12-06T01:28:13","slug":"milano-e-tra-le-cinque-citta-piu-attraenti-del-mondo","status":"publish","type":"post","link":"https:\/\/www.europesays.com\/it\/247521\/","title":{"rendered":"Milano \u00e8 tra le cinque citt\u00e0 pi\u00f9 attraenti del mondo"},"content":{"rendered":"<p>Milano \u00e8 la quinta citt\u00e0 pi\u00f9 bella del mondo. A dirlo \u00e8 la nuova classifica di Euromonitor International &#8211; Top 100 City Destinations Index 2025 &#8211; che ha stilato l&#8217;elenco delle 100 citt\u00e0 pi\u00f9 attraenti di tutto il globo. E il capoluogo lombardo \u00e8 in buona compagnia: al quarto posto della classifica c&#8217;\u00e8 un&#8217;altra citt\u00e0 italiana, Roma.\u00a0<\/p>\n<p>Il primo posto\u00a0<\/p>\n<p>La societ\u00e0 che si occupa di analisi e ricerca ha selezionato e classificato le citt\u00e0 in base a una serie di elementi ai quali sono stati dati dei punteggi, tra cui economica, turismo, infrastrutture, sistema sanitario, sicurezza e sostenibilit\u00e0. Sul podio, come lo scorso anno, c&#8217;\u00e8 Parigi: si tratta della quinta medaglia d&#8217;oro consecutiva per i francesi. Seguono Madrid e Tokyo.\u00a0<\/p>\n<p>Milano capitale di moda, design e turismo<\/p>\n<p>Confermate anche le posizioni delle italiane, con Roma e Milano al quarto e quinto posto come lo scorso anno. La Capitale regge il quarto gradino anche grazie al lancio di hotel di lusso e all&#8217;espansione dell&#8217;aeroporto. Milano, invece, viene \u201ccelebrata per il suo ambiente imprenditoriale, la leadership nel mondo della moda e del design e la solida infrastruttura turistica\u201d, si legge nel rapporto.\u00a0<\/p>\n<p>L&#8217;unica americana nella top 10 \u00e8 New York, mentre l&#8217;Asia Pacifica risulta essere leader nel turismo mondiale con un aumento del 10% degli arrivi internazionali. Segue il Medio Oriente e l&#8217;Africa.\u00a0<\/p>\n<p>\u00a0<\/p>\n","protected":false},"excerpt":{"rendered":"Milano \u00e8 la quinta citt\u00e0 pi\u00f9 bella del mondo. A dirlo \u00e8 la nuova classifica di Euromonitor International&hellip;\n","protected":false},"author":3,"featured_media":247522,"comment_status":"","ping_status":"","sticky":false,"template":"","format":"standard","meta":{"footnotes":""},"categories":[160],"tags":[21322,14,164,165,166,7,15,11,167,12,168,161,162,163],"class_list":{"0":"post-247521","1":"post","2":"type-post","3":"status-publish","4":"format-standard","5":"has-post-thumbnail","7":"category-mondo","8":"tag-classifiche","9":"tag-cronaca","10":"tag-dal-mondo","11":"tag-dalmondo","12":"tag-mondo","13":"tag-news","14":"tag-notizie","15":"tag-ultime-notizie","16":"tag-ultime-notizie-di-mondo","17":"tag-ultimenotizie","18":"tag-ultimenotiziedimondo","19":"tag-world","20":"tag-world-news","21":"tag-worldnews"},"share_on_mastodon":{"url":"https:\/\/pubeurope.com\/@it\/115670031094340304","error":""},"_links":{"self":[{"href":"https:\/\/www.europesays.com\/it\/wp-json\/wp\/v2\/posts\/247521","targetHints":{"allow":["GET"]}}],"collection":[{"href":"https:\/\/www.europesays.com\/it\/wp-json\/wp\/v2\/posts"}],"about":[{"href":"https:\/\/www.europesays.com\/it\/wp-json\/wp\/v2\/types\/post"}],"author":[{"embeddable":true,"href":"https:\/\/www.europesays.com\/it\/wp-json\/wp\/v2\/users\/3"}],"replies":[{"embeddable":true,"href":"https:\/\/www.europesays.com\/it\/wp-json\/wp\/v2\/comments?post=247521"}],"version-history":[{"count":0,"href":"https:\/\/www.europesays.com\/it\/wp-json\/wp\/v2\/posts\/247521\/revisions"}],"wp:featuredmedia":[{"embeddable":true,"href":"https:\/\/www.europesays.com\/it\/wp-json\/wp\/v2\/media\/247522"}],"wp:attachment":[{"href":"https:\/\/www.europesays.com\/it\/wp-json\/wp\/v2\/media?parent=247521"}],"wp:term":[{"taxonomy":"category","embeddable":true,"href":"https:\/\/www.europesays.com\/it\/wp-json\/wp\/v2\/categories?post=247521"},{"taxonomy":"post_tag","embeddable":true,"href":"https:\/\/www.europesays.com\/it\/wp-json\/wp\/v2\/tags?post=247521"}],"curies":[{"name":"wp","href":"https:\/\/api.w.org\/{rel}","templated":true}]}}