{"id":248168,"date":"2025-12-06T12:06:12","date_gmt":"2025-12-06T12:06:12","guid":{"rendered":"https:\/\/www.europesays.com\/it\/248168\/"},"modified":"2025-12-06T12:06:12","modified_gmt":"2025-12-06T12:06:12","slug":"derby-primavera-le-formazioni-ufficiali-di-juventus-torino-bonacina-per-la-svolta","status":"publish","type":"post","link":"https:\/\/www.europesays.com\/it\/248168\/","title":{"rendered":"Derby Primavera, le formazioni ufficiali di Juventus-Torino: Bonacina per la svolta"},"content":{"rendered":"<p>Gli XI di partenza scelti da Padoin e Baldini<\/p>\n<p>C&#8217;\u00e8 aria di derby in quel di Torino, in particolare il derby Primavera. A breve il via della quattordicesima giornata del campionato Primavera 1: alle 11:00 il fischio d&#8217;inizio di Juventus-Torino in quel di Vinovo. Contrapposte due formazioni che stanno performando meno di quanto vorrebbero, soprattutto il Torino: i granata di Baldini sono alla ricerca di una vittoria che in campionato manca da due mesi e un giorno&#8230; Cos\u00ec il tecnico granata cambia e passa al 4-5-1. In porta torna Santer, dopo che nell&#8217;ultima in Primavera 1 si era fatto nuovamente vedere Siviero, la difesa \u00e8 confermata e vi si aggiunge Zaia come terzino destro. A centrocampo Sabone parte dalla panchina, con la titolarit\u00e0 di Liema Olinga affianco ad Acquah. Sorprese sugli esterni: Kugyela va a destra e non a sinistra, dove c&#8217;\u00e8 David Bonacina, ala Under 18. Per il classe 2008 \u00e8 la terza presenza di stagione in Primavera, la seconda in campionato, dopo l&#8217;esordio stagionale in Fiorentina-Torino, ad agosto. In attacco solo Gabellini.<\/p>\n<p>Derby Primavera: le formazioni ufficiali di Juventus-Torino\u2014 \u00a0<\/p>\n<p><strong>JUVENTUS (4-3-3): <\/strong>Nava; Bamballi, Badarau, Rizzo, Verde; Vallana, Keugen, Grelaud; Merola, Lopez, Finocchiaro. <strong>A disposizione:<\/strong> Jakab, Milia, Biggi, Leone, Durmisi, Contarini, Sylla, Elimoghale, Tiozzo Pagio, Borasio, De Brul. <strong>Allenatore:<\/strong> Simone Padoin.<strong\/><\/p>\n<p><strong>TORINO (4-5-1):<\/strong> Santer; Zaia, Pellini, Perez, Carrascosa; Kugyela, Ferraris, Acquah, Liema Olinga, Bonacina;\u00a0Gabellini. <strong>A disposizione:<\/strong> Cereser, Desole, Politakis, Zeppieri, Bonadiman, Falasca, Sandrucci, Sabone, Gatto, Brzyski, Luongo. <strong>Allenatore:<\/strong> Francesco Baldini.<\/p>\n<p class=\"is-copyright\">\u00a9 RIPRODUZIONE RISERVATA<\/p>\n","protected":false},"excerpt":{"rendered":"Gli XI di partenza scelti da Padoin e Baldini C&#8217;\u00e8 aria di derby in quel di Torino, in&hellip;\n","protected":false},"author":3,"featured_media":248169,"comment_status":"","ping_status":"","sticky":false,"template":"","format":"standard","meta":{"footnotes":"","_share_on_mastodon":"0"},"categories":[1452],"tags":[83081,1960,65204,33833,721,1856,5187,146452,146453,6258,1740,32384,13717,146454,32386,5197,1537,90,89,558,121071,33834,33840,33841,33842,86028,4400,1739,245,244,1641],"class_list":["post-248168","post","type-post","status-publish","format-standard","has-post-thumbnail","category-calcio","tag-acquah","tag-allenatore","tag-baldini","tag-bonacina","tag-calcio","tag-campionato","tag-derby","tag-derby-primavera","tag-derby-primavera-formazioni","tag-disposizione","tag-football","tag-formazioni","tag-formazioni-ufficiali","tag-formazioni-ufficiali-juventus","tag-gabellini","tag-granata","tag-it","tag-italia","tag-italy","tag-juventus","tag-juventus-torino","tag-kugyela","tag-liema","tag-liema-olinga","tag-olinga","tag-padoin","tag-primavera","tag-soccer","tag-sport","tag-sports","tag-torino"],"share_on_mastodon":{"url":"https:\/\/pubeurope.com\/@it\/115672539985243419","error":""},"_links":{"self":[{"href":"https:\/\/www.europesays.com\/it\/wp-json\/wp\/v2\/posts\/248168","targetHints":{"allow":["GET"]}}],"collection":[{"href":"https:\/\/www.europesays.com\/it\/wp-json\/wp\/v2\/posts"}],"about":[{"href":"https:\/\/www.europesays.com\/it\/wp-json\/wp\/v2\/types\/post"}],"author":[{"embeddable":true,"href":"https:\/\/www.europesays.com\/it\/wp-json\/wp\/v2\/users\/3"}],"replies":[{"embeddable":true,"href":"https:\/\/www.europesays.com\/it\/wp-json\/wp\/v2\/comments?post=248168"}],"version-history":[{"count":0,"href":"https:\/\/www.europesays.com\/it\/wp-json\/wp\/v2\/posts\/248168\/revisions"}],"wp:featuredmedia":[{"embeddable":true,"href":"https:\/\/www.europesays.com\/it\/wp-json\/wp\/v2\/media\/248169"}],"wp:attachment":[{"href":"https:\/\/www.europesays.com\/it\/wp-json\/wp\/v2\/media?parent=248168"}],"wp:term":[{"taxonomy":"category","embeddable":true,"href":"https:\/\/www.europesays.com\/it\/wp-json\/wp\/v2\/categories?post=248168"},{"taxonomy":"post_tag","embeddable":true,"href":"https:\/\/www.europesays.com\/it\/wp-json\/wp\/v2\/tags?post=248168"}],"curies":[{"name":"wp","href":"https:\/\/api.w.org\/{rel}","templated":true}]}}