{"id":248521,"date":"2025-12-06T17:27:17","date_gmt":"2025-12-06T17:27:17","guid":{"rendered":"https:\/\/www.europesays.com\/it\/248521\/"},"modified":"2025-12-06T17:27:17","modified_gmt":"2025-12-06T17:27:17","slug":"spagna-il-50enne-francisco-mancebo-ancora-in-gruppo-loperacion-puerto-ha-segnato-la-mia-carriera-alcuni-sono-tornati-ad-alto-livello-altri-no","status":"publish","type":"post","link":"https:\/\/www.europesays.com\/it\/248521\/","title":{"rendered":"Spagna, il 50enne Francisco Mancebo ancora in gruppo: &#8220;L&#8217;Operaci\u00f3n Puerto ha segnato la mia carriera &#8211; Alcuni sono tornati ad alto livello, altri no&#8230;&#8221;"},"content":{"rendered":"<p>\t\t\t\t\t<a href=\"https:\/\/cyclingpro.net\/spaziociclismo\/altro\/scopri-lapp-ufficiale-di-spaziociclismo\/\" title=\"\" rel=\"nofollow noopener\" target=\"_blank\"><br \/>\n\t\t\t\t\t\t<img loading=\"lazy\" decoding=\"async\" src=\"https:\/\/www.europesays.com\/it\/wp-content\/uploads\/2025\/09\/1758060682_662_Banner-App-SpazioCiclismo.png\" alt=\"\" width=\"728\" height=\"91\"\/><br \/>\n\t\t\t\t\t<\/a><\/p>\n<p><strong>Francisco Mancebo<\/strong> sar\u00e0 uno dei corridori pi\u00f9 anziani in attivit\u00e0 nel corso della stagione ormai alle porte. Lo spagnolo classe 1976 far\u00e0 parte <a href=\"https:\/\/cyclingpro.net\/spaziociclismo\/ciclomercato\/ciclomercato-2026-il-quasi-50enne-paco-mancebo-continua-la-carriera-correra-per-una-continental-cinese\/\" target=\"_blank\" rel=\"noopener nofollow\">dell\u2019organico della Continental cinese <\/a><strong>Pingtan International Tourism Island,<\/strong> ennesima tappa di un percorso agonistico che lo ha portato in tanti angoli del mondo ciclistico. La carriera di Mancebo \u00e8 iniziata nel 1998 con quella che allora era la Banesto e ha vissuto tanti momenti importanti: fra questi il terzo posto ottenuto alla <strong>Vuelta a Espa\u00f1a 2004<\/strong> e il quarto posto nella classifica finale al <strong>Tour de France 2005<\/strong>.<\/p>\n<p>Il panorama sportivo di Mancebo cambi\u00f2 radicalmente nel 2006, quando era in forza all\u2019allora Ag2R Prevoyance e quando il suo nome fin\u00ec fra quelli coinvolti nella Operac\u00f3n Puerto. Su di lui non vennero mai formulate accuse dettagliate; nel 2007, per\u00f2, la sua squadra di allora, la Relax-Gam, non lo port\u00f2 alla Vuelta a Espa\u00f1a e da quel momento inizi\u00f2 il lunghissimo viaggio intorno al mondo, lontano per\u00f2 dalla scena professionistica di Mancebo.<\/p>\n<p>\u201cSono passati cos\u00ec tanti anni ormai \u2013 le parole di Mancebo in un\u2019intervista concessa a <a href=\"https:\/\/www.domestiquecycling.com\/en\/features\/my-legs-are-getting-worse-but-my-head-is-still-there---francisco-mancebo-on-puerto-rock-racing-and-riding-past-50\/\" target=\"_blank\" rel=\"noopener nofollow\">Domestique<\/a> \u2013 All\u2019epoca fu dura, anche perch\u00e9 non ci furono squalifiche, ma l\u2019UCI faceva pressione perch\u00e9 non venisse data la possibilit\u00e0 di correre, a me e ad alcuni altri. <strong>\u00c8 l\u2019ipocrisia del ciclismo, ci sono tante persone che erano nell\u2019ambiente allora e che lo sono ancora adesso.<\/strong> \u00c8 cambiato poco. Ma adesso la vedo semplicemente come un qualcosa che mi \u00e8 capitato\u201d.<\/p>\n<p>Lo spagnolo ripensa a quello che accadde negli ormai lontani Anni Zero: \u201cSe sia stata un\u2019ingiustizia o meno, dipende dalla persona a cui lo chiedi. Alcuni sono stati puniti e sono tornati nel ciclismo. Altri sono stati puniti e non sono pi\u00f9 tornati. Altri ancora, com\u2019\u00e8 nel mio caso, non stati puniti ma non hanno neanche potuto tornare. Per il 2012 stavo parlando con la Movistar per unirmi a loro, sembrava che tutti fossero d\u2019accordo, <strong>ma all\u2019ultimo minuto Eusebio Unzu\u00e9 ha deciso di non andare avanti. Ha usato gli sponsor come motivazione e non sapr\u00f2 mai se era una cosa vera o meno.<\/strong> Quella, comunque, \u00e8 stata l\u2019ultima volta che ho cercato di rientrare fra i professionisti\u201d.<\/p>\n<p>Nel percorso di Mancebo c\u2019\u00e8 stata anche l\u2019esperienza alla <strong>Rock Racing,<\/strong> squadra statunintese, creata da <strong>Michael Ball<\/strong>, durata quasi tre anni e da cui sono passati anche <strong>\u00d3scar Sevilla, Santiago Botero, Tyler Hamilton<\/strong> e persino <strong>Mario Cipollini<\/strong>: \u201cBall era un tipo abbastanza matto. Aveva un sacco di soldi, o almeno sembrava li avesse. La sua follia poi ha portato con s\u00e9 la squadra. Era tutto molto stravagante, ma la squadra era gestita in maniera molto professionale dal punto di vista sportivo da Rudy Pevenage e Lorenzo Lapage. Avevamo un gran bel calendario, sia negli Stati Uniti che in Europa e quello \u00e8 stato il periodo in cui mi sono pi\u00f9 divertito. E arriv\u00f2 anche qualche bel risultato\u201d.<\/p>\n<p>Dal 2014 in poi Mancebo \u00e8 stato un assiduo frequentatore delle gare pi\u00f9 recondite del calendario internazionale, riuscendo a lasciare sempre qualche segno. Lultimo di questi \u00e8 arrivato in Mauritania giusto qualche mese fa, quando <a href=\"https:\/\/cyclingpro.net\/spaziociclismo\/continental\/tour-du-sahel-2025-francisco-mancebo-si-impone-nella-prima-tappa-e-passa-alla-storia-a-quasi-49-anni-e-il-piu-vecchio-vincitore-di-una-corsa-uci\/\" target=\"_blank\" rel=\"noopener nofollow\">lo spagnolo ha vinto la prima tappa del Tour du Sahel 2025<\/a>: \u201cIn quella corsa segui una carovana di automobili \u2013 racconta Mancebo \u2013 <strong>A un certo punto le auto si fermano, qualcuno disegna una linea bianca sulla strada e ti dicono \u2018ok, si parte da qui\u2019. Ed \u00e8 tutto quello che sai della tappa.<\/strong> Quella che vinto era di 100 chilometri, tutta diritta. E per qualche motivo, ogni giorno si partiva sempre pi\u00f9 tardi. Non puoi dare niente per scontato. Tutto molto strano, ma anche divertente, in un certo modo\u201d.<\/p>\n<p>Nuove avventure attendono il corridore spagnolo: \u201cSpero di continuare fino ai 60 anni \u2013 sorride Mancebo \u2013 No, non ho una data in mente, ma mi piacerebbe continuare finch\u00e9 riesco. So che \u00e8 complicato, certamente. Ma, in ogni caso, spero di far bene quest\u2019anno e di riuscire a essere in gruppo anche nel 2027. <strong>Almeno, \u00e8 come la vedo in questo momento; poi, alla fine, saranno le mie gambe a decidere<\/strong>\u201c.<\/p>\n<p>\u00a0<\/p>\n","protected":false},"excerpt":{"rendered":"Francisco Mancebo sar\u00e0 uno dei corridori pi\u00f9 anziani in attivit\u00e0 nel corso della stagione ormai alle porte. Lo&hellip;\n","protected":false},"author":3,"featured_media":248522,"comment_status":"","ping_status":"","sticky":false,"template":"","format":"standard","meta":{"footnotes":""},"categories":[1456],"tags":[1824,1825,100206,1537,90,89,245,244],"class_list":{"0":"post-248521","1":"post","2":"type-post","3":"status-publish","4":"format-standard","5":"has-post-thumbnail","7":"category-ciclismo","8":"tag-ciclismo","9":"tag-cycling","10":"tag-francisco-mancebo","11":"tag-it","12":"tag-italia","13":"tag-italy","14":"tag-sport","15":"tag-sports"},"share_on_mastodon":{"url":"https:\/\/pubeurope.com\/@it\/115673802312766478","error":""},"_links":{"self":[{"href":"https:\/\/www.europesays.com\/it\/wp-json\/wp\/v2\/posts\/248521","targetHints":{"allow":["GET"]}}],"collection":[{"href":"https:\/\/www.europesays.com\/it\/wp-json\/wp\/v2\/posts"}],"about":[{"href":"https:\/\/www.europesays.com\/it\/wp-json\/wp\/v2\/types\/post"}],"author":[{"embeddable":true,"href":"https:\/\/www.europesays.com\/it\/wp-json\/wp\/v2\/users\/3"}],"replies":[{"embeddable":true,"href":"https:\/\/www.europesays.com\/it\/wp-json\/wp\/v2\/comments?post=248521"}],"version-history":[{"count":0,"href":"https:\/\/www.europesays.com\/it\/wp-json\/wp\/v2\/posts\/248521\/revisions"}],"wp:featuredmedia":[{"embeddable":true,"href":"https:\/\/www.europesays.com\/it\/wp-json\/wp\/v2\/media\/248522"}],"wp:attachment":[{"href":"https:\/\/www.europesays.com\/it\/wp-json\/wp\/v2\/media?parent=248521"}],"wp:term":[{"taxonomy":"category","embeddable":true,"href":"https:\/\/www.europesays.com\/it\/wp-json\/wp\/v2\/categories?post=248521"},{"taxonomy":"post_tag","embeddable":true,"href":"https:\/\/www.europesays.com\/it\/wp-json\/wp\/v2\/tags?post=248521"}],"curies":[{"name":"wp","href":"https:\/\/api.w.org\/{rel}","templated":true}]}}