{"id":248553,"date":"2025-12-06T17:59:13","date_gmt":"2025-12-06T17:59:13","guid":{"rendered":"https:\/\/www.europesays.com\/it\/248553\/"},"modified":"2025-12-06T17:59:13","modified_gmt":"2025-12-06T17:59:13","slug":"paolo-ruffini-vorrei-dei-figli-in-futuro-la-mia-ex-moglie-quando-e-finita-mi-ha-detto-ti-libero","status":"publish","type":"post","link":"https:\/\/www.europesays.com\/it\/248553\/","title":{"rendered":"Paolo Ruffini: \u00abVorrei dei figli in futuro. La mia ex moglie? Quando \u00e8 finita mi ha detto: ti libero\u00bb"},"content":{"rendered":"<p>&#13;<br \/>\n                               &#13;<br \/>\n                                                &#13;<br \/>\n                &#13;<\/p>\n<p><strong><a href=\"https:\/\/www.leggo.it\/t\/paolo-ruffini\" rel=\"nofollow noopener\" target=\"_blank\">Paolo Ruffini<\/a><\/strong> \u00e8 tornato su Italia Uno dopo dieci anni. Il comico e attore, adesso alla conduzione di Zelig On insieme a <strong>Ludovica Comello<\/strong>, ha raccontato a <strong><a href=\"https:\/\/www.leggo.it\/t\/silvia-toffanin\" rel=\"nofollow noopener\" target=\"_blank\">Silvia Toffanin<\/a><\/strong> l&#8217;emozione di\u00a0\u00abessere tornato a casa\u00bb e il ricordo di suo padre.\u00a0\u00abSono successe tante cose negli ultimi anni, tra cui il Covid, adesso c&#8217;\u00e8 la voglia di farsi due risate e sono pronto\u00bb.<\/p>\n<p>&#13;<br \/>\n&#13;<br \/>\nIl ricordo del pap\u00e0&#13;<br \/>\n&#13;<\/p>\n<p>Durante l&#8217;intervista a <strong><a href=\"https:\/\/www.leggo.it\/t\/verissimo\" rel=\"nofollow noopener\" target=\"_blank\">Verissimo<\/a><\/strong>, il comico ha ricordato la morte del pap\u00e0:\u00a0\u00abMi ha dato un&#8217;educazione molto rigida, all&#8217;inizio mi ci sono scontrato molto, ma poi siamo diventati grandi amici. Nell&#8217;ultimo periodo era un mio fan, sono stato con lui fino all&#8217;ultimo momento. Da quando se ne \u00e8 andato mi dicono che gli somiglio di pi\u00f9\u00bb. <\/p>\n<p>Ogni sera Ruffini chiama la mamma per dirle\u00a0\u00abti amo\u00bb:\u00a0\u00abQuando siamo piccoli pensiamo che i nostri genitori siano degli eroi, quando in realt\u00e0 sbagliano anche loro. Dobbiamo perdonarci insieme. Sono grato a mamma per le cose che mi ha dato\u00bb.&#13;<br \/>\n&#13;<br \/>\nLa vita privata&#13;<br \/>\n&#13;<\/p>\n<p>Paolo Ruffini \u00e8 fidanzato da quattro anni con Barbara.\u00a0\u00abMi piacerebbe diventare pap\u00e0, se dovesse accadere saremo felici. Ma \u00e8 un pensiero che dobbiamo ancora sedimentare\u00bb, ha spiegato parlando anche del rapporto con l&#8217;ex moglie Claudia:\u00a0\u00abOggi siamo in buoni rapporti, anche se all&#8217;inizio non \u00e8 stato facile raggiungere questo equilibrio. Lei mi disse &#8220;non \u00e8 che ti lascio, ti libero&#8221;. Grazie a lei ho imparato ad amare me stesso a vivere la libert\u00e0\u00bb. Alla fine Paolo si \u00e8 augurato di\u00a0\u00abtrovare traiettorie diverse nella vita\u00bb.<\/p>\n<p>                                &#13;<br \/>\n                &#13;<br \/>\n&#13;<br \/>\n                Ultimo aggiornamento: sabato 6 dicembre 2025, 17:58&#13;<br \/>\n                <br \/>&#13;<br \/>\n                &#13;<br \/>\n                  &#13;<br \/>\n                    &#13;<br \/>\n                        \u00a9 RIPRODUZIONE RISERVATA&#13;<\/p>\n<p>&#13;<\/p>\n<p>                    &#13;<\/p>\n","protected":false},"excerpt":{"rendered":"&#13; &#13; &#13; &#13; Paolo Ruffini \u00e8 tornato su Italia Uno dopo dieci anni. Il comico e attore,&hellip;\n","protected":false},"author":3,"featured_media":248554,"comment_status":"","ping_status":"","sticky":false,"template":"","format":"standard","meta":{"footnotes":""},"categories":[1451],"tags":[1621,1620,203,204,1537,90,89,42383,22838,22839],"class_list":{"0":"post-248553","1":"post","2":"type-post","3":"status-publish","4":"format-standard","5":"has-post-thumbnail","7":"category-celebrita","8":"tag-celebrita","9":"tag-celebrities","10":"tag-entertainment","11":"tag-intrattenimento","12":"tag-it","13":"tag-italia","14":"tag-italy","15":"tag-paolo-ruffini","16":"tag-silvia-toffanin","17":"tag-verissimo"},"share_on_mastodon":{"url":"https:\/\/pubeurope.com\/@it\/115673927720986699","error":""},"_links":{"self":[{"href":"https:\/\/www.europesays.com\/it\/wp-json\/wp\/v2\/posts\/248553","targetHints":{"allow":["GET"]}}],"collection":[{"href":"https:\/\/www.europesays.com\/it\/wp-json\/wp\/v2\/posts"}],"about":[{"href":"https:\/\/www.europesays.com\/it\/wp-json\/wp\/v2\/types\/post"}],"author":[{"embeddable":true,"href":"https:\/\/www.europesays.com\/it\/wp-json\/wp\/v2\/users\/3"}],"replies":[{"embeddable":true,"href":"https:\/\/www.europesays.com\/it\/wp-json\/wp\/v2\/comments?post=248553"}],"version-history":[{"count":0,"href":"https:\/\/www.europesays.com\/it\/wp-json\/wp\/v2\/posts\/248553\/revisions"}],"wp:featuredmedia":[{"embeddable":true,"href":"https:\/\/www.europesays.com\/it\/wp-json\/wp\/v2\/media\/248554"}],"wp:attachment":[{"href":"https:\/\/www.europesays.com\/it\/wp-json\/wp\/v2\/media?parent=248553"}],"wp:term":[{"taxonomy":"category","embeddable":true,"href":"https:\/\/www.europesays.com\/it\/wp-json\/wp\/v2\/categories?post=248553"},{"taxonomy":"post_tag","embeddable":true,"href":"https:\/\/www.europesays.com\/it\/wp-json\/wp\/v2\/tags?post=248553"}],"curies":[{"name":"wp","href":"https:\/\/api.w.org\/{rel}","templated":true}]}}