{"id":248572,"date":"2025-12-06T18:11:13","date_gmt":"2025-12-06T18:11:13","guid":{"rendered":"https:\/\/www.europesays.com\/it\/248572\/"},"modified":"2025-12-06T18:11:13","modified_gmt":"2025-12-06T18:11:13","slug":"piu-libri-piu-liberi-protesta-antifascista-degli-editori-stand-coperti-passaggio-al-bosco-non-siamo-un-movimento-politico","status":"publish","type":"post","link":"https:\/\/www.europesays.com\/it\/248572\/","title":{"rendered":"Pi\u00f9 libri pi\u00f9 liberi, protesta antifascista degli editori: stand coperti. \u00abPassaggio al bosco\u00bb: \u00abNon siamo un movimento politico\u00bb"},"content":{"rendered":"<p>    di<br \/>\n    Erica Dellapasqua<\/p>\n<p class=\"summary-art is-line-h-12\">Dopo la rinuncia di Zerocalcare, e la scelta del Comune di Roma di non partecipare alla conferenza di apertura, la mobilitazione delle case editrici<\/p>\n<p class=\"chapter-paragraph\">\u00ab<b>Non siamo un movimento<\/b> politico, siamo qui per svolgere il nostro lavoro. Rispondiamo questo a ogni contestazione politica. Faremo un comunicato a fine fiera. Questo \u00e8 il nostro catalogo. Buona fiera a tutti\u00bb. Lo ha detto l&#8217;<b>editore di Passaggio al Bosco<\/b>, Marco Scatarzi, al termine della contestazione delle case editrici oggi a \u00ab<b>Pi\u00f9 libri pi\u00f9 liberi<\/b>\u00bb, la fiera della piccola e media editoria organizzata alla Nuvola (Roma) che si \u00e8 aperta nel segno delle polemiche.<\/p>\n<p class=\"chapter-paragraph\">Alla vigilia dell&#8217;evento un&#8217;<b>ottantina di autori<\/b> avevano manifestato <b>dissenso <\/b>per la presenza di Passaggio al Bosco e i suoi <b>testi <\/b>giudicati <b>nazifascisti<\/b>. <a href=\"https:\/\/roma.corriere.it\/notizie\/cronaca\/25_dicembre_03\/zerocalcare-rinuncia-a-partecipare-alla-fiera-piu-libri-piu-liberi-per-la-presenza-tra-gli-stand-di-passaggio-al-bosco-6142ead7-fc4b-4450-814e-11472fae1xlk.shtml\" title=\"Zerocalcare rinuncia a partecipare alla fiera \u00abPi\u00f9 libri pi\u00f9 liberi\u00bb per la presenza tra gli stand di \u00abPassaggio al Bosco\u00bb\" rel=\"nofollow noopener\" target=\"_blank\">Zerocalcare, in particolare, aveva annunciato il ritiro<\/a> spiegando che \u00abnon si condividono gli spazi con i nazisti\u00bb, e pure<a href=\"https:\/\/roma.corriere.it\/notizie\/cronaca\/25_dicembre_04\/piu-libri-piu-liberi-dopo-le-polemiche-e-la-rinuncia-di-zerocalcare-il-comune-di-roma-diserta-la-conferenza-stampa-di-a16fceac-18de-4fce-9e25-04fc27cc1xlk.shtml\" title=\"\u00abPi\u00f9 libri pi\u00f9 liberi\u00bb, dopo le polemiche (e la rinuncia di Zerocalcare) il Comune di Roma diserta la conferenza stampa di presentazione\" rel=\"nofollow noopener\" target=\"_blank\"> il Comune di Roma aveva disertato la conferenza<\/a> stampa inaugurale (\u00abl\u2019antifascismo \u00e8 per noi un vincolo costituzionale\u00bb, aveva motivato l&#8217;assessore capitolino alla Cultura Smeriglio).    &#13;<br \/>\n&#13;<br \/>\n&#13;<br \/>\n&#13;<br \/>\n&#13;<br \/>\n&#13;<br \/>\n&#13;<br \/>\n&#13;<br \/>\n&#13;<br \/>\n&#13;<br \/>\n&#13;<br \/>\n&#13;<br \/>\n&#13;<br \/>\n&#13;<br \/>\n&#13;<br \/>\n&#13;<br \/>\n&#13;<br \/>\n&#13;<br \/>\n&#13;<br \/>\n&#13;<br \/>\n&#13;<br \/>\n&#13;<br \/>\n&#13;<br \/>\n&#13;<br \/>\n&#13;<br \/>\n&#13;<br \/>\n&#13;<br \/>\n&#13;<br \/>\n&#13;<br \/>\n&#13;<br \/>\n&#13;<br \/>\n&#13;<br \/>\n&#13;<br \/>\n&#13;<br \/>\n&#13;<br \/>\n&#13;<br \/>\n&#13;<br \/>\n&#13;<br \/>\n&#13;<br \/>\n&#13;<br \/>\n&#13;<br \/>\n&#13;<br \/>\n&#13;<br \/>\n&#13;<br \/>\n&#13;<br \/>\n&#13;<br \/>\n&#13;<br \/>\n&#13;<br \/>\n&#13;<br \/>\n&#13;<br \/>\n&#13;<br \/>\n&#13;<br \/>\n&#13;\n<\/p>\n<p>        <img decoding=\"async\" class=\"is_full_image\" loading=\"lazy\" alt=\"Pi\u00f9 libri pi\u00f9 liberi, protesta antifascista degli editori: stand coperti. \u00abPassaggio al bosco\u00bb: \u00abNon siamo un movimento politico\u00bb\" src=\"https:\/\/www.europesays.com\/it\/wp-content\/uploads\/2025\/12\/69344a5ee6bad.jpeg\" data-full-src=\"https:\/\/www.europesays.com\/it\/wp-content\/uploads\/2025\/12\/69344a5ee6bad.jpeg\"\/><\/p>\n<p>    La protesta anti-fascista<\/p>\n<p class=\"chapter-paragraph\">Oggi, 6 dicembre, \u00e8 continuata la protesta.\u00a0Alle 15 in punto molti degli espositori presenti, circa la met\u00e0, hanno aderito allo <b>sciopero <\/b>di <b>30 minuti<\/b> innalzando <b>teli sugli stand.<\/b> Durante l&#8217;iniziativa i partecipanti hanno intonato <b>Bella Ciao<\/b> e scandito slogan: \u00ab<b>Ora e sempre resistenza<\/b>\u00bb, \u00abVia i fascisti dalla fiera\u00bb.<\/p>\n<p class=\"chapter-paragraph\">Tra gli <b>editori<\/b> che hanno coperto i loro libri Altreconomia, Futura editrice, Bakemono Lab, Hoeplini, Nova Delphi Libri, Rfb Edizioni, Come si scrive una grande storia, Astarte edizioni, Caissa Italia, Robin &#8211; Biblioteca del Vascello, Fandango Libri, Settenove, Ianieri Edizioni, Beccogiallo Edizioni, Meltemi Editore, Coconino Press, Tic Edizioni, Editori Riuniti, Editori Laterza, Zolfo Editore, Laurana Editore, Textus Edizioni, Homo Scrivens, Arcadia Edizioni, Bibliotheka, Il Millimetro, Viella Edizioni, Fondazione Benetton Studi Ricerche, Voland, Lonely Planet, Emons, Red Star Press, Aboca Edizioni, Cina in Italia, Erickson, Lotta Comunista, Orecchio Acerbo.<\/p>\n<p class=\"chapter-paragraph\">In una riunione gli editori hanno esplicitato le loro posizioni chiedendo \u00ab<b>risposte dall&#8217;Aie<\/b>\u00bb e aggiungendo: \u00abNon accettiamo che la cultura fascista sia al pari delle altre\u00bb.<\/p>\n<p class=\"chapter-paragraph\">Tra gli interventi quello di <b>Matteo Tombolini<\/b>, di <b>Momo Edizioni<\/b>, che ha spiegato le ragioni della mobilitazione: \u00abLa nostra azione \u00e8 perch\u00e9 non vogliamo condividere uno spazio con chi non condivide valori democratici. Il nostro \u00e8 un messaggio ad Aie, altrimenti \u00e8 meglio chiuderla\u00bb.\u00a0Editori Laterza ha invece esposto un cartello con una citazione di Primo Levi: \u00abSe comprendere \u00e8 impossibile, conoscere \u00e8 necessario, perch\u00e9 ci\u00f2 che \u00e8 accaduto pu\u00f2 ritornare, le coscienze possono nuovamente essere sedotte ed oscurate; anche le nostre\u00bb.<\/p>\n<p>    Corteo di contestazione<\/p>\n<p class=\"chapter-paragraph\">Un <b>corteo <\/b>di <b>contestazione<\/b> ha poi attraversato i corridoi della fiera, con cori e slogan, raggiungendo il punto di massima tensione davanti allo stand di <a href=\"https:\/\/roma.corriere.it\/notizie\/cronaca\/25_dicembre_05\/lo-stand-di-passaggio-al-bosco-diventa-il-piu-ricercato-tra-i-604-presenti-alla-nuvola-8a177d02-3940-4877-b851-fc9a22cfdxlk.shtml\" title=\"Lo stand di \u00abPassaggio al bosco\u00bb diventa il pi\u00f9 ricercato tra i 604 presenti alla Nuvola\" rel=\"nofollow noopener\" target=\"_blank\">Passaggio al Bosco, anche oggi tra i pi\u00f9 visitati<\/a>. Qui si \u00e8 registrato un battibecco tra un manifestante e un cliente, subito rientrato. L&#8217;azione si \u00e8 conclusa con il grido \u00ab<b>Siamo tutti antifascisti<\/b>\u00bb e un lungo applauso dei presenti.<\/p>\n<p class=\"chapter-paragraph\">Terminata la protesta,<b> Fabio Del Giudice, direttore di \u00abPi\u00f9 libri pi\u00f9 liberi\u00bb<\/b>, ha commentato: \u00abQualunque manifestazione nel rispetto della legalit\u00e0 \u00e8 chiaramente ben accolta qui. \u00c8 evidente che si \u00e8 aperto un <b>dibattito <\/b>su un tema particolarmente delicato, che pone domande enormi che non sono solo nostre ma di tutti quelli che fanno eventi culturali. Usiamo quello che \u00e8 successo qua per aprire un dibattito serio sul tema partendo da un punto fermo, che tutti condividiamo: l&#8217;essere antifascisti\u00bb.\u00a0<\/p>\n<p class=\"is-mr-t-20 is-mr-b-20\"><b><br \/>\n                    <a href=\"https:\/\/roma.corriere.it\/?intcmp=Notizielocali_nd_010623_corriere_ss_roma\" target=\"_blank\" rel=\"nofollow noopener\">Vai a tutte le notizie di Roma<\/a><br \/>\n            <\/b><\/p>\n<p class=\"chapter-paragraph\"><b><a href=\"https:\/\/www.corriere.it\/newsletter\/?theme=52&amp;intcmp=NL-artic_nd_050624_corriere_ss_roma\" target=\"_blank\" rel=\"nofollow noopener\">Iscriviti alla newsletter di Corriere Roma<\/a><\/b><\/p>\n<p class=\"is-last-update\" datetime=\"2025-12-06T16:56:40+01:00\">6 dicembre 2025 ( modifica il 6 dicembre 2025 | 16:56)<\/p>\n<p class=\"is-copyright\">\n            \u00a9 RIPRODUZIONE RISERVATA\n        <\/p>\n","protected":false},"excerpt":{"rendered":"di Erica Dellapasqua Dopo la rinuncia di Zerocalcare, e la scelta del Comune di Roma di non partecipare&hellip;\n","protected":false},"author":3,"featured_media":248573,"comment_status":"","ping_status":"","sticky":false,"template":"","format":"standard","meta":{"footnotes":""},"categories":[79],"tags":[146689,146690,146691,500,108487,72307,2482,38650,727,145322,393,13582,877,41024,13416,146686,14,93,94,1644,2494,24876,30230,146687,145331,30236,18615,22017,1537,90,89,21921,16730,1609,53471,14037,2783,146688,7,15,2511,145311,332,3790,7700,494,987,27970,9677,2453,11,84,91,12,85,92,58529],"class_list":{"0":"post-248572","1":"post","2":"type-post","3":"status-publish","4":"format-standard","5":"has-post-thumbnail","7":"category-italia","8":"tag-aboca","9":"tag-aboca-edizioni","10":"tag-aboca-edizioni-cina","11":"tag-accaduto","12":"tag-aie","13":"tag-antifascisti","14":"tag-azione","15":"tag-bosco","16":"tag-case","17":"tag-case-editrici","18":"tag-comune","19":"tag-comune-roma","20":"tag-conferenza","21":"tag-contestazione","22":"tag-corteo","23":"tag-corteo-contestazione","24":"tag-cronaca","25":"tag-cronaca-italiana","26":"tag-cronacaitaliana","27":"tag-cultura","28":"tag-dibattito","29":"tag-editore","30":"tag-editori","31":"tag-editori-laterza","32":"tag-editrici","33":"tag-edizioni","34":"tag-fascista","35":"tag-fiera","36":"tag-it","37":"tag-italia","38":"tag-italy","39":"tag-laterza","40":"tag-liberi","41":"tag-libri","42":"tag-libri-liberi","43":"tag-mobilitazione","44":"tag-movimento","45":"tag-movimento-politico","46":"tag-news","47":"tag-notizie","48":"tag-passaggio","49":"tag-passaggio-bosco","50":"tag-politico","51":"tag-presenti","52":"tag-protesta","53":"tag-punto","54":"tag-roma","55":"tag-slogan","56":"tag-stand","57":"tag-tema","58":"tag-ultime-notizie","59":"tag-ultime-notizie-e-news-di-oggi","60":"tag-ultime-notizie-italia","61":"tag-ultimenotizie","62":"tag-ultimenotizieenewsdioggi","63":"tag-ultimenotizieitalia","64":"tag-zerocalcare"},"share_on_mastodon":{"url":"","error":"Validation failed: Text character limit of 500 exceeded"},"_links":{"self":[{"href":"https:\/\/www.europesays.com\/it\/wp-json\/wp\/v2\/posts\/248572","targetHints":{"allow":["GET"]}}],"collection":[{"href":"https:\/\/www.europesays.com\/it\/wp-json\/wp\/v2\/posts"}],"about":[{"href":"https:\/\/www.europesays.com\/it\/wp-json\/wp\/v2\/types\/post"}],"author":[{"embeddable":true,"href":"https:\/\/www.europesays.com\/it\/wp-json\/wp\/v2\/users\/3"}],"replies":[{"embeddable":true,"href":"https:\/\/www.europesays.com\/it\/wp-json\/wp\/v2\/comments?post=248572"}],"version-history":[{"count":0,"href":"https:\/\/www.europesays.com\/it\/wp-json\/wp\/v2\/posts\/248572\/revisions"}],"wp:featuredmedia":[{"embeddable":true,"href":"https:\/\/www.europesays.com\/it\/wp-json\/wp\/v2\/media\/248573"}],"wp:attachment":[{"href":"https:\/\/www.europesays.com\/it\/wp-json\/wp\/v2\/media?parent=248572"}],"wp:term":[{"taxonomy":"category","embeddable":true,"href":"https:\/\/www.europesays.com\/it\/wp-json\/wp\/v2\/categories?post=248572"},{"taxonomy":"post_tag","embeddable":true,"href":"https:\/\/www.europesays.com\/it\/wp-json\/wp\/v2\/tags?post=248572"}],"curies":[{"name":"wp","href":"https:\/\/api.w.org\/{rel}","templated":true}]}}