{"id":248597,"date":"2025-12-06T18:34:10","date_gmt":"2025-12-06T18:34:10","guid":{"rendered":"https:\/\/www.europesays.com\/it\/248597\/"},"modified":"2025-12-06T18:34:10","modified_gmt":"2025-12-06T18:34:10","slug":"temevo-di-morire-e-non-vedere-i-miei-figli-adulti","status":"publish","type":"post","link":"https:\/\/www.europesays.com\/it\/248597\/","title":{"rendered":"Temevo di morire e non vedere i miei figli adulti"},"content":{"rendered":"<p>Divulgatore scientifico tra i pi\u00f9 apprezzati del piccolo schermo, <strong>Alberto Angela<\/strong> \u00e8 una presenza lucida e rassicurante, che ha sempre fatto della <strong>cultura e della discrezione<\/strong> i propri punti forza. Eppure, nonostante in tv si mostri sempre estremamente calibrato e sicuro, il paleontologo italiano si \u00e8 trovato ad affrontare non poche difficolt\u00e0, <strong>temendo addirittura per la sua vita durante un rapimento<\/strong>: lo ha raccontato lui stesso in una recente intervista, in occasione del lancio del suo ultimo libro Cesare. La conquista dell\u2019eternit\u00e0.\n<\/p>\n<p>Il rapimento di Alberto Angela<\/p>\n<p><a href=\"https:\/\/dilei.it\/star-e-vip\/alberto-angela\/\" rel=\"nofollow noopener\" target=\"_blank\">Alberto Angela<\/a> torner\u00e0 su Rai1 il 25 dicembre con Stanotte a Torino,\u00a0e ha da poco pubblicato il libro Cesare. La conquista dell\u2019eternit\u00e0.\u00a0Un momento professionale particolarmente prolifico per il divulgatore scientifico pi\u00f9 famoso d\u2019Italia, che in una recente intervista si \u00e8 tuttavia sbottonato pi\u00f9 del solito anche <strong>sulla sua vita privata<\/strong>: al Corriere della Sera ha infatti parlato del rapporto con i figli e del momento pi\u00f9 buio della sua vita, legato ad un <strong>rapimento<\/strong>.<\/p>\n<p>Nel 2002, durante le riprese di Ulisse \u2013 Il Piacere della Scoperta,\u00a0Alberto Angela <strong>fu sequestrato in Niger<\/strong> insieme alla sua troupe da un gruppo di criminali. Un\u2019esperienza che lo ha profondamente segnato, e che il divulgatore scientifico ha definito <strong>un vero e proprio \u201cbivio\u201d<\/strong> della sua esistenza: \u201cHo pensato che sarei morto in quella pietraia e che <strong>non avrei mai visto i miei figli da adulti.<\/strong> Da una parte c\u2019era il buio, l\u2019idea della sofferenza di essere ucciso nel mezzo del deserto; dall\u2019altra la luce, la lucidit\u00e0 di tirar fuori le migliori capacit\u00e0\u201d, ha ricordato il giornalista.<\/p>\n<p>A salvarlo furono la sua <strong>diplomazia <\/strong>e l\u2019elaborazione\u00a0di una strategia lucida e vincente: \u201cLa via d\u2019uscita \u00e8 stata non dare loro un appiglio perch\u00e9 premessero il grilletto: <strong>devi farti vedere sicuro, deciso,<\/strong> devi essere un antagonista valido, paradossalmente devi far emergere in loro la stima nei tuoi confronti\u201d.<\/p>\n<p>Alberto Angela e il rapporto con i figli<\/p>\n<p>Alberto Angela \u00e8 <strong>pap\u00e0 di tre figli<\/strong>, avuti con la moglie <a href=\"https:\/\/dilei.it\/vip\/monica-moglie-alberto-angela\/703189\/\" rel=\"nofollow noopener\" target=\"_blank\">Monica<\/a>: Riccardo 27 anni, <a href=\"https:\/\/dilei.it\/vip\/edoardo-figlio-alberto-angela\/561537\/\" rel=\"nofollow noopener\" target=\"_blank\">Edoardo<\/a> 26 e Alessandro 21. I tre ragazzi hanno gi\u00e0 preso le loro strade, lasciando il nido materno: \u201c<strong>Solo quando se ne vanno<\/strong> ti accorgi del momento incredibile che hai vissuto eppure non sapevi di viverlo. I figli sono questo: un momento di quotidianit\u00e0 irripetibile, ma scopri che \u00e8 irripetibile quando non ci sono pi\u00f9. Consiglio a tutti di <strong>assaporare anche i litigi,<\/strong> anche i momenti meno semplici\u201d, ha confessato il conduttore.<\/p>\n<p>Equilibrato e diplomatico sul piccolo schermo, Alberto ha spiegato di esserlo anche come genitore, cercando di <strong>non imporre mai dei \u201cno\u201d gratuiti<\/strong> ai suoi ragazzi: \u201cAi figli, non bisogna mai dire quello che devono fare. \u00c8 sbagliatissimo. Fin da quando sono bambini <strong>bisogna anche spiegare i no, <\/strong>perch\u00e9 il no secco crea un muro\u201d.<\/p>\n<p>Cosa ha insegnato ai suoi tre figli? Lo spiega, come suo solito, con una metafora assolutamente calzante: \u201cIo <strong>gli ho dato le cartine di interpretazione stellare<\/strong>, poi sta a loro andare ai confini dell\u2019universo e fare le loro conquiste, le loro esplorazioni, le loro scoperte\u201d.<\/p>\n<p>Resta sempre aggiornata:\u00a0<a href=\"https:\/\/www.whatsapp.com\/channel\/0029Vb68mVyHVvTWezDm7d0R\" rel=\"nofollow noopener\" target=\"_blank\">iscriviti al nostro canale WhatsApp!<\/a><\/p>\n","protected":false},"excerpt":{"rendered":"Divulgatore scientifico tra i pi\u00f9 apprezzati del piccolo schermo, Alberto Angela \u00e8 una presenza lucida e rassicurante, che&hellip;\n","protected":false},"author":3,"featured_media":248598,"comment_status":"","ping_status":"","sticky":false,"template":"","format":"standard","meta":{"footnotes":""},"categories":[174],"tags":[215,203,204,1537,90,89,86],"class_list":{"0":"post-248597","1":"post","2":"type-post","3":"status-publish","4":"format-standard","5":"has-post-thumbnail","7":"category-intrattenimento","8":"tag-alberto-angela","9":"tag-entertainment","10":"tag-intrattenimento","11":"tag-it","12":"tag-italia","13":"tag-italy","14":"tag-vip"},"share_on_mastodon":{"url":"https:\/\/pubeurope.com\/@it\/115674065456282887","error":""},"_links":{"self":[{"href":"https:\/\/www.europesays.com\/it\/wp-json\/wp\/v2\/posts\/248597","targetHints":{"allow":["GET"]}}],"collection":[{"href":"https:\/\/www.europesays.com\/it\/wp-json\/wp\/v2\/posts"}],"about":[{"href":"https:\/\/www.europesays.com\/it\/wp-json\/wp\/v2\/types\/post"}],"author":[{"embeddable":true,"href":"https:\/\/www.europesays.com\/it\/wp-json\/wp\/v2\/users\/3"}],"replies":[{"embeddable":true,"href":"https:\/\/www.europesays.com\/it\/wp-json\/wp\/v2\/comments?post=248597"}],"version-history":[{"count":0,"href":"https:\/\/www.europesays.com\/it\/wp-json\/wp\/v2\/posts\/248597\/revisions"}],"wp:featuredmedia":[{"embeddable":true,"href":"https:\/\/www.europesays.com\/it\/wp-json\/wp\/v2\/media\/248598"}],"wp:attachment":[{"href":"https:\/\/www.europesays.com\/it\/wp-json\/wp\/v2\/media?parent=248597"}],"wp:term":[{"taxonomy":"category","embeddable":true,"href":"https:\/\/www.europesays.com\/it\/wp-json\/wp\/v2\/categories?post=248597"},{"taxonomy":"post_tag","embeddable":true,"href":"https:\/\/www.europesays.com\/it\/wp-json\/wp\/v2\/tags?post=248597"}],"curies":[{"name":"wp","href":"https:\/\/api.w.org\/{rel}","templated":true}]}}