{"id":248814,"date":"2025-12-06T22:02:16","date_gmt":"2025-12-06T22:02:16","guid":{"rendered":"https:\/\/www.europesays.com\/it\/248814\/"},"modified":"2025-12-06T22:02:16","modified_gmt":"2025-12-06T22:02:16","slug":"ciclocross-world-cup-terza-tappa-in-sardegna-programma-e-dove-vederla","status":"publish","type":"post","link":"https:\/\/www.europesays.com\/it\/248814\/","title":{"rendered":"Ciclocross World Cup, terza tappa in Sardegna. Programma e dove vederla"},"content":{"rendered":"<p>                                Ci saranno 9 delegazioni. Si correr\u00e0 a Terralba, dopo il maltempo dell&#8217;anno scorso. L&#8217;Italia schiera Casasola, Borello e Bertolini. Rientra anche Agostinacchio<\/p>\n<p>                    6 dicembre &#8211; 19:32  &#8211; MILANO<\/p>\n<p class=\"paragraph\" spellcheck=\"true\">Domenica 7 dicembre 2025 andr\u00e0 in scena la terza tappa della UCI Cyclo-Cross World Cup. Ci sranno Atleti e staff provenienti da 9 nazioni \u2013 Italia (la delegazione pi\u00f9 numerosa), Paesi Bassi, Belgio, Francia, Germania, Albania, Lussemburgo, Canada e Usa. L&#8217;organizzazione ha confermato per il 2025 un tracciato immerso in un contesto naturale unico, perfettamente in linea con gli standard tecnici pi\u00f9 moderni del ciclocross. Si correr\u00e0 infatti nella localit\u00e0 di Marcedd\u00ec, a Terralba (Oristano), dopo che l&#8217;anno scorso l&#8217;evento era stato annullato per via del maltempo.\u00a0La Sardegna ospita cos\u00ec per la seconda volta una prova del massimo circuito internazionale, collocata quest\u2019anno tra Flamanville e Namur.<\/p>\n<p>    il programma e dove seguire la tappa\u2014 \u00a0<\/p>\n<p class=\"paragraph is-inline\" spellcheck=\"true\">\u00a0Il programma prevede sabato 6 dicembre le ispezioni Uci, le prove ufficiali e la conferma dei partenti. Domenica 7 dicembre si entrer\u00e0 nel vivo con le prove sul percorso e le due gare di Coppa del Mondo, accompagnate dalle cerimonie protocollari. Sul fronte mediatico, in Italia le gare saranno trasmesse in diretta su RaiPlay (RaiPlay Sport 3), oltre che su Discovery+ ed Eurosport, con una programmazione che accompagner\u00e0 gli appassionati per tutto il pomeriggio: alle 13.30 la prova Women Elite, seguita alle 15.00 dalla Men Elite. La manifestazione andr\u00e0 anche in differita luned\u00ec 8 Dicembre dalle 10 alle 13 su Raisport. All\u2019estero la copertura sar\u00e0 prevista tramite Eurosport, HBO Max Discovery, Flobikes, Pickx + Sports, Telenet PlaySports.\u00a0<\/p>\n<p>    i protagonisti\u2014 \u00a0<\/p>\n<p class=\"paragraph is-inline\" spellcheck=\"true\">Tra le donne spiccano la leader di Coppa Aniek Van Alphen, Lucinda Brand, Shirin Van Anrooij, la rientrante Ceylin Alvarado e l\u2019azzurra Sara Casasola. In campo maschile riflettori puntati sul campione d\u2019Europa Toon Aerts, Michael Vanthourenhout, Laurens Sweeck , Joris Nieuwenhuis e Niels Vandeputte. L\u2019Italia schiera oltre a Sara Casasola, anche i due campioni italiani Carlotta Borello e Gioele Bertolini, da segnalare anche il rientro in campo internazionale di Filippo Agostinacchio, vice campione Europeo under 23 lo scorso anno.<\/p>\n<p class=\"is-above-copyright is-mr-r-10\" spellcheck=\"true\">La Gazzetta dello Sport<\/p>\n<p class=\"is-copyright\">\u00a9 RIPRODUZIONE RISERVATA<\/p>\n","protected":false},"excerpt":{"rendered":"Ci saranno 9 delegazioni. Si correr\u00e0 a Terralba, dopo il maltempo dell&#8217;anno scorso. L&#8217;Italia schiera Casasola, Borello e&hellip;\n","protected":false},"author":3,"featured_media":248815,"comment_status":"","ping_status":"","sticky":false,"template":"","format":"standard","meta":{"footnotes":""},"categories":[1456],"tags":[74824,5831,146773,134807,1953,921,146772,1824,21184,4297,70788,4299,1825,1888,14726,1112,146774,17531,14730,1837,832,1537,90,146775,146776,89,437,897,4696,245,244,2218],"class_list":{"0":"post-248814","1":"post","2":"type-post","3":"status-publish","4":"format-standard","5":"has-post-thumbnail","7":"category-ciclismo","8":"tag-agostinacchio","9":"tag-andra","10":"tag-bertolini","11":"tag-borello","12":"tag-campione","13":"tag-campo","14":"tag-casasola","15":"tag-ciclismo","16":"tag-ciclocross","17":"tag-coppa","18":"tag-correra","19":"tag-cup","20":"tag-cycling","21":"tag-dicembre","22":"tag-discovery","23":"tag-domenica","24":"tag-domenica-dicembre","25":"tag-elite","26":"tag-eurosport","27":"tag-gare","28":"tag-internazionale","29":"tag-it","30":"tag-italia","31":"tag-italia-schiera","32":"tag-italia-schiera-casasola","33":"tag-italy","34":"tag-maltempo","35":"tag-programma","36":"tag-prova","37":"tag-sport","38":"tag-sports","39":"tag-tappa"},"share_on_mastodon":{"url":"https:\/\/pubeurope.com\/@it\/115674883230168712","error":""},"_links":{"self":[{"href":"https:\/\/www.europesays.com\/it\/wp-json\/wp\/v2\/posts\/248814","targetHints":{"allow":["GET"]}}],"collection":[{"href":"https:\/\/www.europesays.com\/it\/wp-json\/wp\/v2\/posts"}],"about":[{"href":"https:\/\/www.europesays.com\/it\/wp-json\/wp\/v2\/types\/post"}],"author":[{"embeddable":true,"href":"https:\/\/www.europesays.com\/it\/wp-json\/wp\/v2\/users\/3"}],"replies":[{"embeddable":true,"href":"https:\/\/www.europesays.com\/it\/wp-json\/wp\/v2\/comments?post=248814"}],"version-history":[{"count":0,"href":"https:\/\/www.europesays.com\/it\/wp-json\/wp\/v2\/posts\/248814\/revisions"}],"wp:featuredmedia":[{"embeddable":true,"href":"https:\/\/www.europesays.com\/it\/wp-json\/wp\/v2\/media\/248815"}],"wp:attachment":[{"href":"https:\/\/www.europesays.com\/it\/wp-json\/wp\/v2\/media?parent=248814"}],"wp:term":[{"taxonomy":"category","embeddable":true,"href":"https:\/\/www.europesays.com\/it\/wp-json\/wp\/v2\/categories?post=248814"},{"taxonomy":"post_tag","embeddable":true,"href":"https:\/\/www.europesays.com\/it\/wp-json\/wp\/v2\/tags?post=248814"}],"curies":[{"name":"wp","href":"https:\/\/api.w.org\/{rel}","templated":true}]}}