{"id":248854,"date":"2025-12-06T22:38:36","date_gmt":"2025-12-06T22:38:36","guid":{"rendered":"https:\/\/www.europesays.com\/it\/248854\/"},"modified":"2025-12-06T22:38:36","modified_gmt":"2025-12-06T22:38:36","slug":"sanremo-2026-dal-debutto-di-paradiso-ai-ritorni-di-renga-e-patty-pravo","status":"publish","type":"post","link":"https:\/\/www.europesays.com\/it\/248854\/","title":{"rendered":"Sanremo 2026, dal debutto di Paradiso ai ritorni di Renga e Patty Pravo"},"content":{"rendered":"<p><a href=\"https:\/\/www.lapresse.it\/\" rel=\"nofollow noopener\" target=\"_blank\">Home<\/a> &gt; <a href=\"https:\/\/www.lapresse.it\/spettacoli\/\" rel=\"nofollow noopener\" target=\"_blank\">Spettacoli<\/a> &gt; <a href=\"https:\/\/www.lapresse.it\/spettacoli\/musica\/\" rel=\"nofollow noopener\" target=\"_blank\">Musica<\/a> &gt; Sanremo 2026, dal debutto di Paradiso ai ritorni di Renga e Patty Pravo<\/p>\n<p class=\"wp-block-post-excerpt__excerpt\">Un Festival tra novit\u00e0 ed evergreen <\/p>\n<p><strong>Trenta voci, trenta storie<\/strong>, trenta modi diversi di interpretare la musica. Dalla \u2018cucina\u2019 sanremese di Carlo Conti esce un \u2018piatto\u2019 che, tra ritorni eccellenti, attesi debutti e sfide generazionali, appare votato a soddisfare trasversalmente i gusti del pubblico e le esigenze del mercato discografico.<br \/>A saltare subito all\u2019occhio \u00e8<strong> l\u2019esordio di Tommaso Paradiso<\/strong>. Il suo nome, a lungo atteso dai fan e non solo, fa adesso la sua apparizione a Sanremo, portandosi dietro le grandi aspettative degli amanti dell\u2019indie-pop di scuola romana, a cui il palco dell\u2019Ariston ha gi\u00e0 regalato tante soddisfazioni negli ultimi anni. Come lui, anche <strong>Fulminacci <\/strong>porta in riviera la nuova scuola cantautorale capitolina, ma per Filippo Uttinacci si tratta di un ritorno dopo il Festival del 2021 e il duetto con Gazzelle del 2024. <\/p>\n<p>I ritorni di Raf, Fedez con Masini, Ermal Meta<\/p>\n<p>Un altro nome carissimo al pubblico italiano \u00e8 sicuramente <strong>quello di Raf<\/strong>, che torna dieci anni dopo la sua ultima partecipazione, con \u2018Come una favola\u2019, e a 38 dal suo esordio, con quello che sarebbe poi diventato un classicone: \u2018Inevitabile follia\u2019. L\u2019edizione 2026 del Festival vede anche il ritorno, stavolta in gara, di quella che alla vigilia dell\u2019esibizione dello scorso anno apparve un po\u2019 come la strana coppia, <strong>Fedez e Masini<\/strong>. La loro \u2018Bella stronza\u2019, \u2018ripulita\u2019 e reinterpretata in chiave moderna, intrisa di riferimenti pi\u00f9 o meno velati alla vita privata del rapper di Buccinasco, ha ottenuto un grandissimo riscontro, ed \u00e8 naturale l\u2019attesa per quello che i due porteranno sul palco dove Masini trionf\u00f2 ormai 21 anni fa con \u2018L\u2019uomo volante\u2019.<br \/>Un altro ex vincitore di Sanremo che torna in gara \u00e8 <strong>Ermal Meta<\/strong>, otto anni dopo il brano \u2018Non mi avete fatto niente\u2019 che lo vide conquistare la vittoria con Fabrizio Moro. Meta ha sempre fatto bene all\u2019Ariston, con i due terzi posti di \u2018Vietato morire\u2019 e \u2018Odio le favole\u2019. C\u2019\u00e8 poi l\u2019interessante esordio da solista di J-Ax, dopo il debutto assoluto (con un anonimo 16esimo posto) del 2023, quando il rapper venne con gli Articolo 31.<\/p>\n<p>L\u2019attesa per Arisa e Malika Ayane<\/p>\n<p>Conferma poi il suo attaccamento al palco dell\u2019Ariston <strong>Arisa<\/strong>. Diciassette anni dopo quel \u2018Sincerit\u00e0\u2019 che le diede la vittoria tra le \u2018Nuove Proposte\u2019, Arisa torna in gara per l\u2019ottava volta.<br \/>A <strong>Serena Brancale <\/strong>un anno fa la classifica finale sentenzi\u00f2: 24esimo posto. Un risultato che sarebbe stato poi smentito dagli straordinari numeri degli streaming del brano \u2018Anema e core\u2019. La musicista pugliese torna all\u2019Ariston con il desiderio di bissare il successo degli ultimi dodici mesi, aggiungendo la soddisfazione, chiss\u00e0, di un posto migliore in classifica. Al Festival 2026 sar\u00e0 possibile riscoltare anche l\u2019inconfondibile timbro di <strong>Malika Ayane<\/strong>, che ritorna dopo cinque anni dall\u2019ultima apparizione con \u2018Ti piaci cos\u00ec\u2019. Il brano non and\u00f2 oltre la 15esima piazza, per un\u2019artista che nelle quattro precedenti esibizioni aveva sempre ben figurato.<\/p>\n<p>Francesco Renga ci riprova<\/p>\n<p>Recordman di partecipazioni e trionfatore nel 2005 con \u2018Angelo\u2019, <strong>Francesco Renga<\/strong> ci riprova due anni dopo il 25esimo posto in compagnia di Nek con il brano \u2018Pazzo di te\u2019. Ha deciso di mettersi su un bel banco di prova, dopo il grandissimo successo degli ultimi due anni con \u2018Rossetto e caff\u00e8\u2019, anche <strong>Sal Da Vinci<\/strong>. Il cantante italo-americano, che l\u2019anno scorso si esib\u00ec all\u2019Ariston ospite dei The Kolors, esord\u00ec al Festival nel 2009 ottenendo un ottimo terzo posto con \u2018Non riesco a farti innamorare\u2019. Ha alle spalle una partecipazione in gara nel 2020 e una co-conduzione nel 2025 invece <strong>Elettra Lamborghini<\/strong>, il cui nome \u00e8 da sempre sinonimo di ritmo e simpatia. In quota \u2018figli d\u2019arte\u2019, quest\u2019anno sar\u00e0 la volta di <strong>Tredici Pietro<\/strong>, figlio di Gianni Morandi, e <strong>Leo Gassman<\/strong>, con quest\u2019ultimo che \u2013 reduce dal grande apprezzamento per l\u2019interpretazione di Franco Califano nel biopic sul Califfo \u2013 ha gi\u00e0 assaporato la vittoria al Festival tra le Nuove proposte nel 2020 con \u2018Vai bene cos\u00ec\u2019. Da Michele Bravi a Dargen D\u2019Amico, da <strong>Ditonellapiaga <\/strong>\u2013 la sua \u2018Chimica\u2019 del 2022 in duetto Donatella Rettore \u00e8 ancora oggi tormentone -, a <strong>Levante <\/strong>e <strong>Mara Sattei<\/strong>, passando per tanti giovani di bellissime speranze, il Festival messo a punto da Carlo Conti conferma la costante ricerca del direttore artistico di contaminazioni narrative e personali che riflettono un settore in continua trasformazione, sospeso tra il peso della tradizione e l\u2019urgenza delle nuove tendenze.<\/p>\n<p>Torna Patty Pravo, l\u2019eterna ragazza del Piper<\/p>\n<p>A chiudere il parterre, quasi come un sigillo di garanzia al Festival 2026, \u00e8 <strong>Patty Pravo<\/strong>. L\u2019eterna ragazza del \u2018Piper\u2019, gi\u00e0 vincitrice di <strong>quattro premi della Critica<\/strong> (record), ma mai della classifica finale, ritrova l\u2019Ariston per la decima volta, e quale miglior modo di un successo per festeggiare una carriera che l\u2019anno venturo taglier\u00e0 proprio il traguardo dei 60 anni? Lo decider\u00e0 Sanremo. Del resto si sa, <strong>Sanremo \u00e8 Sanremo.<\/strong><\/p>\n","protected":false},"excerpt":{"rendered":"Home &gt; Spettacoli &gt; Musica &gt; Sanremo 2026, dal debutto di Paradiso ai ritorni di Renga e Patty&hellip;\n","protected":false},"author":3,"featured_media":248855,"comment_status":"","ping_status":"","sticky":false,"template":"","format":"standard","meta":{"footnotes":""},"categories":[1443],"tags":[203,204,1537,90,89,1538,1539],"class_list":{"0":"post-248854","1":"post","2":"type-post","3":"status-publish","4":"format-standard","5":"has-post-thumbnail","7":"category-musica","8":"tag-entertainment","9":"tag-intrattenimento","10":"tag-it","11":"tag-italia","12":"tag-italy","13":"tag-music","14":"tag-musica"},"share_on_mastodon":{"url":"https:\/\/pubeurope.com\/@it\/115675024866500871","error":""},"_links":{"self":[{"href":"https:\/\/www.europesays.com\/it\/wp-json\/wp\/v2\/posts\/248854","targetHints":{"allow":["GET"]}}],"collection":[{"href":"https:\/\/www.europesays.com\/it\/wp-json\/wp\/v2\/posts"}],"about":[{"href":"https:\/\/www.europesays.com\/it\/wp-json\/wp\/v2\/types\/post"}],"author":[{"embeddable":true,"href":"https:\/\/www.europesays.com\/it\/wp-json\/wp\/v2\/users\/3"}],"replies":[{"embeddable":true,"href":"https:\/\/www.europesays.com\/it\/wp-json\/wp\/v2\/comments?post=248854"}],"version-history":[{"count":0,"href":"https:\/\/www.europesays.com\/it\/wp-json\/wp\/v2\/posts\/248854\/revisions"}],"wp:featuredmedia":[{"embeddable":true,"href":"https:\/\/www.europesays.com\/it\/wp-json\/wp\/v2\/media\/248855"}],"wp:attachment":[{"href":"https:\/\/www.europesays.com\/it\/wp-json\/wp\/v2\/media?parent=248854"}],"wp:term":[{"taxonomy":"category","embeddable":true,"href":"https:\/\/www.europesays.com\/it\/wp-json\/wp\/v2\/categories?post=248854"},{"taxonomy":"post_tag","embeddable":true,"href":"https:\/\/www.europesays.com\/it\/wp-json\/wp\/v2\/tags?post=248854"}],"curies":[{"name":"wp","href":"https:\/\/api.w.org\/{rel}","templated":true}]}}