{"id":249326,"date":"2025-12-07T07:12:12","date_gmt":"2025-12-07T07:12:12","guid":{"rendered":"https:\/\/www.europesays.com\/it\/249326\/"},"modified":"2025-12-07T07:12:12","modified_gmt":"2025-12-07T07:12:12","slug":"liverpool-slot-scarica-salah-e-i-tifosi-romanisti-sognano-torna-a-casa-momo","status":"publish","type":"post","link":"https:\/\/www.europesays.com\/it\/249326\/","title":{"rendered":"Liverpool, Slot scarica Salah e i tifosi romanisti sognano: \u201cTorna a casa Momo\u2026\u201d"},"content":{"rendered":"<p>Terza panchina consecutiva per l&#8217;egiziano. Intanto sui social i tifosi giallorossi si sono scatenati&#8230;<\/p>\n<p>Il momento di crisi del <strong>Liverpool<\/strong> continua e nel pomeriggio i Reds hanno pareggiato in casa del <strong>Leeds<\/strong>. Tra le questioni pi\u00f9 discusse, ovviamente, c&#8217;\u00e8 la <strong>terza panchina consecutiva<\/strong> per Mohamed <strong>Salah<\/strong>, che nonostante la stagione da top dello scorso anno per Arne Slot non \u00e8 certo inamovibile. L&#8217;attaccante egiziano, con un&#8217;intervista choc, ha rivelato tutta la sua frustrazione ammettendo a Tv 2 sport: &#8220;<strong>Non posso credere che io stia 90 minuti in panchina. Per 3 volte di fila sono stato messo in panchina, \u00e8 la prima volta che mi succede in carriera<\/strong>. Ho fatto cos\u00ec tanto per questo club, soprattutto nella scorsa stagione. Non so perch\u00e9 io stia in panchina, mi sembra che il club mi stia buttando sotto il bus, \u00e8 cos\u00ec che mi sento.\u00a0Slot? \u201cHo sempre detto di avere un buon rapporto con lui, al all\u2019improvviso non c\u2019\u00e8 pi\u00f9. Sembra che qualcuno non mi voglia pi\u00f9 nel club\u201d. Tra i <strong>tanti commenti sui social<\/strong>, spiccano anche quelli dei tifosi romanisti, rimasti molto legati all&#8217;attaccante ceduto nel 2017 al Liverpool, in cui si legge : &#8220;<strong>Torna a casa Momo<\/strong>&#8220;. Di certo l&#8217;affare non \u00e8 semplice, ma se dovesse continuare cos\u00ec Salah potrebbe cercare <strong>un&#8217;altra casa gi\u00e0 a gennaio<\/strong>&#8230;<\/p>\n<p class=\"is-copyright\">\u00a9 RIPRODUZIONE RISERVATA<\/p>\n","protected":false},"excerpt":{"rendered":"Terza panchina consecutiva per l&#8217;egiziano. Intanto sui social i tifosi giallorossi si sono scatenati&#8230; Il momento di crisi&hellip;\n","protected":false},"author":3,"featured_media":249327,"comment_status":"","ping_status":"","sticky":false,"template":"","format":"standard","meta":{"footnotes":""},"categories":[1452],"tags":[562,721,554,12045,17398,1740,1537,90,89,3978,30941,3484,146994,47931,34110,42820,1739,1686,245,244,6035],"class_list":{"0":"post-249326","1":"post","2":"type-post","3":"status-publish","4":"format-standard","5":"has-post-thumbnail","7":"category-calcio","8":"tag-attaccante","9":"tag-calcio","10":"tag-club","11":"tag-consecutiva","12":"tag-egiziano","13":"tag-football","14":"tag-it","15":"tag-italia","16":"tag-italy","17":"tag-liverpool","18":"tag-momo","19":"tag-panchina","20":"tag-panchina-consecutiva","21":"tag-romanisti","22":"tag-salah","23":"tag-slot","24":"tag-soccer","25":"tag-social","26":"tag-sport","27":"tag-sports","28":"tag-tifosi"},"share_on_mastodon":{"url":"https:\/\/pubeurope.com\/@it\/115677045990255765","error":""},"_links":{"self":[{"href":"https:\/\/www.europesays.com\/it\/wp-json\/wp\/v2\/posts\/249326","targetHints":{"allow":["GET"]}}],"collection":[{"href":"https:\/\/www.europesays.com\/it\/wp-json\/wp\/v2\/posts"}],"about":[{"href":"https:\/\/www.europesays.com\/it\/wp-json\/wp\/v2\/types\/post"}],"author":[{"embeddable":true,"href":"https:\/\/www.europesays.com\/it\/wp-json\/wp\/v2\/users\/3"}],"replies":[{"embeddable":true,"href":"https:\/\/www.europesays.com\/it\/wp-json\/wp\/v2\/comments?post=249326"}],"version-history":[{"count":0,"href":"https:\/\/www.europesays.com\/it\/wp-json\/wp\/v2\/posts\/249326\/revisions"}],"wp:featuredmedia":[{"embeddable":true,"href":"https:\/\/www.europesays.com\/it\/wp-json\/wp\/v2\/media\/249327"}],"wp:attachment":[{"href":"https:\/\/www.europesays.com\/it\/wp-json\/wp\/v2\/media?parent=249326"}],"wp:term":[{"taxonomy":"category","embeddable":true,"href":"https:\/\/www.europesays.com\/it\/wp-json\/wp\/v2\/categories?post=249326"},{"taxonomy":"post_tag","embeddable":true,"href":"https:\/\/www.europesays.com\/it\/wp-json\/wp\/v2\/tags?post=249326"}],"curies":[{"name":"wp","href":"https:\/\/api.w.org\/{rel}","templated":true}]}}