{"id":249921,"date":"2025-12-07T15:46:17","date_gmt":"2025-12-07T15:46:17","guid":{"rendered":"https:\/\/www.europesays.com\/it\/249921\/"},"modified":"2025-12-07T15:46:17","modified_gmt":"2025-12-07T15:46:17","slug":"lautaro-premio-aic-lo-meritava-anche-thuram-pochi-gol-dei-bomber","status":"publish","type":"post","link":"https:\/\/www.europesays.com\/it\/249921\/","title":{"rendered":"Lautaro: &#8220;Premio Aic? Lo meritava anche Thuram. Pochi gol dei bomber&#8230;&#8221;"},"content":{"rendered":"<p>Il giocatore nerazzurro, premiato in settimana come miglior attaccante della scorsa stagione, ha parlato anche del campionato sui profili social dell&#8217;Assocalciatori<\/p>\n<p>Aveva segnato una doppietta al Pisa prima di ritirare il premio AIC come miglior attaccante della scorsa stagione. <a href=\"https:\/\/www.fcinter1908.it\/news\/interviste\/inter-como-chivu-alibi\/\" rel=\"nofollow noopener\" target=\"_blank\"><strong>Lautaro Martinez<\/strong><\/a> ha parlato del premio ricevuto proprio in un&#8217;intervista concessa all&#8217;Associazione Calciatori. \u00abPerch\u00e9 \u00e8 importante questo premio? Perch\u00e9 a votare sono i calciatori. Fa grande piacere. Siamo sempre avversari e ovviamente ognuno difende la sua squadra, ma essere votato dai colleghi fa sempre piacere anche perch\u00e9 sono qui al secondo anno consecutivo\u00bb.<\/p>\n<p>Sicuramente ce ne sono tanti, che hanno fatto una grande stagione. Credo che anche Marcus (Thuram.ndr) lo meritava, magari al posto mio (sorride.ndr). Ma ci sono tanti giocatori bravi in Serie A che dobbiamo tenerci stretti.\u00a0<\/p>\n<p><strong>-Classifica marcatori attuali: pochi gol dei bomber. Perch\u00e9?\u00a0<\/strong><\/p>\n<p>Il campionato italiano \u00e8 sempre difficile da affrontare. Ogni anno che passa le squadre si conoscono di pi\u00f9, ci sono giocatori che giocano tanti anni nello stesso campionato per\u00f2 in questo momento anche la classifica generale \u00e8 un po&#8217; strana con 4-5 squadre ad un punto. Sar\u00e0 una stagione divertente nella quale tutti dovranno dare il massimo e dovremo tutti essere concentrati fino all&#8217;ultimo.<\/p>\n<p><strong>-Quando eri bambino chi avresti premiato?<\/strong><\/p>\n<p>Diego Milito, sicuramente. Perch\u00e9 quando sono arrivato in Argentina al Racing mi ha adottato. Mi ha dato i suoi consigli e mi ha dato il suo supporto. Lo fa ancora oggi e ogni tanto ci sentiamo e gli mando un saluto grande.<\/p>\n<p class=\"is-copyright\">\u00a9 RIPRODUZIONE RISERVATA<\/p>\n","protected":false},"excerpt":{"rendered":"Il giocatore nerazzurro, premiato in settimana come miglior attaccante della scorsa stagione, ha parlato anche del campionato sui&hellip;\n","protected":false},"author":3,"featured_media":249922,"comment_status":"","ping_status":"","sticky":false,"template":"","format":"standard","meta":{"footnotes":""},"categories":[1452],"tags":[29805,147336,562,147337,147338,3318,1952,721,1856,1932,1277,1740,3412,1537,90,89,4513,776,1739,245,244,577,5248],"class_list":{"0":"post-249921","1":"post","2":"type-post","3":"status-publish","4":"format-standard","5":"has-post-thumbnail","7":"category-calcio","8":"tag-aic","9":"tag-assocalciatori","10":"tag-attaccante","11":"tag-attaccante-scorsa","12":"tag-attaccante-scorsa-stagione","13":"tag-bomber","14":"tag-calciatori","15":"tag-calcio","16":"tag-campionato","17":"tag-classifica","18":"tag-dato","19":"tag-football","20":"tag-giocatori","21":"tag-it","22":"tag-italia","23":"tag-italy","24":"tag-premiato","25":"tag-premio","26":"tag-soccer","27":"tag-sport","28":"tag-sports","29":"tag-stagione","30":"tag-tanti"},"share_on_mastodon":{"url":"https:\/\/pubeurope.com\/@it\/115679067197623969","error":""},"_links":{"self":[{"href":"https:\/\/www.europesays.com\/it\/wp-json\/wp\/v2\/posts\/249921","targetHints":{"allow":["GET"]}}],"collection":[{"href":"https:\/\/www.europesays.com\/it\/wp-json\/wp\/v2\/posts"}],"about":[{"href":"https:\/\/www.europesays.com\/it\/wp-json\/wp\/v2\/types\/post"}],"author":[{"embeddable":true,"href":"https:\/\/www.europesays.com\/it\/wp-json\/wp\/v2\/users\/3"}],"replies":[{"embeddable":true,"href":"https:\/\/www.europesays.com\/it\/wp-json\/wp\/v2\/comments?post=249921"}],"version-history":[{"count":0,"href":"https:\/\/www.europesays.com\/it\/wp-json\/wp\/v2\/posts\/249921\/revisions"}],"wp:featuredmedia":[{"embeddable":true,"href":"https:\/\/www.europesays.com\/it\/wp-json\/wp\/v2\/media\/249922"}],"wp:attachment":[{"href":"https:\/\/www.europesays.com\/it\/wp-json\/wp\/v2\/media?parent=249921"}],"wp:term":[{"taxonomy":"category","embeddable":true,"href":"https:\/\/www.europesays.com\/it\/wp-json\/wp\/v2\/categories?post=249921"},{"taxonomy":"post_tag","embeddable":true,"href":"https:\/\/www.europesays.com\/it\/wp-json\/wp\/v2\/tags?post=249921"}],"curies":[{"name":"wp","href":"https:\/\/api.w.org\/{rel}","templated":true}]}}