{"id":25021,"date":"2025-08-03T00:37:18","date_gmt":"2025-08-03T00:37:18","guid":{"rendered":"https:\/\/www.europesays.com\/it\/25021\/"},"modified":"2025-08-03T00:37:18","modified_gmt":"2025-08-03T00:37:18","slug":"chi-nella-4x100-mista-dellitalia-rebus-ceccon-definito-ci-sara-un-anello-debole","status":"publish","type":"post","link":"https:\/\/www.europesays.com\/it\/25021\/","title":{"rendered":"Chi nella 4&#215;100 mista dell&#8217;Italia? Rebus Ceccon definito, ci sar\u00e0 un anello debole"},"content":{"rendered":"<p>Tutto molto chiaro. Non ci saranno sorprese domani nella composizione della <strong>4\u00d7100 mista maschile che prender\u00e0 parte all\u2019ultima giornata di gare dei Mondiali 2025 di nuoto in vasca lunga a Singapore.<\/strong> Nella World Aquatics Championships Arena, il quartetto che cercher\u00e0 di salire sul podio punter\u00e0 sui campioni olimpici in carica delle rispettive distanze, <strong>Thomas Ceccon (dorso) e Nicol\u00f2 Martinenghi (rana). A completare il poker saranno Federico Burdisso (farfalla) e Carlos D\u2019Ambrosio (stile libero)<\/strong>.<\/p>\n<p><strong>Il dubbio si era posto in merito alla composizione del quartetto<\/strong>, viste <strong>le prestazioni di Ceccon a farfalla<\/strong>, citando il <strong>50.42 nuotato in semifinale mondiale<\/strong>, tempo grazie a cui ha conquistato l\u2019accesso alla finale odierna, conclusa in ottava posizione con un sensibile peggioramento del tempo (51.12).<\/p>\n<p><strong>\u00c8 stato proprio Thomas a fugare qualunque dubbio, a domanda diretta su Sky Sport<\/strong>: \u201cS\u00ec, nuoter\u00f2 domani in staffetta a dorso\u201c. Per cui nessun mescolamento di carte, con l\u2019eventuale impiego di Christian Bacico in apertura della mista nell\u2019eventuale finale e col campione vicentino in terza frazione.<\/p>\n<p><strong>Resta per\u00f2 il punto interrogativo della farfalla su quello che riuscir\u00e0 a fare Burdisso<\/strong>, che nelle batterie della prova individuale in questa rassegna era rimasto escluso dalla semifinale, dopo aver nuotato <strong>51.59<\/strong>. Se si fa un confronto col resto dei top-team, i<strong>l Bel Paese ha un chiaro buco in questo particolare stile<\/strong>, che potrebbe pesare gi\u00e0 in fase di qualificazione.<\/p>\n<p>Vedremo se si decider\u00e0 di mettere subito la formazione migliore, oppure se<strong> Bacico sar\u00e0 chiamato in causa per aprire la staffetta al mattino e se lo stesso discorso varr\u00e0 con Martinenghi sostituito in batteria da<\/strong> <strong>Ludovico Viberti<\/strong>. Ne sapremo di pi\u00f9 dalle prime ore del mattino in Italia, quando gli azzurri saranno sui blocchi di partenza per centrare l\u2019accesso all\u2019atto conclusivo.<\/p>\n","protected":false},"excerpt":{"rendered":"Tutto molto chiaro. Non ci saranno sorprese domani nella composizione della 4\u00d7100 mista maschile che prender\u00e0 parte all\u2019ultima&hellip;\n","protected":false},"author":3,"featured_media":20326,"comment_status":"","ping_status":"","sticky":false,"template":"","format":"standard","meta":{"footnotes":""},"categories":[1474],"tags":[13675,13683,1537,90,89,14949,13698,245,244,13706,1869],"class_list":{"0":"post-25021","1":"post","2":"type-post","3":"status-publish","4":"format-standard","5":"has-post-thumbnail","7":"category-volley","8":"tag-carlos-dambrosio","9":"tag-federico-burdisso","10":"tag-it","11":"tag-italia","12":"tag-italy","13":"tag-mondiali-nuoto-2025","14":"tag-nicolo-martinenghi","15":"tag-sport","16":"tag-sports","17":"tag-thomas-ceccon","18":"tag-volley"},"share_on_mastodon":{"url":"","error":""},"_links":{"self":[{"href":"https:\/\/www.europesays.com\/it\/wp-json\/wp\/v2\/posts\/25021","targetHints":{"allow":["GET"]}}],"collection":[{"href":"https:\/\/www.europesays.com\/it\/wp-json\/wp\/v2\/posts"}],"about":[{"href":"https:\/\/www.europesays.com\/it\/wp-json\/wp\/v2\/types\/post"}],"author":[{"embeddable":true,"href":"https:\/\/www.europesays.com\/it\/wp-json\/wp\/v2\/users\/3"}],"replies":[{"embeddable":true,"href":"https:\/\/www.europesays.com\/it\/wp-json\/wp\/v2\/comments?post=25021"}],"version-history":[{"count":0,"href":"https:\/\/www.europesays.com\/it\/wp-json\/wp\/v2\/posts\/25021\/revisions"}],"wp:featuredmedia":[{"embeddable":true,"href":"https:\/\/www.europesays.com\/it\/wp-json\/wp\/v2\/media\/20326"}],"wp:attachment":[{"href":"https:\/\/www.europesays.com\/it\/wp-json\/wp\/v2\/media?parent=25021"}],"wp:term":[{"taxonomy":"category","embeddable":true,"href":"https:\/\/www.europesays.com\/it\/wp-json\/wp\/v2\/categories?post=25021"},{"taxonomy":"post_tag","embeddable":true,"href":"https:\/\/www.europesays.com\/it\/wp-json\/wp\/v2\/tags?post=25021"}],"curies":[{"name":"wp","href":"https:\/\/api.w.org\/{rel}","templated":true}]}}