{"id":250251,"date":"2025-12-07T20:19:13","date_gmt":"2025-12-07T20:19:13","guid":{"rendered":"https:\/\/www.europesays.com\/it\/250251\/"},"modified":"2025-12-07T20:19:13","modified_gmt":"2025-12-07T20:19:13","slug":"infarto-a-33-anni-per-la-sigaretta-elettronica-lattore-fraser-olender-ricoverato-durgenza","status":"publish","type":"post","link":"https:\/\/www.europesays.com\/it\/250251\/","title":{"rendered":"Infarto a 33 anni per la sigaretta elettronica, l&#8217;attore Fraser Olender ricoverato d&#8217;urgenza"},"content":{"rendered":"<p>Fraser Olender, volto del reality nautico &#8220;Below Deck&#8221;, \u00e8 finito in ospedale per un infarto a 33 anni. L&#8217;attore ha raccontato sui social di un grave problema di salute: sotto accusa c&#8217;\u00e8 la sigaretta elettronica. Il malore, lo spavento, il ricovero e la diagnosi: poteva finire molto peggio.<\/p>\n<p>Il malore, poi il ricovero: &#8220;Per una cosa cos\u00ec stupida potevo morire&#8221;<\/p>\n<p>In un post su Instagram, il 33enne ha spiegato di aver avvertito all\u2019improvviso forti dolori al petto e difficolt\u00e0 a respirare mentre si trovava a Londra: \u00e8 stato ricoverato in pi\u00f9 ospedali, sottoposto a numerosi esami e tenuto in osservazione per una settimana.\u00a0<\/p>\n<p>I medici gli hanno diagnosticato una Evali (E-cigarette or Vaping product use-Associated Lung Injury), una lesione polmonare associata allo svapo, che in questo caso ha provocato un vasospasmo coronarico: le arterie del cuore si sono contratte bruscamente, riducendo il flusso di sangue e scatenando un infarto, legato non a una placca che ostruisce i vasi, ma alla mancanza di ossigeno durante lo spasmo.\u00a0<\/p>\n<p>Secondo il racconto dell\u2019attore, il dolore \u00e8 stato talmente intenso che sono serviti antidolorifici molto potenti: due cicli di morfina non erano bastati, e in ospedale \u00e8 stato necessario ricorrere al farmaco pi\u00f9 forte disponibile in pronto soccorso.\u00a0<\/p>\n<blockquote class=\"instagram-media\" style=\"background-color:#FFF;border-radius:3px;border-width:0;box-shadow:0 0 1px 0 rgba(0,0,0,0.5),0 1px 10px 0 rgba(0,0,0,0.15);margin:1px;max-width:540px;min-width:326px;padding:0;width:calc(100% - 2px);\" data-instgrm-captioned=\"\" data-instgrm-permalink=\"https:\/\/www.instagram.com\/p\/DR5GFB_ki45\/?utm_source=ig_embed&amp;utm_campaign=loading\" data-instgrm-version=\"14\"\/>\n<p>Oggi Olender \u00e8 fuori pericolo e in fase di recupero, ma ha deciso di rendere pubblica la sua esperienza per mettere in guardia chi svapa. Nel suo messaggio spiega di aver sospeso del tutto la sigaretta elettronica e di non volerla pi\u00f9 usare: \u201cAvrei potuto morire per una cosa cos\u00ec stupida. Se questa storia pu\u00f2 far riflettere anche una sola persona, allora vale la pena raccontarla\u201d, ha scritto, ringraziando il personale sanitario e mostrando il sostegno del compagno, accanto al suo letto d\u2019ospedale.\u00a0<\/p>\n<p>Il suo appello \u00e8 semplice e diretto: \u201cFatevi un favore e smettete subito. Non sappiamo abbastanza su queste cose, ma vi posso dire che non c\u2019\u00e8 niente di \u2018carino\u2019 in quello che ho passato\u201d. Un messaggio che si aggiunge agli avvertimenti di molte istituzioni sanitarie \u2013 dai Cdc statunitensi alle associazioni mediche internazionali \u2013 che invitano a non sottovalutare i rischi dello svapo, soprattutto tra i pi\u00f9 giovani.<\/p>\n<p>I morti negli Usa associati allo svapo<\/p>\n<p>La sigla &#8220;Evali&#8221; \u00e8 stata coniata nel 2019, quando negli Stati Uniti si \u00e8 registrata un\u2019ondata di casi di lesioni polmonari gravi associate all\u2019uso di sigarette elettroniche. Il Centro per il controllo delle malattie (Cdc) ha contato 2.807 ricoveri o decessi tra il 2019 e il febbraio 2020, distribuiti in tutti gli Stati USA e in alcuni territori, con 68 morti confermati.\u00a0<\/p>\n<p>Le autorit\u00e0 sanitarie sottolineano che l\u2019Evali \u00e8 una malattia multifattoriale, e che in generale l\u2019uso di sigarette elettroniche pu\u00f2 causare danni acuti ai polmoni e, in alcuni casi, interessare anche il sistema cardiovascolare. L\u2019American lung association ricorda che oltre la met\u00e0 dei pazienti con Evali ha bisogno del ricovero in terapia intensiva e che questa condizione pu\u00f2 essere potenzialmente fatale.<\/p>\n<p>      <script async src=\"\/\/www.instagram.com\/embed.js\"><\/script><\/p>\n","protected":false},"excerpt":{"rendered":"Fraser Olender, volto del reality nautico &#8220;Below Deck&#8221;, \u00e8 finito in ospedale per un infarto a 33 anni.&hellip;\n","protected":false},"author":3,"featured_media":250252,"comment_status":"","ping_status":"","sticky":false,"template":"","format":"standard","meta":{"footnotes":""},"categories":[1451],"tags":[1621,1620,203,27408,204,1537,90,89,146655],"class_list":{"0":"post-250251","1":"post","2":"type-post","3":"status-publish","4":"format-standard","5":"has-post-thumbnail","7":"category-celebrita","8":"tag-celebrita","9":"tag-celebrities","10":"tag-entertainment","11":"tag-infarti","12":"tag-intrattenimento","13":"tag-it","14":"tag-italia","15":"tag-italy","16":"tag-sigaretta-elettronica"},"share_on_mastodon":{"url":"https:\/\/pubeurope.com\/@it\/115680140604816281","error":""},"_links":{"self":[{"href":"https:\/\/www.europesays.com\/it\/wp-json\/wp\/v2\/posts\/250251","targetHints":{"allow":["GET"]}}],"collection":[{"href":"https:\/\/www.europesays.com\/it\/wp-json\/wp\/v2\/posts"}],"about":[{"href":"https:\/\/www.europesays.com\/it\/wp-json\/wp\/v2\/types\/post"}],"author":[{"embeddable":true,"href":"https:\/\/www.europesays.com\/it\/wp-json\/wp\/v2\/users\/3"}],"replies":[{"embeddable":true,"href":"https:\/\/www.europesays.com\/it\/wp-json\/wp\/v2\/comments?post=250251"}],"version-history":[{"count":0,"href":"https:\/\/www.europesays.com\/it\/wp-json\/wp\/v2\/posts\/250251\/revisions"}],"wp:featuredmedia":[{"embeddable":true,"href":"https:\/\/www.europesays.com\/it\/wp-json\/wp\/v2\/media\/250252"}],"wp:attachment":[{"href":"https:\/\/www.europesays.com\/it\/wp-json\/wp\/v2\/media?parent=250251"}],"wp:term":[{"taxonomy":"category","embeddable":true,"href":"https:\/\/www.europesays.com\/it\/wp-json\/wp\/v2\/categories?post=250251"},{"taxonomy":"post_tag","embeddable":true,"href":"https:\/\/www.europesays.com\/it\/wp-json\/wp\/v2\/tags?post=250251"}],"curies":[{"name":"wp","href":"https:\/\/api.w.org\/{rel}","templated":true}]}}