{"id":250308,"date":"2025-12-07T21:08:20","date_gmt":"2025-12-07T21:08:20","guid":{"rendered":"https:\/\/www.europesays.com\/it\/250308\/"},"modified":"2025-12-07T21:08:20","modified_gmt":"2025-12-07T21:08:20","slug":"nellombra-di-vanthourenhout-brilla-un-grande-agostinacchio","status":"publish","type":"post","link":"https:\/\/www.europesays.com\/it\/250308\/","title":{"rendered":"Nell&#8217;ombra di Vanthourenhout brilla un grande Agostinacchio"},"content":{"rendered":"<p class=\"\">MARCEDDI\u2019 \u2013 Ad avere l\u2019occhio un po\u2019 allenato <strong>si era visto da ieri che <a href=\"https:\/\/bici.pro\/news\/fuoristrada\/marceddi-prove-percorso-bertolini-serio\/\" target=\"_blank\" rel=\"noreferrer noopener nofollow\">Michael Vanthourenhout fosse quello pi\u00f9 in palla<\/a><\/strong>, il candidato pi\u00f9 convincente per la vittoria. Soltanto Sweek alle sue spalle, avendo in palio la testa della Coppa del mondo, ha provato a impensierirlo, ma <strong>alla fine si \u00e8 fatto infilare anche da Nieuwenhuis<\/strong>, che ha colto il secondo posto. In questo tripudio nordico, non poteva passare inosservato <strong>l\u2019ottavo posto di Filippo Agostinacchio: seconda gara di stagione e prima top 10 in Coppa del mondo<\/strong>. Nonostante sia una maschera di fango nero, il valdostano ha gli occhi che sfavillano per la soddisfazione e un po\u2019 di sorpresa.<\/p>\n<p class=\"\">La corsa ha avuto ritmi frenetici. <strong>A differenza delle donne, gli uomini hanno pestato sui pedali con una potenza spaventosa<\/strong>: anche per questo le loro facce alla fine sono pi\u00f9 sudice. Passavano cos\u00ec forte da sollevare l\u2019acqua come motoscafi: un\u2019acqua copiosa, come neanche ieri, che ha reso il percorso meno veloce e piuttosto impegnativo.<\/p>\n<p class=\"\">\u00abSinceramente <strong>non mi aspettavo di andare cos\u00ec bene<\/strong> \u2013 dice Agostinacchio \u2013 anche se sapevo di avere una discreta condizione. Gi\u00e0 a Torino, che avevo preso la bici da 20 giorni, sentivo la gamba buona. Sono passate due settimane, <strong>ho rifinito un po\u2019 la condizione e diciamo che oggi \u00e8 andata sopra le aspettative<\/strong>. Ho fatto un errore il secondo giro per la foga di ritrovarmi davanti. Ho provato a <strong>recuperare un po\u2019 di posizioni in un punto un po\u2019 critico e sono caduto<\/strong>. Per\u00f2 per il resto penso di aver fatto pochissimi errori\u00bb.<\/p>\n<p><img loading=\"lazy\" decoding=\"async\" width=\"1009\" height=\"500\" data-id=\"446943\" src=\"data:image\/svg+xml,%3Csvg%20xmlns=\" http:=\"\" alt=\"Vanthourenhout aveva gi\u00e0 vinto la Coppa in Italia, sulla neve di Vermiglio (foto A. Di Donato)\" class=\"wp-image-446943\" data-lazy- data-lazy- data-lazy-src=\"https:\/\/www.europesays.com\/it\/wp-content\/uploads\/2025\/12\/cchio4_img_dk.jpg\"\/>Vanthourenhout aveva gi\u00e0 vinto la Coppa in Italia, sulla neve di Vermiglio (foto A. Di Donato)<\/p>\n<p><img loading=\"lazy\" decoding=\"async\" width=\"1009\" height=\"500\" data-id=\"446939\" src=\"data:image\/svg+xml,%3Csvg%20xmlns=\" http:=\"\" alt=\"Gi\u00e0 ieri si era visto che Vanthourenhout fosse a suo agio sul percorso (foto A. Di Donato)\" class=\"wp-image-446939\" data-lazy- data-lazy- data-lazy-src=\"https:\/\/www.europesays.com\/it\/wp-content\/uploads\/2025\/12\/cchio2_img_dk.jpg\"\/>Gi\u00e0 ieri si era visto che il belga fosse a suo agio sul percorso (foto A. Di Donato)<\/p>\n<p><img loading=\"lazy\" decoding=\"async\" width=\"559\" height=\"745\" data-id=\"446944\" src=\"data:image\/svg+xml,%3Csvg%20xmlns=\" http:=\"\" alt=\"Vanthourenhout aveva gi\u00e0 vinto la Coppa in Italia, sulla neve di Vermiglio (foto A. Di Donato)\" class=\"wp-image-446944\" data-lazy- data-lazy- data-lazy-src=\"https:\/\/www.europesays.com\/it\/wp-content\/uploads\/2025\/12\/cchio4_img_mb.jpg\"\/>Vanthourenhout aveva gi\u00e0 vinto la Coppa in Italia, sulla neve di Vermiglio (foto A. Di Donato)<\/p>\n<p><img loading=\"lazy\" decoding=\"async\" width=\"559\" height=\"745\" data-id=\"446940\" src=\"data:image\/svg+xml,%3Csvg%20xmlns=\" http:=\"\" alt=\"Gi\u00e0 ieri si era visto che Vanthourenhout fosse a suo agio sul percorso (foto A. Di Donato)\" class=\"wp-image-446940\" data-lazy- data-lazy- data-lazy-src=\"https:\/\/www.europesays.com\/it\/wp-content\/uploads\/2025\/12\/cchio2_img_mb.jpg\"\/>Gi\u00e0 ieri si era visto che il belga fosse a suo agio sul percorso (foto A. Di Donato)<\/p>\n<p>Qualche errore tecnico<\/p>\n<p class=\"\">Indossa la maglia della EF Education. <a href=\"https:\/\/bici.pro\/news\/giovani\/filippo-agostinacchio-worldtour-rimandato-anno\/\" target=\"_blank\" rel=\"noreferrer noopener nofollow\">La sua vicenda contrattuale<\/a> ve l\u2019abbiamo gi\u00e0 raccontata, per cui <strong>conclusa la stagione del cross, Agostinacchio torner\u00e0 nelle file della <a href=\"https:\/\/www.facebook.com\/biessecarrera\/?locale=it_IT\" target=\"_blank\" rel=\"noreferrer noopener nofollow\">Biesse-Carrera<\/a><\/strong> in attesa di passare nel WorldTour dal 2027. E se le strette di mano possono non bastare, questo suo pedalare selvaggio e potente <strong>si trasformer\u00e0 di certo nel miglior biglietto da visita<\/strong>.<\/p>\n<p class=\"\">\u00abOvviamente \u00e8 la seconda gara \u2013 prosegue dalla sua maschera nera \u2013 quindi <strong>qualche errore di pi\u00f9 a livello tecnico l\u2019ho fatto<\/strong>. Infatti dovevo recuperare ogni volta dopo i pezzi di sabbia. Diciamo che giro dopo giro mi sono sentito sempre meglio, anche nei pezzi tecnici. Ho preso un po\u2019 di confidenza e <strong>alla fine negli ultimi due giri, quando ho visto che mi stavo giocando la top 10, ho dato tutto.<\/strong> Sinceramente \u00e8 incredibile ottenere la mia prima top 10 di Coppa in Italia, con il pubblico che mi gasava un botto\u00bb.<\/p>\n<p><img loading=\"lazy\" decoding=\"async\" width=\"1009\" height=\"500\" src=\"data:image\/svg+xml,%3Csvg%20xmlns=\" http:=\"\" alt=\"Dopo Agostinacchio, per gli italiani si sono piazzati al 14\u00b0 posto Ceolin e 16\u00b0 il tricolore Bertolini (foto A. Di Donato)\" class=\"wp-image-446947\" data-lazy- data-lazy- data-lazy-src=\"https:\/\/www.europesays.com\/it\/wp-content\/uploads\/2025\/12\/cchio6_img_dk.jpg\"\/>Dopo Agostinacchio, per gli italiani si sono piazzati al 14\u00b0 posto Ceolin e 16\u00b0 il tricolore Bertolini (foto A. Di Donato)<\/p>\n<p><img loading=\"lazy\" decoding=\"async\" width=\"559\" height=\"745\" src=\"data:image\/svg+xml,%3Csvg%20xmlns=\" http:=\"\" alt=\"Dopo Agostinacchio, per gli italiani si sono piazzati al 14\u00b0 posto Ceolin e 16\u00b0 il tricolore Bertolini (foto A. Di Donato)\" class=\"wp-image-446948\" data-lazy- data-lazy- data-lazy-src=\"https:\/\/www.europesays.com\/it\/wp-content\/uploads\/2025\/12\/cchio6_img_mb.jpg\"\/>Dopo Agostinacchio, per gli italiani si sono piazzati al 14\u00b0 posto Ceolin e 16\u00b0 il tricolore Bertolini (foto A. Di Donato)<\/p>\n<p>La campagna del Belgio<\/p>\n<p class=\"\">A lui il percorso \u00e8 piaciuto. E forse per un atleta ancora in cerca della miglior condizione <strong>il fatto che non ci fosse un grande dislivello \u00e8 stato un fattore positivo<\/strong>. La gamba ora verr\u00e0 e gli permetter\u00e0 di affrontare i percorsi in arrivo con altra solidit\u00e0. A partire da Namur la prossima settimana.<\/p>\n<p class=\"\">\u00abUn percorso divertente \u2013 dice Agostinacchio \u2013 <strong>\u00e8 un peccato che ci fossero quelle pozze d\u2019acqua che hanno un po\u2019 infangato il tutto, per\u00f2 \u00e8 stato divertente<\/strong>. La prossima settimana sar\u00f2 a Namur e poi c\u2019\u00e8 tutta la campagna di Natale in Belgio. <strong><a href=\"https:\/\/bici.pro\/news\/fuoristrada\/cross-scattata-coppa-pontoni-parla-suoi-ragazzi\/\" target=\"_blank\" rel=\"noreferrer noopener nofollow\">Pontoni<\/a> lo sento abbastanza spesso<\/strong>, \u00e8 anche il mio CT del gravel, quindi siamo sempre in contatto. Diciamo che il bello potenzialmente sta per cominciare\u00bb.<\/p>\n<p><img loading=\"lazy\" decoding=\"async\" width=\"1009\" height=\"500\" data-id=\"446941\" src=\"data:image\/svg+xml,%3Csvg%20xmlns=\" http:=\"\" alt=\"Agostinacchio ha perso terreno per un errore in partenza, poi ha rimontato con caparbiet\u00e0 (foto A. Di Donato)\" class=\"wp-image-446941\" data-lazy- data-lazy- data-lazy-src=\"https:\/\/www.europesays.com\/it\/wp-content\/uploads\/2025\/12\/cchio3_img_dk.jpg\"\/>Agostinacchio ha perso terreno per un errore in partenza, poi ha rimontato con caparbiet\u00e0 (foto A. Di Donato)<\/p>\n<p><img loading=\"lazy\" decoding=\"async\" width=\"1009\" height=\"500\" data-id=\"446945\" src=\"data:image\/svg+xml,%3Csvg%20xmlns=\" http:=\"\" alt=\"Ora Agostinacchio fa rotta su Namur e poi trascorrer\u00e0 le Feste correndo in Belgio\" class=\"wp-image-446945\" data-lazy- data-lazy- data-lazy-src=\"https:\/\/www.europesays.com\/it\/wp-content\/uploads\/2025\/12\/cchio5_img_dk.jpg\"\/>Ora Agostinacchio fa rotta su Namur e poi trascorrer\u00e0 le Feste correndo in Belgio<\/p>\n<p><img loading=\"lazy\" decoding=\"async\" width=\"559\" height=\"745\" data-id=\"446942\" src=\"data:image\/svg+xml,%3Csvg%20xmlns=\" http:=\"\" alt=\"Agostinacchio ha perso terreno per un errore in partenza, poi ha rimontato con caparbiet\u00e0 (foto A. Di Donato)\" class=\"wp-image-446942\" data-lazy- data-lazy- data-lazy-src=\"https:\/\/www.europesays.com\/it\/wp-content\/uploads\/2025\/12\/cchio3_img_mb.jpg\"\/>Agostinacchio ha perso terreno per un errore in partenza, poi ha rimontato con caparbiet\u00e0 (foto A. Di Donato)<\/p>\n<p><img loading=\"lazy\" decoding=\"async\" width=\"559\" height=\"745\" data-id=\"446946\" src=\"data:image\/svg+xml,%3Csvg%20xmlns=\" http:=\"\" alt=\"Ora Agostinacchio fa rotta su Namur e poi trascorrer\u00e0 le Feste correndo in Belgio\" class=\"wp-image-446946\" data-lazy- data-lazy- data-lazy-src=\"https:\/\/www.europesays.com\/it\/wp-content\/uploads\/2025\/12\/cchio5_img_mb.jpg\"\/>Ora Agostinacchio fa rotta su Namur e poi trascorrer\u00e0 le Feste correndo in Belgio<\/p>\n<p>Un giorno indimenticabile<\/p>\n<p class=\"\">Fa per allontanarsi e dalla transenna <strong>gli passano una borraccia cos\u00ec bianca che rende la sua faccia nera ancora pi\u00f9 nera<\/strong>. Poi un bambino gliela chiede e lui dice di s\u00ec. E quando fa per allontanarsi, <strong>i tifosi lo circondano e gli chiedono di fare un po\u2019 di selfie<\/strong>. Vi aspettereste che dopo una gara cos\u00ec faticosa e di rincorsa sia poco lucido, invece \u00e8 lui a valutare la situazione e dire al ragazzino: \u00abMetti il grandangolo, cos\u00ec ci stiamo tutti\u00bb.<\/p>\n<p class=\"\">La foto viene scattata e <strong>immortala una giornata indimenticabile per il grande dei fratelli Agostinacchio<\/strong>. Anche in sala stampa volano gli apprezzamenti. Ci chiedono se lo vedranno ancora al Nord, gli diamo appuntamento a Namur. A noi non resta che scrivere.<\/p>\n","protected":false},"excerpt":{"rendered":"MARCEDDI\u2019 \u2013 Ad avere l\u2019occhio un po\u2019 allenato si era visto da ieri che Michael Vanthourenhout fosse quello&hellip;\n","protected":false},"author":3,"featured_media":250309,"comment_status":"","ping_status":"","sticky":false,"template":"","format":"standard","meta":{"footnotes":""},"categories":[1456],"tags":[1824,21184,100612,1825,108280,75625,1537,90,89,146329,3954,245,244],"class_list":{"0":"post-250308","1":"post","2":"type-post","3":"status-publish","4":"format-standard","5":"has-post-thumbnail","7":"category-ciclismo","8":"tag-ciclismo","9":"tag-ciclocross","10":"tag-coppa-del-mondo","11":"tag-cycling","12":"tag-ef-education","13":"tag-filippo-agostinacchio","14":"tag-it","15":"tag-italia","16":"tag-italy","17":"tag-marceddi","18":"tag-sardegna","19":"tag-sport","20":"tag-sports"},"share_on_mastodon":{"url":"https:\/\/pubeurope.com\/@it\/115680333170694952","error":""},"_links":{"self":[{"href":"https:\/\/www.europesays.com\/it\/wp-json\/wp\/v2\/posts\/250308","targetHints":{"allow":["GET"]}}],"collection":[{"href":"https:\/\/www.europesays.com\/it\/wp-json\/wp\/v2\/posts"}],"about":[{"href":"https:\/\/www.europesays.com\/it\/wp-json\/wp\/v2\/types\/post"}],"author":[{"embeddable":true,"href":"https:\/\/www.europesays.com\/it\/wp-json\/wp\/v2\/users\/3"}],"replies":[{"embeddable":true,"href":"https:\/\/www.europesays.com\/it\/wp-json\/wp\/v2\/comments?post=250308"}],"version-history":[{"count":0,"href":"https:\/\/www.europesays.com\/it\/wp-json\/wp\/v2\/posts\/250308\/revisions"}],"wp:featuredmedia":[{"embeddable":true,"href":"https:\/\/www.europesays.com\/it\/wp-json\/wp\/v2\/media\/250309"}],"wp:attachment":[{"href":"https:\/\/www.europesays.com\/it\/wp-json\/wp\/v2\/media?parent=250308"}],"wp:term":[{"taxonomy":"category","embeddable":true,"href":"https:\/\/www.europesays.com\/it\/wp-json\/wp\/v2\/categories?post=250308"},{"taxonomy":"post_tag","embeddable":true,"href":"https:\/\/www.europesays.com\/it\/wp-json\/wp\/v2\/tags?post=250308"}],"curies":[{"name":"wp","href":"https:\/\/api.w.org\/{rel}","templated":true}]}}