{"id":250312,"date":"2025-12-07T21:12:13","date_gmt":"2025-12-07T21:12:13","guid":{"rendered":"https:\/\/www.europesays.com\/it\/250312\/"},"modified":"2025-12-07T21:12:13","modified_gmt":"2025-12-07T21:12:13","slug":"laccoglienza-del-maradona-per-spalletti-prima-di-napoli-juventus-fischi-per-lex-allenatore","status":"publish","type":"post","link":"https:\/\/www.europesays.com\/it\/250312\/","title":{"rendered":"L&#8217;accoglienza del Maradona per Spalletti prima di Napoli-Juventus: fischi per l&#8217;ex allenatore"},"content":{"rendered":"<p>L&#8217;allenatore bianconero \u00e8 il grande ex di turno nel big match della 14a giornata di Serie A<\/p>\n<p>Napoli-Juventus \u00e8 (anche) <strong>la partita di Luciano Spalletti. Il derby di Luciano Spalletti.<\/strong> L&#8217;allenatore bianconero torna a Napoli da ex dopo un terzo posto e uno scudetto in due anni dal 2021 al 2023. Il tecnico toscano ha ripetuto pi\u00f9 volte che l\u00ec ha lasciato un pezzo di cuore, in citt\u00e0 l&#8217;hanno amato tutti anche se ultimamente qualche tifoso sui social gli ha rinfacciato la scelta di accettare la panchina della Juventus ricordandogli quando da allenatore azzurro disse: &#8220;Napoli me la sono voluta tenere per ultima, non avrei mai potuto allenare un&#8217;altra squadra in Italia. Diventa difficile tornare da avversario&#8221;. Difficile, ma non impossibile.<\/p>\n","protected":false},"excerpt":{"rendered":"L&#8217;allenatore bianconero \u00e8 il grande ex di turno nel big match della 14a giornata di Serie A Napoli-Juventus&hellip;\n","protected":false},"author":3,"featured_media":250313,"comment_status":"","ping_status":"","sticky":false,"template":"","format":"standard","meta":{"footnotes":""},"categories":[1452],"tags":[721,1740,1537,90,89,558,103552,248,144636,251,1739,245,244,4367,144637],"class_list":{"0":"post-250312","1":"post","2":"type-post","3":"status-publish","4":"format-standard","5":"has-post-thumbnail","7":"category-calcio","8":"tag-calcio","9":"tag-football","10":"tag-it","11":"tag-italia","12":"tag-italy","13":"tag-juventus","14":"tag-l-spalletti","15":"tag-napoli","16":"tag-napoli-vs-juventus","17":"tag-serie-a","18":"tag-soccer","19":"tag-sport","20":"tag-sports","21":"tag-ssc-napoli","22":"tag-ssc-napoli-vs-juventus"},"share_on_mastodon":{"url":"https:\/\/pubeurope.com\/@it\/115680349100570144","error":""},"_links":{"self":[{"href":"https:\/\/www.europesays.com\/it\/wp-json\/wp\/v2\/posts\/250312","targetHints":{"allow":["GET"]}}],"collection":[{"href":"https:\/\/www.europesays.com\/it\/wp-json\/wp\/v2\/posts"}],"about":[{"href":"https:\/\/www.europesays.com\/it\/wp-json\/wp\/v2\/types\/post"}],"author":[{"embeddable":true,"href":"https:\/\/www.europesays.com\/it\/wp-json\/wp\/v2\/users\/3"}],"replies":[{"embeddable":true,"href":"https:\/\/www.europesays.com\/it\/wp-json\/wp\/v2\/comments?post=250312"}],"version-history":[{"count":0,"href":"https:\/\/www.europesays.com\/it\/wp-json\/wp\/v2\/posts\/250312\/revisions"}],"wp:featuredmedia":[{"embeddable":true,"href":"https:\/\/www.europesays.com\/it\/wp-json\/wp\/v2\/media\/250313"}],"wp:attachment":[{"href":"https:\/\/www.europesays.com\/it\/wp-json\/wp\/v2\/media?parent=250312"}],"wp:term":[{"taxonomy":"category","embeddable":true,"href":"https:\/\/www.europesays.com\/it\/wp-json\/wp\/v2\/categories?post=250312"},{"taxonomy":"post_tag","embeddable":true,"href":"https:\/\/www.europesays.com\/it\/wp-json\/wp\/v2\/tags?post=250312"}],"curies":[{"name":"wp","href":"https:\/\/api.w.org\/{rel}","templated":true}]}}