{"id":250316,"date":"2025-12-07T21:14:24","date_gmt":"2025-12-07T21:14:24","guid":{"rendered":"https:\/\/www.europesays.com\/it\/250316\/"},"modified":"2025-12-07T21:14:24","modified_gmt":"2025-12-07T21:14:24","slug":"inaugurata-la-nuova-edizione-del-corigliano-calabro-fotografia-evento-prestigioso-e-cerniera-tra-passato-e-futuro","status":"publish","type":"post","link":"https:\/\/www.europesays.com\/it\/250316\/","title":{"rendered":"Inaugurata la nuova edizione del &#8220;Corigliano Calabro Fotografia&#8221;, evento prestigioso e cerniera tra passato e futuro"},"content":{"rendered":"<p><img loading=\"lazy\" decoding=\"async\" src=\"https:\/\/www.europesays.com\/it\/wp-content\/uploads\/2025\/12\/dad-foto-ridimensionato-a-500x263-1.jpeg\" alt=\"\" width=\"500\" height=\"263\" class=\"alignnone size-full wp-image-68184\"\/><\/p>\n<p>\u00c8 stata inaugurata nel pomeriggio odierno, presso il Salone degli Specchi del Castello Ducale di Corigliano, la ventiduesima edizione del Festival \u201cCorigliano Calabro Fotografia\u201d,<\/p>\n<p> un binomio vincente di cultura e turismo, patrimonio della citt\u00e0 di Corigliano-Rossano. Manifestazione prestigiosa che, come di consueto, \u00e8 diretta, curata e organizzata, con la consueta professionalit\u00e0, dal suo fondatore, il dottor Gaetano Gianzi, e supportata dall\u2019Associazione Corigliano per la Fotografia.<br \/>Come ogni anno ci saranno tante mostre permanenti, presentazioni di libri, incontri formativi, premiazioni, concorsi fotografici.<br \/>L\u2019evento \u00e8 annoverato tra le manifestazioni storicizzate sostenute dalla Regione Calabria e realizzato con il contributo del Comune di Corigliano-Rossano. All\u2019iniziativa, moderata da Erminia Madeo, sono intervenuti, oltre al direttore artistico Gaetano Gianzi, l\u2019Assessore al Welfare e all\u2019Inclusione Sociale della Regione Calabria, On. Pasqualina Straface, e il Vicesindaco e Assessore alla Cultura del Comune di Corigliano-Rossano, Prof. Giovanni Pistoia. Entrambi hanno sottolineato l\u2019alta valenza della manifestazione e il forte radicamento della stessa sul territorio. Commovente il ricordo dell\u2019imprenditore Gennaro Scura, prematuramente scomparso e strenuo sostenitore della manifestazione, fatto da Gaetano Gianzi. Numerosi gli interventi di fotografi succedutisi.<br \/>Presenti i consiglieri comunali Francesco Marino Scarcella e Marisa Caravetta. Numeroso il pubblico che ha partecipato alla cerimonia inaugurale.<br \/>Quest\u2019anno la citt\u00e0 ha avuto l\u2019onore di ospitare il celebre Joe Oppedisano, che nei mesi scorsi ha realizzato un prezioso lavoro adesso in mostra al Festival. Ricco e variegato il programma di appuntamenti. Da annoverare, l\u2019interessante mostra sulla Corigliano di una volta con gli scatti fotografici realizzati dal dottor Salvatore Grillo, medico di origine coriglianese residente in Emilia Romagna.<br \/>\u201cCorigliano Calabro Fotografia\u201d \u00e8 un appuntamento annuale ambito e atteso non solo dalla comunit\u00e0 cittadina, essendo ormai divenuto un tassello fondamentale in quel mosaico di cultura dell\u2019arte fotografica sapientemente intessuto a livello regionale e nazionale. Cultura e turismo, dunque, perch\u00e9 \u00e8 innegabile la positiva ricaduta d\u2019immagine per la citt\u00e0, con scatti di luoghi e scorci, confermata anche dalla presenza di numerosi partecipanti provenienti da ogni dove che soggiornano, nel periodo interessato dall\u2019evento, presso le strutture ricettive locali.<br \/>FABIO PISTOIA<\/p>\n","protected":false},"excerpt":{"rendered":"\u00c8 stata inaugurata nel pomeriggio odierno, presso il Salone degli Specchi del Castello Ducale di Corigliano, la ventiduesima&hellip;\n","protected":false},"author":3,"featured_media":250317,"comment_status":"","ping_status":"","sticky":false,"template":"","format":"standard","meta":{"footnotes":""},"categories":[1446],"tags":[1615,1613,1614,1611,1610,1612,203,204,1537,90,89],"class_list":{"0":"post-250316","1":"post","2":"type-post","3":"status-publish","4":"format-standard","5":"has-post-thumbnail","7":"category-arte-e-design","8":"tag-arte","9":"tag-arte-e-design","10":"tag-arteedesign","11":"tag-arts","12":"tag-arts-and-design","13":"tag-design","14":"tag-entertainment","15":"tag-intrattenimento","16":"tag-it","17":"tag-italia","18":"tag-italy"},"share_on_mastodon":{"url":"https:\/\/pubeurope.com\/@it\/115680357399686051","error":""},"_links":{"self":[{"href":"https:\/\/www.europesays.com\/it\/wp-json\/wp\/v2\/posts\/250316","targetHints":{"allow":["GET"]}}],"collection":[{"href":"https:\/\/www.europesays.com\/it\/wp-json\/wp\/v2\/posts"}],"about":[{"href":"https:\/\/www.europesays.com\/it\/wp-json\/wp\/v2\/types\/post"}],"author":[{"embeddable":true,"href":"https:\/\/www.europesays.com\/it\/wp-json\/wp\/v2\/users\/3"}],"replies":[{"embeddable":true,"href":"https:\/\/www.europesays.com\/it\/wp-json\/wp\/v2\/comments?post=250316"}],"version-history":[{"count":0,"href":"https:\/\/www.europesays.com\/it\/wp-json\/wp\/v2\/posts\/250316\/revisions"}],"wp:featuredmedia":[{"embeddable":true,"href":"https:\/\/www.europesays.com\/it\/wp-json\/wp\/v2\/media\/250317"}],"wp:attachment":[{"href":"https:\/\/www.europesays.com\/it\/wp-json\/wp\/v2\/media?parent=250316"}],"wp:term":[{"taxonomy":"category","embeddable":true,"href":"https:\/\/www.europesays.com\/it\/wp-json\/wp\/v2\/categories?post=250316"},{"taxonomy":"post_tag","embeddable":true,"href":"https:\/\/www.europesays.com\/it\/wp-json\/wp\/v2\/tags?post=250316"}],"curies":[{"name":"wp","href":"https:\/\/api.w.org\/{rel}","templated":true}]}}