{"id":250325,"date":"2025-12-07T21:21:13","date_gmt":"2025-12-07T21:21:13","guid":{"rendered":"https:\/\/www.europesays.com\/it\/250325\/"},"modified":"2025-12-07T21:21:13","modified_gmt":"2025-12-07T21:21:13","slug":"amanda-lear-ospite-a-domenica-in-cosa-fa-oggi-lintervento-agli-occhi-il-successo-in-italia-le-storie-damore-con-dali-e-davide-bowie-corriere-adriatico","status":"publish","type":"post","link":"https:\/\/www.europesays.com\/it\/250325\/","title":{"rendered":"Amanda Lear ospite a Domenica in, cosa fa oggi: l&#039;intervento agli occhi, il successo in Italia, le storie d&#039;amore con Dal\u00ed e Davide Bowie &#8211; Corriere Adriatico"},"content":{"rendered":"<ol>\n<li><a href=\"https:\/\/news.google.com\/rss\/articles\/CBMi9wFBVV95cUxQQ3F0eVZ3MnRXd042S2RMc21rOEJrTGlIMXN5LWhpMkdCY1RsSjNRd1Y3M2hKTk9HM29SRmdxeTV0NlB0ODJ6NDlmUmF2UGRPZkJsUkFCQm1SXzBwZGVJM1N1NHpnenpBRnd3VXlITXZOejRIRTNHNGxjOEItUmNzNmFkNnJxUnZJbHRXQm9uLWxhbjFEODhWcWRQUFRBcXhDWnBCSUtMNE16WjYxMzNsdnYtVmpfNDZjanBHei16OHF1VFRKNHdWWHNwXzBpYWM0bXBKOTFZY2dRVThSRnFJN2FMVHhqXzdzQXhRT0doUFRHU0N6Mzdn0gH8AUFVX3lxTE1JTldJWDh2RF9nLTNGSUNLS0pfNUVlb1ZWbFFJMGhrM0F6ZWZFY0Fmb0hOai1oakU3ZXVrdnl6SmZwZ0ZyZ216Tkt4cW54QWRWdGR6dm5LYzRhVUtxcUw0bElTTkt3SnRXdlZ4Zk00Ti1YaUxMTU00UTVXZmo1ODJLSkxVNTAtQjFfcE1yNjkyczNGT0h0NENrZ0tZeFVWajN3T0xpUHpKOUs2RnM2TUx4M1BpN0JLUVhhZFQ2WU8xdVhiR0c1MmxzcjlLakl3Qm5oYzY4VEk5Z09RbmhRRlNRb1R3alBYMXlzRzFaQl9tcEJWVm55b3dxZ2IteQ?oc=5\" target=\"_blank\" rel=\"nofollow noopener\">Amanda Lear ospite a Domenica in, cosa fa oggi: l&#8217;intervento agli occhi, il successo in Italia, le storie d&#8217;amore con Dal\u00ed e Davide Bowie<\/a>&nbsp;&nbsp;Corriere Adriatico<\/li>\n<li><a href=\"https:\/\/news.google.com\/rss\/articles\/CBMikgFBVV95cUxQRE13X0t5Mng2TmlkOFdrb0ZlemkyU29vdzc3ZzdwYzVQNG1feExEQi1RUE5Zc1RJdWNPQjhLSmhBNzVMWkFQeWhfTjNNWnFQclYyb01fZ0pwdWtBRGM0TU1ZZS1lQkpIS2gzSXM2NW5QVlU5SnkzSEJvdFN2Rkk2dzE2c29QeTFFN3Q3MEw5Y2Rfdw?oc=5\" target=\"_blank\" rel=\"nofollow noopener\">Domenica In, oggi 7 dicembre. Anticipazioni e ospiti di Mara Venier<\/a>&nbsp;&nbsp;Adnkronos<\/li>\n<li><a href=\"https:\/\/news.google.com\/rss\/articles\/CBMihwJBVV95cUxPbmZsSGh0UC1KcGZUUlUxLUpncksxSjliTlpyZ3BUSGZDSk9NOVNZeEhQNjJmMFBkRGdySVdoVTRSaWNLeDZ3dldheGN6SWdRYUZmNjhOVXdlbDh4NmFuN3FWMVNQTmtTLUFQeTFZQ1Y3emstcnM4SzJsOV9aODh4WklyRDRpVFFDcURidkp3MFB2MVl6dG9mbXduaVpFNC1mR2hkbmZwWUc0TW1rS3Jaak5jMWZOUzlxRUZFbTBBMGNPeTNKVDA5Qzhqb1VEV2tmd05fNFFuU0FoY0I3R1B0RmpSWkpzRGUxck1jc0hKR0RCTlROV2Y0ZEVsaEc4MFdfMnBhcTQwOA?oc=5\" target=\"_blank\" rel=\"nofollow noopener\">Verissimo, Domenica In, Che Tempo Che Fa e Ciao Maschio: il weekend tv con Pellegrini, Lear ed Errani-Paolini<\/a>&nbsp;&nbsp;Il Messaggero<\/li>\n<li><a href=\"https:\/\/news.google.com\/rss\/articles\/CBMikwFBVV95cUxNYlI2NVM0QjJyOWxXaG14eW1MY1RiTDJRNzgwNFlVWGJtQXVZd2Q2RFV6akRfZHZBTnY5YkszMmc5QmVqbzVQd1FPMElVZldSSWV6c2ZvZU5reERreUp5a1BBVGlYNDI4aW5BR29DQmdfLVk0bGh1cGdxZVRaX2h0V25IUC0xUklZSXFwN0lqRl9kY3fSAZgBQVVfeXFMTUNIbGNnYmx2OGUzVVRrdDNJeWczelA4SFJVM0dHc1VIM19PaldFX09qemRZa3pGclNDMW1ZMmdjT0FlZGpTYkFMV09RYk90NzBZVmp5Skpkb2F2MG0teW41OXhfTk1IWGVUX3pQWTVCcmtuejFqb1ItZ3dWTXpKS2dtbkhVNjVVakRlTlJuZ1piellPUFlGelc?oc=5\" target=\"_blank\" rel=\"nofollow noopener\">Amanda Lear a Domenica In: \u201cEredit\u00e0? Non ho pi\u00f9 nulla. Ornella Vanoni \u00e8 stata presa in giro\u201d<\/a>&nbsp;&nbsp;DiLei<\/li>\n<li><a href=\"https:\/\/news.google.com\/rss\/articles\/CBMiwgFBVV95cUxOS01ReV96VUw4N3YteWFlVXdtNXdWTWo2R3pjUEVkS1M5a2FJMVg3QlNBVGlBYl9seXg2YTVKcFF1d3hqMkhsa0NnUFE0MjlFSndva2hyWmlWVUNKUjVHdFJRWkVZQnVYc2NISFJZOXV6eEdHREJQR0VGQ2VFY1pzb1poYUtIX3p5WWpZSy1rVVpySkYyY2Z3N2phRzNKZWxJQXZfejNCeFM4RkxmQlB3aFZyOHZpNU0zcUphMkRTS3Q4QdIBuAFBVV95cUxQbnROYmIzanJfNWhPTmFKaFZsSzN4Y1EtVTJzRXNNMUF6dFdvSVAyOFdPZ3FDZmFFYWRaNDdfWGd3UVVnZ0dLTmlPOXBoa2VKSzl2cnZoekZaQk8xcmJ2UWozb2hzX2NWVWF4WndZbktYWXFLRVR3eGFqd3lCcnNfV1BFVEZHZzYwU2ZQbkk1REhLNjF1Y29ldDdtRTBkRDAzQnFYWW0wb0xiYVFST1RBYWpOdUNhMlBX?oc=5\" target=\"_blank\" rel=\"nofollow noopener\">Domenica In, gli ospiti del 7 dicembre da Andrea Delogu a Max Biaggi<\/a>&nbsp;&nbsp;La Gazzetta dello Sport<\/li>\n<\/ol>\n","protected":false},"excerpt":{"rendered":"Amanda Lear ospite a Domenica in, cosa fa oggi: l&#8217;intervento agli occhi, il successo in Italia, le storie&hellip;\n","protected":false},"author":3,"featured_media":250326,"comment_status":"","ping_status":"","sticky":false,"template":"","format":"standard","meta":{"footnotes":""},"categories":[174],"tags":[39132,6304,203,204,1537,90,89,11099,3501,2656,243],"class_list":{"0":"post-250325","1":"post","2":"type-post","3":"status-publish","4":"format-standard","5":"has-post-thumbnail","7":"category-intrattenimento","8":"tag-amanda-lear","9":"tag-domenica-in","10":"tag-entertainment","11":"tag-intrattenimento","12":"tag-it","13":"tag-italia","14":"tag-italy","15":"tag-oggi-in-tv","16":"tag-rai-1","17":"tag-stasera-in-tv","18":"tag-ultima-ora"},"share_on_mastodon":{"url":"https:\/\/pubeurope.com\/@it\/115680384557483198","error":""},"_links":{"self":[{"href":"https:\/\/www.europesays.com\/it\/wp-json\/wp\/v2\/posts\/250325","targetHints":{"allow":["GET"]}}],"collection":[{"href":"https:\/\/www.europesays.com\/it\/wp-json\/wp\/v2\/posts"}],"about":[{"href":"https:\/\/www.europesays.com\/it\/wp-json\/wp\/v2\/types\/post"}],"author":[{"embeddable":true,"href":"https:\/\/www.europesays.com\/it\/wp-json\/wp\/v2\/users\/3"}],"replies":[{"embeddable":true,"href":"https:\/\/www.europesays.com\/it\/wp-json\/wp\/v2\/comments?post=250325"}],"version-history":[{"count":0,"href":"https:\/\/www.europesays.com\/it\/wp-json\/wp\/v2\/posts\/250325\/revisions"}],"wp:featuredmedia":[{"embeddable":true,"href":"https:\/\/www.europesays.com\/it\/wp-json\/wp\/v2\/media\/250326"}],"wp:attachment":[{"href":"https:\/\/www.europesays.com\/it\/wp-json\/wp\/v2\/media?parent=250325"}],"wp:term":[{"taxonomy":"category","embeddable":true,"href":"https:\/\/www.europesays.com\/it\/wp-json\/wp\/v2\/categories?post=250325"},{"taxonomy":"post_tag","embeddable":true,"href":"https:\/\/www.europesays.com\/it\/wp-json\/wp\/v2\/tags?post=250325"}],"curies":[{"name":"wp","href":"https:\/\/api.w.org\/{rel}","templated":true}]}}