{"id":250346,"date":"2025-12-07T21:40:16","date_gmt":"2025-12-07T21:40:16","guid":{"rendered":"https:\/\/www.europesays.com\/it\/250346\/"},"modified":"2025-12-07T21:40:16","modified_gmt":"2025-12-07T21:40:16","slug":"in-comunita-ho-tentato-il-suicidio-avevamo-10-sigarette-al-giorno-mamma-mi-scriveva-le-lettere","status":"publish","type":"post","link":"https:\/\/www.europesays.com\/it\/250346\/","title":{"rendered":"\u00abIn comunit\u00e0 ho tentato il suicidio. Avevamo 10 sigarette al giorno, mamma mi scriveva le lettere\u00bb"},"content":{"rendered":"<p>&#13;<br \/>\n                               &#13;<br \/>\n                                                &#13;<br \/>\n                &#13;<\/p>\n<p>A\u00a0<a href=\"https:\/\/www.leggo.it\/t\/verissimo\" rel=\"nofollow noopener\" target=\"_blank\">Verissimo<\/a>, <strong><a href=\"https:\/\/www.leggo.it\/t\/achille-costacurta\" rel=\"nofollow noopener\" target=\"_blank\">Achille Costacurta<\/a><\/strong> ripercorre senza filtri gli anni pi\u00f9 bui della sua vita, segnati da difficolt\u00e0 scolastiche, dipendenze, gesti estremi e un lungo percorso nei centri di recupero. \u00abUn passato difficile che oggi \u00e8 superato\u00bb, dice. Tutto \u00e8 iniziato quando, nonostante i buoni voti, non venne ammesso all\u2019esame di terza media: \u00abMi sono accorto che c\u2019era qualcosa di diverso\u00bb. Per anni ha nascosto ai genitori, <strong><a href=\"https:\/\/www.leggo.it\/t\/martina-colombari\" rel=\"nofollow noopener\" target=\"_blank\">Martina Colombari<\/a><\/strong> e <strong><a href=\"https:\/\/www.leggo.it\/t\/billy-costacurta\" rel=\"nofollow noopener\" target=\"_blank\">Billy Costacurta<\/a><\/strong>, i problemi che viveva a scuola.<\/p>\n<p>&#13;<br \/>\n&#13;<br \/>\n&#13;<br \/>\n&#13;<br \/>\nLa storia di Achille&#13;<br \/>\n&#13;<br \/>\n&#13;<br \/>\n&#13;<\/p>\n<p>Al liceo comincia a fumare le canne e finisce denunciato dopo che gli trovano addosso un coltello e un manganello: \u00abLi avevo con me perch\u00e9 ero stato rapinato in metropolitana e volevo farmi trovare preparato\u00bb. <\/p>\n<p>Viene poi trasferito in un centro a Parma, in pieno Covid: \u00abAvevamo 10 sigarette al giorno, sveglia alle 7:30, rifare il letto&#8230;\u00a0Mamma e pap\u00e0 venivano a trovarmi per trasmettermi tranquillit\u00e0, mamma mi scriveva delle lettere\u00bb. La disperazione cresce fino al gesto estremo: tenta il suicidio bevendo sette bottiglie di metadone:\u00a0\u00abL\u2019ho fatto perch\u00e9 non ce la facevo pi\u00f9 a stare l\u00ec dentro dopo due anni\u00bb. Scappa pi\u00f9 volte, finisce in coma, resta un mese in ospedale: \u00abQuando mi sono svegliato, vedevo tubi ovunque e non capivo\u00bb. Racconta di aver \u201cperso ogni emozione\u201d, persino lanciandosi col paracadute: \u00abNon provavo nulla\u00bb.&#13;<br \/>\n&#13;<\/p>\n<p>La svolta arriva in una clinica svizzera, con una nuova terapia antidepressiva che accetta di iniziare solo dopo aver rinunciato alle droghe. Poi la diagnosi di ADHD d\u00e0 finalmente un nome ai suoi scatti d\u2019ira: \u00abMi arrabbio molto con le ingiustizie\u00bb. Come quando un automobilista ha sfiorato lui e la nonna sulle strisce: \u00abCi siamo insultati, mi ha sputato e io mi sono arrabbiato e gli ho rotto la macchina\u00bb.\u00a0<\/p>\n<p>&#13;<br \/>\n&#13;<\/p>\n<p>Oggi Achille sembra essere rinato, con nuovi obiettivi e un rapporto profondo con i genitori.<\/p>\n<p>                                &#13;<br \/>\n                &#13;<br \/>\n&#13;<br \/>\n                Ultimo aggiornamento: domenica 7 dicembre 2025, 18:27&#13;<br \/>\n                <br \/>&#13;<br \/>\n                &#13;<br \/>\n                  &#13;<br \/>\n                    &#13;<br \/>\n                        \u00a9 RIPRODUZIONE RISERVATA&#13;<\/p>\n<p>&#13;<\/p>\n<p>                    &#13;<\/p>\n","protected":false},"excerpt":{"rendered":"&#13; &#13; &#13; &#13; A\u00a0Verissimo, Achille Costacurta ripercorre senza filtri gli anni pi\u00f9 bui della sua vita, segnati&hellip;\n","protected":false},"author":3,"featured_media":250347,"comment_status":"","ping_status":"","sticky":false,"template":"","format":"standard","meta":{"footnotes":""},"categories":[1451],"tags":[115802,1621,1620,203,204,1537,90,89,13780,22839],"class_list":{"0":"post-250346","1":"post","2":"type-post","3":"status-publish","4":"format-standard","5":"has-post-thumbnail","7":"category-celebrita","8":"tag-achille-costacurta","9":"tag-celebrita","10":"tag-celebrities","11":"tag-entertainment","12":"tag-intrattenimento","13":"tag-it","14":"tag-italia","15":"tag-italy","16":"tag-martina-colombari","17":"tag-verissimo"},"share_on_mastodon":{"url":"https:\/\/pubeurope.com\/@it\/115680459030884323","error":""},"_links":{"self":[{"href":"https:\/\/www.europesays.com\/it\/wp-json\/wp\/v2\/posts\/250346","targetHints":{"allow":["GET"]}}],"collection":[{"href":"https:\/\/www.europesays.com\/it\/wp-json\/wp\/v2\/posts"}],"about":[{"href":"https:\/\/www.europesays.com\/it\/wp-json\/wp\/v2\/types\/post"}],"author":[{"embeddable":true,"href":"https:\/\/www.europesays.com\/it\/wp-json\/wp\/v2\/users\/3"}],"replies":[{"embeddable":true,"href":"https:\/\/www.europesays.com\/it\/wp-json\/wp\/v2\/comments?post=250346"}],"version-history":[{"count":0,"href":"https:\/\/www.europesays.com\/it\/wp-json\/wp\/v2\/posts\/250346\/revisions"}],"wp:featuredmedia":[{"embeddable":true,"href":"https:\/\/www.europesays.com\/it\/wp-json\/wp\/v2\/media\/250347"}],"wp:attachment":[{"href":"https:\/\/www.europesays.com\/it\/wp-json\/wp\/v2\/media?parent=250346"}],"wp:term":[{"taxonomy":"category","embeddable":true,"href":"https:\/\/www.europesays.com\/it\/wp-json\/wp\/v2\/categories?post=250346"},{"taxonomy":"post_tag","embeddable":true,"href":"https:\/\/www.europesays.com\/it\/wp-json\/wp\/v2\/tags?post=250346"}],"curies":[{"name":"wp","href":"https:\/\/api.w.org\/{rel}","templated":true}]}}